{"id":17483,"date":"2025-03-06T17:23:05","date_gmt":"2025-03-06T21:23:05","guid":{"rendered":"https:\/\/noticiasveraces.com\/?p=17483"},"modified":"2025-03-06T17:23:05","modified_gmt":"2025-03-06T21:23:05","slug":"problemas-del-pais-europeo-la-prohibicion-de-tiktok-de-un-ano-sobre-las-preocupaciones-de-violencia-juvenil","status":"publish","type":"post","link":"https:\/\/noticiasveraces.com\/?p=17483","title":{"rendered":"Problemas del pa\u00eds europeo La prohibici\u00f3n de Tiktok de un a\u00f1o sobre las preocupaciones de violencia juvenil"},"content":{"rendered":"<p> \n<\/p>\n<div>\n<p class=\"speakable\">El gabinete alban\u00e9s decidi\u00f3 el jueves cerrar a Tiktok durante 12 meses, culpando a la popular plataforma de intercambio de videos por incitar a la violencia y el acoso escolar, especialmente entre los ni\u00f1os.<\/p>\n<p class=\"speakable\">La ministra de Educaci\u00f3n, Ogerta Manastirliu, dijo que los funcionarios est\u00e1n en contacto con Tiktok sobre la instalaci\u00f3n de filtros como el control de los padres, la verificaci\u00f3n de edad y la inclusi\u00f3n del idioma alban\u00e9s en la solicitud.<\/p>\n<p>Las autoridades hab\u00edan realizado 1.300 reuniones con unos 65,000 padres que \u00abrecomendaron y estaban a favor del cierre o limitando la plataforma Tiktok\u00bb, dijo el ministro.<\/p>\n<p>El gabinete inici\u00f3 la mudanza el a\u00f1o pasado despu\u00e9s de que un adolescente apu\u00f1al\u00f3 a otro adolescente en noviembre despu\u00e9s de una disputa que comenz\u00f3 en Tiktok.<\/p>\n<p><strong>Apple y Google Restaurar la capacidad de descargar la aplicaci\u00f3n Tiktok<\/strong><\/p>\n<p>Tiktok no respondi\u00f3 de inmediato a una solicitud para comentar sobre la decisi\u00f3n del gobierno.<\/p>\n<p>Cuando el primer ministro Edi Rama dijo en diciembre que apuntaban a cerrar la plataforma de redes sociales, Tiktok solicit\u00f3 \u00abclaridad urgente del gobierno alban\u00e9s\u00bb en el caso del adolescente apu\u00f1alado.<\/p>\n<p>El jueves, Rama dijo que estaban en un \u00abdi\u00e1logo positivo con la compa\u00f1\u00eda\u00bb y que Tiktok visitar\u00eda al pa\u00eds pronto para ofrecer \u00abuna serie de medidas para aumentar la seguridad para los ni\u00f1os\u00bb.<\/p>\n<div class=\"image-ct inline\">\n<div class=\"m\"><picture><source media=\"(max-width: 767px)\" srcset=\"https:\/\/a57.foxnews.com\/static.foxnews.com\/foxnews.com\/content\/uploads\/2023\/09\/343\/192\/albanian_flag.jpg?ve=1&amp;tl=1, https:\/\/a57.foxnews.com\/static.foxnews.com\/foxnews.com\/content\/uploads\/2023\/09\/686\/384\/albanian_flag.jpg?ve=1&amp;tl=1 2x\" height=\"192\" width=\"343\"><source media=\"(min-width: 768px) and (max-width: 1023px)\" srcset=\"https:\/\/a57.foxnews.com\/static.foxnews.com\/foxnews.com\/content\/uploads\/2023\/09\/672\/378\/albanian_flag.jpg?ve=1&amp;tl=1, https:\/\/a57.foxnews.com\/static.foxnews.com\/foxnews.com\/content\/uploads\/2023\/09\/1344\/756\/albanian_flag.jpg?ve=1&amp;tl=1 2x\" height=\"378\" width=\"672\"><source media=\"(min-width: 1024px) and (max-width: 1279px)\" srcset=\"https:\/\/a57.foxnews.com\/static.foxnews.com\/foxnews.com\/content\/uploads\/2023\/09\/931\/523\/albanian_flag.jpg?ve=1&amp;tl=1, https:\/\/a57.foxnews.com\/static.foxnews.com\/foxnews.com\/content\/uploads\/2023\/09\/1862\/1046\/albanian_flag.jpg?ve=1&amp;tl=1 2x\" height=\"523\" width=\"931\"><source media=\"(min-width: 1280px)\" srcset=\"https:\/\/a57.foxnews.com\/static.foxnews.com\/foxnews.com\/content\/uploads\/2023\/09\/720\/405\/albanian_flag.jpg?ve=1&amp;tl=1, https:\/\/a57.foxnews.com\/static.foxnews.com\/foxnews.com\/content\/uploads\/2023\/09\/1440\/810\/albanian_flag.jpg?ve=1&amp;tl=1 2x\" height=\"405\" width=\"720\"><img loading=\"lazy\" decoding=\"async\" src=\"https:\/\/a57.foxnews.com\/static.foxnews.com\/foxnews.com\/content\/uploads\/2023\/09\/1200\/675\/albanian_flag.jpg?ve=1&amp;tl=1\" alt=\"Bandera albanesa\" width=\"1200\" height=\"675\"\/><\/source><\/source><\/source><\/source><\/picture><\/div>\n<div class=\"info\">\n<div class=\"caption\">\n<p><span>La bandera albanesa vuela en Skopje, Macedonia del Norte (entonces Macedonia), el 28 de noviembre de 2017.<\/span> <span>(Foto de Nake Batev\/Anadolu Agency\/Getty Images)<\/span><\/p>\n<\/div>\n<\/div>\n<\/div>\n<p>La compa\u00f1\u00eda dijo que \u00abno hab\u00eda encontrado evidencia de que el autor o v\u00edctima ten\u00edan cuentas de Tiktok, y de hecho m\u00faltiples informes confirmaron que los videos previos a este incidente se estaban publicando en otra plataforma, no en Tiktok\u00bb.<\/p>\n<p>Los ni\u00f1os albaneses comprenden el grupo m\u00e1s grande de usuarios de Tiktok en el pa\u00eds, seg\u00fan los investigadores.<\/p>\n<p>Ha habido una creciente preocupaci\u00f3n por parte de los padres albaneses despu\u00e9s de los informes de ni\u00f1os inspirados por el contenido en las redes sociales para llevar cuchillos a la escuela, o casos de acoso promovido por las historias que ven en Tiktok.<\/p>\n<p>Las autoridades han aumentado la presencia policial en algunas escuelas y establecen otras medidas, incluidos programas de capacitaci\u00f3n para maestros, estudiantes y sus padres.<\/p>\n<p>La oposici\u00f3n no ha acordado con el cierre de Tiktok y ha establecido el 15 de marzo para una protesta contra el movimiento. Dijo que la prohibici\u00f3n era \u00abun acto de intolerancia, miedo y terror del libre pensamiento y expresi\u00f3n\u00bb.<\/p>\n<p>Tiktok, que es operado por la firma de tecnolog\u00eda china Bytedance, ha enfrentado preguntas en muchos pa\u00edses y se desconect\u00f3 brevemente en los Estados Unidos recientemente para cumplir con una ley que requiere el bytedance para desinvertir la aplicaci\u00f3n o estar prohibido en los Estados Unidos.<\/p>\n<p>La aplicaci\u00f3n suspendi\u00f3 sus servicios en los EE. UU. Por menos de un d\u00eda antes de restaurar el servicio despu\u00e9s de las garant\u00edas de Trump de que posponer los prohibir\u00eda.<\/p>\n<p>A principios de esta semana, dijo el regalos de protecci\u00f3n de datos del Reino Unido estaba investigando c\u00f3mo la aplicaci\u00f3n utiliza la informaci\u00f3n personal de los j\u00f3venes de 13 a 17 a\u00f1os para entregarles recomendaciones de contenido.<\/p>\n<p><strong>Haga clic aqu\u00ed para obtener la aplicaci\u00f3n Fox News<\/strong><\/p>\n<p>La Oficina del Comisionado de Informaci\u00f3n dijo que existen crecientes preocupaciones sobre c\u00f3mo las plataformas de redes sociales estaban utilizando datos generados por la actividad en l\u00ednea de los ni\u00f1os para alimentar sus algoritmos de recomendaci\u00f3n y el potencial para que los j\u00f3venes vean contenido inapropiado o da\u00f1ino como resultado.<\/p>\n<p> <!----> <!----><\/div>\n\n","protected":false},"excerpt":{"rendered":"<p>El gabinete alban\u00e9s decidi\u00f3 el jueves cerrar a Tiktok durante 12 meses, culpando a la popular plataforma de intercambio de videos por incitar a la violencia y el acoso escolar, especialmente entre los ni\u00f1os. La ministra de Educaci\u00f3n, Ogerta Manastirliu, dijo que los funcionarios est\u00e1n en contacto con Tiktok sobre la instalaci\u00f3n de filtros como &hellip;<\/p>\n","protected":false},"author":1,"featured_media":17485,"comment_status":"open","ping_status":"open","sticky":false,"template":"","format":"standard","meta":{"fifu_image_url":"https:\/\/static.foxnews.com\/foxnews.com\/content\/uploads\/2023\/09\/albanian_flag.jpg","fifu_image_alt":"","footnotes":""},"categories":[13],"tags":[],"class_list":["post-17483","post","type-post","status-publish","format-standard","has-post-thumbnail","","category-mundo"],"_links":{"self":[{"href":"https:\/\/noticiasveraces.com\/index.php?rest_route=\/wp\/v2\/posts\/17483","targetHints":{"allow":["GET"]}}],"collection":[{"href":"https:\/\/noticiasveraces.com\/index.php?rest_route=\/wp\/v2\/posts"}],"about":[{"href":"https:\/\/noticiasveraces.com\/index.php?rest_route=\/wp\/v2\/types\/post"}],"author":[{"embeddable":true,"href":"https:\/\/noticiasveraces.com\/index.php?rest_route=\/wp\/v2\/users\/1"}],"replies":[{"embeddable":true,"href":"https:\/\/noticiasveraces.com\/index.php?rest_route=%2Fwp%2Fv2%2Fcomments&post=17483"}],"version-history":[{"count":0,"href":"https:\/\/noticiasveraces.com\/index.php?rest_route=\/wp\/v2\/posts\/17483\/revisions"}],"wp:featuredmedia":[{"embeddable":true,"href":"https:\/\/noticiasveraces.com\/index.php?rest_route=\/wp\/v2\/media\/17485"}],"wp:attachment":[{"href":"https:\/\/noticiasveraces.com\/index.php?rest_route=%2Fwp%2Fv2%2Fmedia&parent=17483"}],"wp:term":[{"taxonomy":"category","embeddable":true,"href":"https:\/\/noticiasveraces.com\/index.php?rest_route=%2Fwp%2Fv2%2Fcategories&post=17483"},{"taxonomy":"post_tag","embeddable":true,"href":"https:\/\/noticiasveraces.com\/index.php?rest_route=%2Fwp%2Fv2%2Ftags&post=17483"}],"curies":[{"name":"wp","href":"https:\/\/api.w.org\/{rel}","templated":true}]}}