{"id":17479,"date":"2025-03-06T15:21:41","date_gmt":"2025-03-06T19:21:41","guid":{"rendered":"https:\/\/noticiasveraces.com\/?p=17479"},"modified":"2025-03-06T15:21:41","modified_gmt":"2025-03-06T19:21:41","slug":"asi-quiere-impulsar-la-ue-la-industria-europea-del-automovil-dw-06-03-2025","status":"publish","type":"post","link":"https:\/\/noticiasveraces.com\/?p=17479","title":{"rendered":"As\u00ed Quiere Impulsar La Ue La Industria Europea del Autom\u00f3vil &#8211; DW &#8211; 06\/03\/2025"},"content":{"rendered":"<p> \n<\/p>\n<div>\n<p>La comisi\u00f3n europea ha presente un plan de accion para la industria automotriz europea, \u00abque garantizar\u00e1 que los fabricantes europeos de autom\u00f3viles, los probedores y sus prestadores de servicios asociados sigan siendo innovadores, competitivos y firememento ancladas en europa\u00bb, Declar\u00f3 de la jerga, la competencia, la competencia de la competencia, la empresa de la competencia, la empresa de la ferina de la ferina \u00ab\u00bb, Declar\u00f3 a la prensa de la competencia, la competencia, la competencia, la competencia de la competencia, la competencia de la ferina de la figura de la figura de la competencia. Transporte Sostenible de la Ue, Apostolos tzitzikostas.<\/p>\n<p>LA Industria Autopilystica Representa en Total El 7 Por Ciento de la Producci\u00f3n Econ\u00f3mica Europea y Da Empleso A Unos 14 Millones de Personas. La Comisi\u00f3n Cree que el Sector se Encuentra en Un Punto de Inflexi\u00f3n Crito Debido A Los R\u00e1pidos Cambios Tecnol\u00f3gicos Ya La Creciente Competencia.<\/p>\n<p>Los Competidores Chinos Son Los Que M\u00e1s Presi\u00f3n Ejercen. Mientras que los Fabricantes Europeos de AUTOS EL\u00cdCRICOS APENAS TIENEN Por ootro lado, la amenaza de ee. Uu. De Imponer Aranceles Punitivos Al Acero y Al Aluminio Tambi\u00e9n Preocupa A Los Fabricantes, Que Temen Subidas de Precios.<\/p>\n<h2>VEH\u00cdCULOS DE \u00abPROMAMA GENERACIO\u00bb<\/h2>\n<p>La Comisi\u00f3n Europea se Ha Basado en conversaciones Con representantes de la Industria Automovil\u00ednstica para Elaborar el Plan, Cuyo Objetivo es que el Sector Est\u00e9 Preparado para El Futuro.<\/p>\n<p>La Comisi\u00f3n Quiere Asegurarse de Que est\u00e1 Industria No se quede atr\u00e1s en Tecnolog\u00edas Clave como la Inteligencia Artificial, por lo que tiene intenci\u00f3n de reuni\u00f3n a las partes interesadas que est\u00e1n desarrollando los veh\u00edculos de \u00abpr\u00f3nax de\u00bb pr\u00f3nax \u00ab.<\/p>\n<h2>Fomentar la demanda de autos el\u00e9ctricos<\/h2>\n<p>En la actualidad, solo el 15 por ciento de los veh\u00edculos de los veh\u00edculos nuevos vendidos en la ue son el\u00e9ctricos. Para Fomentar la demanda de Coches de Emisiones Cero, La Comisi\u00f3n Quiere Debatir Con los Estados Miembros Sistemas de Incentivos, Como Ventajes fiscales.<\/p>\n<p>La Comisi\u00f3n Europea tambi\u00e9n anunci\u00f3 su intenci\u00f3n de promover un sistema de \u00abArrendAmiento social\u00bb, lo que permitir\u00eda a Los Ciudadanos con Menos Ingresos Beniciarse de la ElectroMovilidad. Francia, Por Ejemplo, HA INTRUCIDO UN MODOLO DE ESTE TUPO.<\/p>\n<h2>Flexibilidad en los L\u00cdurites de emisiones<\/h2>\n<p>LA Presidente de la Comisi\u00f3n Europea, Ursula von der Leyen, ha anunciando que quiere hacer algunas consultas a una industria flexibilizando los l\u00edmites de emisiones de co2.<\/p>\n<p>Hasta el Momento, lo que est\u00e1 previsto es que, si un fabricante supera los valores estipulados por a\u00f1o, se le imponga santificaciones. Lo que ahora quiere la comisi\u00f3n europea es dar a los fabricantes la posibilidad de compensar los l\u00cdmites del a\u00f1o en curso con los de los a\u00f1os sucesivos, medida que permitir\u00eda evitar las sanciones este a\u00f1o. El Parlamento y El Consejo de la Ue Deben Decidirlo en una propuesta legislativa.<\/p>\n<figure class=\"placeholder-image master_landscape big\"><img data-format=\"MASTER_LANDSCAPE\" data-id=\"71838276\" data-url=\"https:\/\/static.dw.com\/image\/71838276_${formatId}.jpg\" data-aspect-ratio=\"16\/9\" alt=\"Tzitzikostas Hablando Ante Un Micr\u00f3fono.\" style=\"padding-bottom: 56.25%; height: 0; max-height: 0;\"\/><figcaption class=\"img-caption\">Apostolos Tzitzikostas, Comisario Europe de Transporte, Presente el Plan de la Ue para la Industria AutoStica.<small class=\"copyright\">Imagen: Sacha Leon\/Le Pictorium\/Maxppp\/Picture Alliance<\/small><\/figcaption><\/figure>\n<p>ESTA DEBE SER LA \u00ab\u00daLTIMA CONCESI\u00d3N A LA INDUSTRIA AUTOMOVIL\u00cdSTICA\u00bb, HA ADVENTIO, POR SU PARTE, LA ORGIENACI\u00d3N <em>Transporte y medio ambiente<\/em>Que Hace Campa\u00f1a en favor del transporte sostenible.<\/p>\n<p>\u00abNo es un regalo a los fabricantes de autom\u00f3viles, sino algo necesario para mantener el Cambio en Marcha\u00bb, Ha Valorado al Respeto Sigrid de Vries, Director General de la Asociaci\u00f3n de Constructores Europeos de Autom\u00f3viles (acea). En una conferencia de prensa, de vries alab\u00f3 el plan y el di\u00e1logo previo con la comisi\u00f3n como \u00abSe\u00f1al de la creciente concienciacia\u00bb Sobre los retos a los que se enfrenta la industria.<\/p>\n<p><span data-slot-id=\"Article_InContent-1\" class=\"rich-text-ad\"\/><\/p>\n<h2>\u00bfEl fin del motor de combusti\u00f3n?<\/h2>\n<p>Hasta Ahora, Estaba Previsto Que, un Partir de 2035, no vendedora de Pudieran en la Ue M\u00e1s Veh\u00edculos Nueva Previsto, concretamento este a\u00f1o y no en 2026.<\/p>\n<p>Seg\u00fan \u00c9l, este no supone que se abandone la prohibici\u00f3n de los autos de combusti\u00f3n, y argumento que la revisi\u00f3nico va a un centro en si el objetivo de autos nuevos con cero emisiones pude alcanzars tambi\u00e9nn con coneutolos tecnolog\u00edas, coma e-cerobles.<\/p>\n<p>Sectores de heno Amplios del Conservador Partido Popular Europe, al Que Pertenece la Presidente de la Comisi\u00f3n, Ursula von der Leyen, Que Quieren Anular La Prohibici\u00f3n de los Motores de Combusti\u00f3n, Con el Objetivo de Dar M\u00e1s Tiempo a Los Fabricantes de Autom\u00f3viles.<\/p>\n<p>Por su parte, La organizaci\u00f3n <em>Transporte y medio ambiente <\/em>Advierte que los legisladores no depen a las presiones de la industria automovil\u00edstica a la hora de revisar los valores l\u00edmite. Y da un dato IMPORTANTE: LOS AUTOS, FURGONETAS Y CAMIONES SON REALMENTO Responsables del 22 por ciento de las emisiones de gases de efecto invernadero en la ue.<\/p>\n<h2>Fabricar Bater\u00edas en Europa<\/h2>\n<p>La ue tambi\u00e9n quiere garantizar que las bater\u00edas para coches el\u00e9ctricos producidas en europa sean competitivas. Para Ello se Destinar\u00e1n fondos y una propuesta legislativa especific\u00e1 que los componentes de las bater\u00edas procedimiento Deben de la ue.<\/p>\n<p>Partir de 2026, Tambi\u00e9n se Crear\u00e1 una organizaci\u00f3n para la para el ayudar de los fabricantes de autom\u00f3viles un materias obtenero primas. Para Ello se Destinar\u00e1n 1.800 Millones de Euros A Un fondo de innovaci\u00f3n.<\/p>\n<p>(MS\/ER)<\/p>\n<\/p>\n<\/div>\n\n","protected":false},"excerpt":{"rendered":"<p>La comisi\u00f3n europea ha presente un plan de accion para la industria automotriz europea, \u00abque garantizar\u00e1 que los fabricantes europeos de autom\u00f3viles, los probedores y sus prestadores de servicios asociados sigan siendo innovadores, competitivos y firememento ancladas en europa\u00bb, Declar\u00f3 de la jerga, la competencia, la competencia de la competencia, la empresa de la competencia, &hellip;<\/p>\n","protected":false},"author":1,"featured_media":17480,"comment_status":"open","ping_status":"open","sticky":false,"template":"","format":"standard","meta":{"fifu_image_url":"https:\/\/static.dw.com\/image\/71520941_6.jpg","fifu_image_alt":"","footnotes":""},"categories":[13],"tags":[],"class_list":["post-17479","post","type-post","status-publish","format-standard","has-post-thumbnail","","category-mundo"],"_links":{"self":[{"href":"https:\/\/noticiasveraces.com\/index.php?rest_route=\/wp\/v2\/posts\/17479","targetHints":{"allow":["GET"]}}],"collection":[{"href":"https:\/\/noticiasveraces.com\/index.php?rest_route=\/wp\/v2\/posts"}],"about":[{"href":"https:\/\/noticiasveraces.com\/index.php?rest_route=\/wp\/v2\/types\/post"}],"author":[{"embeddable":true,"href":"https:\/\/noticiasveraces.com\/index.php?rest_route=\/wp\/v2\/users\/1"}],"replies":[{"embeddable":true,"href":"https:\/\/noticiasveraces.com\/index.php?rest_route=%2Fwp%2Fv2%2Fcomments&post=17479"}],"version-history":[{"count":0,"href":"https:\/\/noticiasveraces.com\/index.php?rest_route=\/wp\/v2\/posts\/17479\/revisions"}],"wp:featuredmedia":[{"embeddable":true,"href":"https:\/\/noticiasveraces.com\/index.php?rest_route=\/wp\/v2\/media\/17480"}],"wp:attachment":[{"href":"https:\/\/noticiasveraces.com\/index.php?rest_route=%2Fwp%2Fv2%2Fmedia&parent=17479"}],"wp:term":[{"taxonomy":"category","embeddable":true,"href":"https:\/\/noticiasveraces.com\/index.php?rest_route=%2Fwp%2Fv2%2Fcategories&post=17479"},{"taxonomy":"post_tag","embeddable":true,"href":"https:\/\/noticiasveraces.com\/index.php?rest_route=%2Fwp%2Fv2%2Ftags&post=17479"}],"curies":[{"name":"wp","href":"https:\/\/api.w.org\/{rel}","templated":true}]}}