{"id":17432,"date":"2025-03-06T09:10:34","date_gmt":"2025-03-06T13:10:34","guid":{"rendered":"https:\/\/noticiasveraces.com\/?p=17432"},"modified":"2025-03-06T09:10:34","modified_gmt":"2025-03-06T13:10:34","slug":"el-diplomatico-de-nueva-zelanda-disparo-sobre-la-pregunta-sobre-trump","status":"publish","type":"post","link":"https:\/\/noticiasveraces.com\/?p=17432","title":{"rendered":"El diplom\u00e1tico de Nueva Zelanda dispar\u00f3 sobre la pregunta sobre Trump"},"content":{"rendered":"<p> \n<\/p>\n<div>\n<p class=\"speakable\">El diplom\u00e1tico m\u00e1s alto del Reino Unido de Nueva Zelanda fue despedido despu\u00e9s de parecer cuestionar la comprensi\u00f3n del presidente Donald Trump sobre la historia y su manejo de Rusia. El incidente tuvo lugar durante un evento organizado por Chatham House, un grupo de expertos en Londres.<\/p>\n<p class=\"speakable\">Phil Goff, quien se desempe\u00f1aba como el Alto Comisionado de Nueva Zelanda en el Reino Unido, aparentemente trat\u00f3 de contraste entre el manejo de Winston Churchill de Alemania nazi y el enfoque de Trump sobre Rusia. <\/p>\n<div class=\"image-ct inline\">\n<div class=\"m\"><picture><source media=\"(max-width: 767px)\" srcset=\"https:\/\/a57.foxnews.com\/static.foxnews.com\/foxnews.com\/content\/uploads\/2025\/03\/343\/192\/phil-goff.jpg?ve=1&amp;tl=1, https:\/\/a57.foxnews.com\/static.foxnews.com\/foxnews.com\/content\/uploads\/2025\/03\/686\/384\/phil-goff.jpg?ve=1&amp;tl=1 2x\" height=\"192\" width=\"343\"><source media=\"(min-width: 768px) and (max-width: 1023px)\" srcset=\"https:\/\/a57.foxnews.com\/static.foxnews.com\/foxnews.com\/content\/uploads\/2025\/03\/672\/378\/phil-goff.jpg?ve=1&amp;tl=1, https:\/\/a57.foxnews.com\/static.foxnews.com\/foxnews.com\/content\/uploads\/2025\/03\/1344\/756\/phil-goff.jpg?ve=1&amp;tl=1 2x\" height=\"378\" width=\"672\"><source media=\"(min-width: 1024px) and (max-width: 1279px)\" srcset=\"https:\/\/a57.foxnews.com\/static.foxnews.com\/foxnews.com\/content\/uploads\/2025\/03\/931\/523\/phil-goff.jpg?ve=1&amp;tl=1, https:\/\/a57.foxnews.com\/static.foxnews.com\/foxnews.com\/content\/uploads\/2025\/03\/1862\/1046\/phil-goff.jpg?ve=1&amp;tl=1 2x\" height=\"523\" width=\"931\"><source media=\"(min-width: 1280px)\" srcset=\"https:\/\/a57.foxnews.com\/static.foxnews.com\/foxnews.com\/content\/uploads\/2025\/03\/720\/405\/phil-goff.jpg?ve=1&amp;tl=1, https:\/\/a57.foxnews.com\/static.foxnews.com\/foxnews.com\/content\/uploads\/2025\/03\/1440\/810\/phil-goff.jpg?ve=1&amp;tl=1 2x\" height=\"405\" width=\"720\"><img loading=\"lazy\" decoding=\"async\" src=\"https:\/\/a57.foxnews.com\/static.foxnews.com\/foxnews.com\/content\/uploads\/2025\/03\/1200\/675\/phil-goff.jpg?ve=1&amp;tl=1\" alt=\"El ex Alto Comisionado de Nueva Zelanda al Reino Unido Phil Goff\" width=\"1200\" height=\"675\"\/><\/source><\/source><\/source><\/source><\/picture><\/div>\n<div class=\"info\">\n<div class=\"caption\">\n<p><span>El entonces comisionado de Nueva Zelanda al Reino Unido Phil Goff habla en un servicio de conmemoraci\u00f3n el d\u00eda de Anzac en Westminster Abbey, Londres, Gran Breta\u00f1a, el 25 de abril de 2024.<\/span> <span>(Reuters\/Belinda Jiao\/Pool\/File Photo)<\/span><\/p>\n<\/div>\n<\/div>\n<\/div>\n<p><strong>El primer ministro del Reino Unido presenta el marco de la paz de Ucrania mientras Zelenskyy responde a las llamadas de renuncia<\/strong><\/p>\n<p>El funcionario de Nueva Zelanda dijo que estaba volviendo a leer un famoso discurso de Churchill de 1938 en el que el l\u00edder brit\u00e1nico explota la decisi\u00f3n del entonces primer ministro Neville Chamberlain de firmar el acuerdo de Munich con Adolf Hitler. <\/p>\n<p>\u00abEl presidente Trump ha restaurado el busto de Churchill a la Oficina Oval. \u00bfPero cree que realmente entiende la historia?\u00bb, Pregunt\u00f3 Goff, la ministra de Relaciones Exteriores, Elina Valtonen, haciendo referencia al busto visto durante el acalorado intercambio del presidente Trump con el presidente ucraniano Volodymyr Zelenskyy.<\/p>\n<p>Valtonen parec\u00eda inc\u00f3modo con la pregunta, diciendo que se \u00ablimitar\u00eda\u00bb a s\u00ed misma en su respuesta. En lugar de decir algo sobre Trump, el funcionario finland\u00e9s dijo que muchos de los comentarios de Churchill eran \u00abatemporales\u00bb.<\/p>\n<div class=\"image-ct inline\">\n<div class=\"m\"><picture><source media=\"(max-width: 767px)\" srcset=\"https:\/\/a57.foxnews.com\/static.foxnews.com\/foxnews.com\/content\/uploads\/2025\/02\/343\/192\/zeltrump.png?ve=1&amp;tl=1, https:\/\/a57.foxnews.com\/static.foxnews.com\/foxnews.com\/content\/uploads\/2025\/02\/686\/384\/zeltrump.png?ve=1&amp;tl=1 2x\" height=\"192\" width=\"343\"><source media=\"(min-width: 768px) and (max-width: 1023px)\" srcset=\"https:\/\/a57.foxnews.com\/static.foxnews.com\/foxnews.com\/content\/uploads\/2025\/02\/672\/378\/zeltrump.png?ve=1&amp;tl=1, https:\/\/a57.foxnews.com\/static.foxnews.com\/foxnews.com\/content\/uploads\/2025\/02\/1344\/756\/zeltrump.png?ve=1&amp;tl=1 2x\" height=\"378\" width=\"672\"><source media=\"(min-width: 1024px) and (max-width: 1279px)\" srcset=\"https:\/\/a57.foxnews.com\/static.foxnews.com\/foxnews.com\/content\/uploads\/2025\/02\/931\/523\/zeltrump.png?ve=1&amp;tl=1, https:\/\/a57.foxnews.com\/static.foxnews.com\/foxnews.com\/content\/uploads\/2025\/02\/1862\/1046\/zeltrump.png?ve=1&amp;tl=1 2x\" height=\"523\" width=\"931\"><source media=\"(min-width: 1280px)\" srcset=\"https:\/\/a57.foxnews.com\/static.foxnews.com\/foxnews.com\/content\/uploads\/2025\/02\/720\/405\/zeltrump.png?ve=1&amp;tl=1, https:\/\/a57.foxnews.com\/static.foxnews.com\/foxnews.com\/content\/uploads\/2025\/02\/1440\/810\/zeltrump.png?ve=1&amp;tl=1 2x\" height=\"405\" width=\"720\"><img loading=\"lazy\" decoding=\"async\" src=\"https:\/\/a57.foxnews.com\/static.foxnews.com\/foxnews.com\/content\/uploads\/2025\/02\/1200\/675\/zeltrump.png?ve=1&amp;tl=1\" alt=\"Trump y Zelenskyy\" width=\"1200\" height=\"675\"\/><\/source><\/source><\/source><\/source><\/picture><\/div>\n<div class=\"info\">\n<div class=\"caption\">\n<p><span>El presidente de los Estados Unidos, Donald Trump (c) y el vicepresidente JD Vance, se re\u00fanen con el presidente ucraniano Volodymyr Zelensky en la Oficina Oval de la Casa Blanca el 28 de febrero de 2025 en Washington, DC<\/span> <span>(Andrew Harnik\/Getty Images)<\/span><\/p>\n<\/div>\n<\/div>\n<\/div>\n<p><strong>La administraci\u00f3n de Biden defiende la eliminaci\u00f3n de la estatua de Churchill de la Oficina Oval<\/strong><\/p>\n<p>Al hablar con los medios de comunicaci\u00f3n, el ministro de Relaciones Exteriores de Nueva Zelanda, Winston Peters, quien despidi\u00f3 a Goff, calific\u00f3 la pregunta del diplom\u00e1tico \u00abprofundamente decepcionante\u00bb. Tambi\u00e9n dijo que hizo que \u00absu posici\u00f3n como Alto Comisionado para Londres fuera insostenible\u00bb.<\/p>\n<p>Peters calific\u00f3 el despido de Goff \u00abuna de las cosas m\u00e1s dif\u00edciles\u00bb que ha tenido que hacer en su carrera. Tambi\u00e9n dijo que si el ex Alto Comisionado hiciera la declaraci\u00f3n sobre cualquier otra naci\u00f3n, habr\u00eda sido \u00abobligado a actuar\u00bb, lo que implica que el disparo no fue porque Goff insult\u00f3 espec\u00edficamente a Trump. <\/p>\n<div class=\"image-ct inline\">\n<div class=\"m\"><picture><source media=\"(max-width: 767px)\" srcset=\"https:\/\/a57.foxnews.com\/static.foxnews.com\/foxnews.com\/content\/uploads\/2025\/03\/343\/192\/winston-peters.jpg?ve=1&amp;tl=1, https:\/\/a57.foxnews.com\/static.foxnews.com\/foxnews.com\/content\/uploads\/2025\/03\/686\/384\/winston-peters.jpg?ve=1&amp;tl=1 2x\" height=\"192\" width=\"343\"><source media=\"(min-width: 768px) and (max-width: 1023px)\" srcset=\"https:\/\/a57.foxnews.com\/static.foxnews.com\/foxnews.com\/content\/uploads\/2025\/03\/672\/378\/winston-peters.jpg?ve=1&amp;tl=1, https:\/\/a57.foxnews.com\/static.foxnews.com\/foxnews.com\/content\/uploads\/2025\/03\/1344\/756\/winston-peters.jpg?ve=1&amp;tl=1 2x\" height=\"378\" width=\"672\"><source media=\"(min-width: 1024px) and (max-width: 1279px)\" srcset=\"https:\/\/a57.foxnews.com\/static.foxnews.com\/foxnews.com\/content\/uploads\/2025\/03\/931\/523\/winston-peters.jpg?ve=1&amp;tl=1, https:\/\/a57.foxnews.com\/static.foxnews.com\/foxnews.com\/content\/uploads\/2025\/03\/1862\/1046\/winston-peters.jpg?ve=1&amp;tl=1 2x\" height=\"523\" width=\"931\"><source media=\"(min-width: 1280px)\" srcset=\"https:\/\/a57.foxnews.com\/static.foxnews.com\/foxnews.com\/content\/uploads\/2025\/03\/720\/405\/winston-peters.jpg?ve=1&amp;tl=1, https:\/\/a57.foxnews.com\/static.foxnews.com\/foxnews.com\/content\/uploads\/2025\/03\/1440\/810\/winston-peters.jpg?ve=1&amp;tl=1 2x\" height=\"405\" width=\"720\"><img loading=\"lazy\" decoding=\"async\" src=\"https:\/\/a57.foxnews.com\/static.foxnews.com\/foxnews.com\/content\/uploads\/2025\/03\/1200\/675\/winston-peters.jpg?ve=1&amp;tl=1\" alt=\"Winston Peters\" width=\"1200\" height=\"675\"\/><\/source><\/source><\/source><\/source><\/picture><\/div>\n<div class=\"info\">\n<div class=\"caption\">\n<p><span>El ministro de Relaciones Exteriores de Nueva Zelanda, Winston Peters, asiste a una conferencia de prensa, luego de su reuni\u00f3n con el ministro de Relaciones Exteriores de China, Wang Yi, en Beijing, China, el 26 de febrero de 2025. <\/span> <span>(Reuters\/Laurie Chen\/Pool)<\/span><\/p>\n<\/div>\n<\/div>\n<\/div>\n<p><strong><u>Haga clic aqu\u00ed para obtener la aplicaci\u00f3n Fox News<\/u><\/strong><\/p>\n<p>\u00abCuando est\u00e1s en esa posici\u00f3n, representa las opiniones del gobierno y las pol\u00edticas del d\u00eda: no puedes pensar liberando, eres la cara de Nueva Zelanda\u00bb, dijo Peters a la prensa el jueves.<\/p>\n<p>Goff ha tenido una carrera pol\u00edtica hist\u00f3rica y ha servido como ministro de Relaciones Exteriores, l\u00edder del Partido Laborista y alcalde de Auckland. Fue nombrado para su puesto como Alto Comisionado del Reino Unido en 2022.<\/p>\n<p> <!----> <\/p>\n<div class=\"article-meta\">\n<div class=\"author-bio\">\n<p>Rachel Wolf es una escritora de noticias de Fox News Digital y Fox Business.<\/p>\n<\/div>\n<\/div>\n<\/div>\n\n","protected":false},"excerpt":{"rendered":"<p>El diplom\u00e1tico m\u00e1s alto del Reino Unido de Nueva Zelanda fue despedido despu\u00e9s de parecer cuestionar la comprensi\u00f3n del presidente Donald Trump sobre la historia y su manejo de Rusia. El incidente tuvo lugar durante un evento organizado por Chatham House, un grupo de expertos en Londres. Phil Goff, quien se desempe\u00f1aba como el Alto &hellip;<\/p>\n","protected":false},"author":1,"featured_media":17434,"comment_status":"open","ping_status":"open","sticky":false,"template":"","format":"standard","meta":{"fifu_image_url":"https:\/\/static.foxnews.com\/foxnews.com\/content\/uploads\/2025\/03\/phil-goff.jpg","fifu_image_alt":"","footnotes":""},"categories":[13],"tags":[],"class_list":["post-17432","post","type-post","status-publish","format-standard","has-post-thumbnail","","category-mundo"],"_links":{"self":[{"href":"https:\/\/noticiasveraces.com\/index.php?rest_route=\/wp\/v2\/posts\/17432","targetHints":{"allow":["GET"]}}],"collection":[{"href":"https:\/\/noticiasveraces.com\/index.php?rest_route=\/wp\/v2\/posts"}],"about":[{"href":"https:\/\/noticiasveraces.com\/index.php?rest_route=\/wp\/v2\/types\/post"}],"author":[{"embeddable":true,"href":"https:\/\/noticiasveraces.com\/index.php?rest_route=\/wp\/v2\/users\/1"}],"replies":[{"embeddable":true,"href":"https:\/\/noticiasveraces.com\/index.php?rest_route=%2Fwp%2Fv2%2Fcomments&post=17432"}],"version-history":[{"count":0,"href":"https:\/\/noticiasveraces.com\/index.php?rest_route=\/wp\/v2\/posts\/17432\/revisions"}],"wp:featuredmedia":[{"embeddable":true,"href":"https:\/\/noticiasveraces.com\/index.php?rest_route=\/wp\/v2\/media\/17434"}],"wp:attachment":[{"href":"https:\/\/noticiasveraces.com\/index.php?rest_route=%2Fwp%2Fv2%2Fmedia&parent=17432"}],"wp:term":[{"taxonomy":"category","embeddable":true,"href":"https:\/\/noticiasveraces.com\/index.php?rest_route=%2Fwp%2Fv2%2Fcategories&post=17432"},{"taxonomy":"post_tag","embeddable":true,"href":"https:\/\/noticiasveraces.com\/index.php?rest_route=%2Fwp%2Fv2%2Ftags&post=17432"}],"curies":[{"name":"wp","href":"https:\/\/api.w.org\/{rel}","templated":true}]}}