{"id":17429,"date":"2025-03-06T08:09:32","date_gmt":"2025-03-06T12:09:32","guid":{"rendered":"https:\/\/noticiasveraces.com\/?p=17429"},"modified":"2025-03-06T08:09:32","modified_gmt":"2025-03-06T12:09:32","slug":"pausa-en-la-ayuda-extranjera-de-los-estados-unidos-tiene-la-onu-en-panico-sobre-los-recortes-de-fondos-futuros","status":"publish","type":"post","link":"https:\/\/noticiasveraces.com\/?p=17429","title":{"rendered":"Pausa en la ayuda extranjera de los Estados Unidos tiene la ONU en p\u00e1nico sobre los recortes de fondos futuros"},"content":{"rendered":"<p> \n<\/p>\n<div>\n<div class=\"article-gating gated-overlay show-gate\">\n<div class=\"article-gating-wrapper\">\n<p>\u00danase a Fox News para acceder a este contenido<\/p>\n<p>Has alcanzado su n\u00famero m\u00e1ximo de art\u00edculos. Inicie sesi\u00f3n o cree una cuenta de forma gratuita para continuar leyendo.<\/p>\n<div class=\"article-gating-legal tablet-desktop\">Al ingresar su correo electr\u00f3nico y presionar continuar, usted acepta los t\u00e9rminos de uso y la pol\u00edtica de privacidad de Fox News, que incluye nuestro aviso de incentivo financiero.\n    <\/div>\n<p><span>Por favor, introduce una direcci\u00f3n de correo electr\u00f3nico v\u00e1lida.<\/span><\/p>\n<footer class=\"article-gating-footer\">\u00bfTiene problemas? Haga clic aqu\u00ed.<\/footer>\n<\/div>\n<\/div>\n<p class=\"speakable\">M\u00faltiples fuentes le dijeron a Fox News Digital que el Departamento de Comunicaciones Globales de la ONU puede ser un objetivo para la reforma e incluso los recortes de fondos, ya que a menudo est\u00e1 en desacuerdo con los Estados Unidos e Israel.<\/p>\n<p class=\"speakable\">Los llamados a la reforma se producen un mes despu\u00e9s de que el presidente Donald Trump firm\u00f3 una orden ejecutiva que pidi\u00f3 una revisi\u00f3n de fondos para la ONU en ese momento, Trump dijo que el cuerpo mundial \u00abtiene un enorme potencial,\u00bb pero \u00abno est\u00e1 bien administrado\u00bb. <\/p>\n<p>La semana pasada, el Secretario General de las Naciones Unidas, Antonio Guterres, advirti\u00f3 sobre los recortes para gastar en la ONU, afirmando que \u00abpasar con recortes de financiaci\u00f3n recientes har\u00e1 que el mundo sea menos saludable, menos seguro y menos pr\u00f3spero\u00bb.<\/p>\n<p>Hasta ahora, Trump ha detenido nuevos fondos a la Administraci\u00f3n de Alivio y Obras de las Naciones Unidas para los Refugiados Palestinos en el Cercano Oriente (UNRWA) y retir\u00f3 a los Estados Unidos del Consejo de Derechos Humanos de la ONU. El 27 de febrero, Estados Unidos tambi\u00e9n rescindi\u00f3 $ 377 millones en subvenciones con el Fondo de Poblaci\u00f3n de las Naciones Unidas, que ofrece servicios de salud sexual y reproductiva en 150 pa\u00edses.<\/p>\n<p><strong>Trump nos interrumpe del Consejo de Derechos Humanos de la ONU, proh\u00edbe la financiaci\u00f3n de UNRWA<\/strong><\/p>\n<div class=\"image-ct inline\">\n<div class=\"m\"><picture><source media=\"(max-width: 767px)\" srcset=\"https:\/\/a57.foxnews.com\/static.foxnews.com\/foxnews.com\/content\/uploads\/2024\/09\/343\/192\/GettyImages-1170721494.jpg?ve=1&amp;tl=1, https:\/\/a57.foxnews.com\/static.foxnews.com\/foxnews.com\/content\/uploads\/2024\/09\/686\/384\/GettyImages-1170721494.jpg?ve=1&amp;tl=1 2x\" height=\"192\" width=\"343\"><source media=\"(min-width: 768px) and (max-width: 1023px)\" srcset=\"https:\/\/a57.foxnews.com\/static.foxnews.com\/foxnews.com\/content\/uploads\/2024\/09\/672\/378\/GettyImages-1170721494.jpg?ve=1&amp;tl=1, https:\/\/a57.foxnews.com\/static.foxnews.com\/foxnews.com\/content\/uploads\/2024\/09\/1344\/756\/GettyImages-1170721494.jpg?ve=1&amp;tl=1 2x\" height=\"378\" width=\"672\"><source media=\"(min-width: 1024px) and (max-width: 1279px)\" srcset=\"https:\/\/a57.foxnews.com\/static.foxnews.com\/foxnews.com\/content\/uploads\/2024\/09\/931\/523\/GettyImages-1170721494.jpg?ve=1&amp;tl=1, https:\/\/a57.foxnews.com\/static.foxnews.com\/foxnews.com\/content\/uploads\/2024\/09\/1862\/1046\/GettyImages-1170721494.jpg?ve=1&amp;tl=1 2x\" height=\"523\" width=\"931\"><source media=\"(min-width: 1280px)\" srcset=\"https:\/\/a57.foxnews.com\/static.foxnews.com\/foxnews.com\/content\/uploads\/2024\/09\/720\/405\/GettyImages-1170721494.jpg?ve=1&amp;tl=1, https:\/\/a57.foxnews.com\/static.foxnews.com\/foxnews.com\/content\/uploads\/2024\/09\/1440\/810\/GettyImages-1170721494.jpg?ve=1&amp;tl=1 2x\" height=\"405\" width=\"720\"><img loading=\"lazy\" decoding=\"async\" src=\"https:\/\/a57.foxnews.com\/static.foxnews.com\/foxnews.com\/content\/uploads\/2024\/09\/1200\/675\/GettyImages-1170721494.jpg?ve=1&amp;tl=1\" alt=\"Asamblea General de la ONU\" width=\"1200\" height=\"675\"\/><\/source><\/source><\/source><\/source><\/picture><\/div>\n<div class=\"info\">\n<div class=\"caption\">\n<p><span>Archivo: El presidente de los Estados Unidos, Donald Trump, se dirige a la Asamblea General de las Naciones Unidas durante su primer mandato el 24 de septiembre de 2019 en la ciudad de Nueva York. <\/span> <span>(Drew Angerer\/Getty Images)<\/span><\/p>\n<\/div>\n<\/div>\n<\/div>\n<p>Los casi 700 empleados de la Rama de Medios de la ONU tienen la tarea de \u00abaprovechar el poder de las comunicaciones para contar la historia de las Naciones Unidas al p\u00fablico global en m\u00faltiples idiomas y plataformas para movilizar la acci\u00f3n en apoyo de la agenda de las Naciones Unidas\u00bb.<\/p>\n<p>Anne Bayefsky, directora del Instituto de Derechos Humanos de Touro y el Holocausto y Presidenta de Voces de Derechos Humanos, dijo a Fox News Digital que, a trav\u00e9s del departamento, \u00abel contribuyente estadounidense paga a la ONU para contratar expertos en medios y hacer relaciones p\u00fablicas con el prop\u00f3sito de volar la basura antiamericana y antisemita alrededor del mundo\u00bb.<\/p>\n<p>Cuando se le pregunt\u00f3 si la financiaci\u00f3n del Departamento de Comunicaciones Globales atiende a los intereses de los Estados Unidos, un portavoz de la ONU le dijo a Fox News Digital que el departamento realiza una divulgaci\u00f3n de medios, opera como un peri\u00f3dico y alberga la Biblioteca DAG Hammarskj\u00f6ld.  <\/p>\n<p>El portavoz explic\u00f3 que muchos del personal del Departamento de Comunicaciones Globales est\u00e1n \u00abcon sede en 59 centros de informaci\u00f3n de la ONU en todo el mundo, que se comunican sobre la ONU y la voluntad colectiva de sus estados miembros en los idiomas locales, m\u00e1s cerca de las personas que la ONU sirve\u00bb. <\/p>\n<div class=\"image-ct inline\">\n<div class=\"m\"><picture><source media=\"(max-width: 767px)\" srcset=\"https:\/\/a57.foxnews.com\/static.foxnews.com\/foxnews.com\/content\/uploads\/2024\/06\/343\/192\/Israel-Palestinians.jpg?ve=1&amp;tl=1, https:\/\/a57.foxnews.com\/static.foxnews.com\/foxnews.com\/content\/uploads\/2024\/06\/686\/384\/Israel-Palestinians.jpg?ve=1&amp;tl=1 2x\" height=\"192\" width=\"343\"><source media=\"(min-width: 768px) and (max-width: 1023px)\" srcset=\"https:\/\/a57.foxnews.com\/static.foxnews.com\/foxnews.com\/content\/uploads\/2024\/06\/672\/378\/Israel-Palestinians.jpg?ve=1&amp;tl=1, https:\/\/a57.foxnews.com\/static.foxnews.com\/foxnews.com\/content\/uploads\/2024\/06\/1344\/756\/Israel-Palestinians.jpg?ve=1&amp;tl=1 2x\" height=\"378\" width=\"672\"><source media=\"(min-width: 1024px) and (max-width: 1279px)\" srcset=\"https:\/\/a57.foxnews.com\/static.foxnews.com\/foxnews.com\/content\/uploads\/2024\/06\/931\/523\/Israel-Palestinians.jpg?ve=1&amp;tl=1, https:\/\/a57.foxnews.com\/static.foxnews.com\/foxnews.com\/content\/uploads\/2024\/06\/1862\/1046\/Israel-Palestinians.jpg?ve=1&amp;tl=1 2x\" height=\"523\" width=\"931\"><source media=\"(min-width: 1280px)\" srcset=\"https:\/\/a57.foxnews.com\/static.foxnews.com\/foxnews.com\/content\/uploads\/2024\/06\/720\/405\/Israel-Palestinians.jpg?ve=1&amp;tl=1, https:\/\/a57.foxnews.com\/static.foxnews.com\/foxnews.com\/content\/uploads\/2024\/06\/1440\/810\/Israel-Palestinians.jpg?ve=1&amp;tl=1 2x\" height=\"405\" width=\"720\"><img loading=\"lazy\" decoding=\"async\" src=\"https:\/\/a57.foxnews.com\/static.foxnews.com\/foxnews.com\/content\/uploads\/2024\/06\/1200\/675\/Israel-Palestinians.jpg?ve=1&amp;tl=1\" alt=\"Israel-palestinos\" width=\"1200\" height=\"675\"\/><\/source><\/source><\/source><\/source><\/picture><\/div>\n<div class=\"info\">\n<div class=\"caption\">\n<p><span>El secretario general de las Naciones Unidas, Antonio Guterres, habla durante una reuni\u00f3n del Consejo de Seguridad en la sede de las Naciones Unidas, el 18 de abril de 2024. <\/span> <span>(AP Photo\/Yuki Iwamura, archivo)<\/span><\/p>\n<\/div>\n<\/div>\n<\/div>\n<p>El ex miembro de la delegaci\u00f3n de los Estados Unidos a la ONU Hugh Dugan dijo a Fox News Digital que la necesidad de usar centros de informaci\u00f3n \u00abpara presionar a sus propios miembros en su moneda de diez centavos en sus pa\u00edses me habla con el estado profundo\u00bb. Con el apoyo p\u00fablico de los Estados Unidos para la disminuci\u00f3n de la ONU, Dugan dijo que el Departamento de Comunicaciones Globales \u00abes m\u00e1s que fallar en su propio patio trasero en el pa\u00eds m\u00e1s consecuente para su futuro\u00bb.<\/p>\n<p>Un Centro de Investigaci\u00f3n Pew encontr\u00f3 que el 52% de los estadounidenses ten\u00edan una perspectiva favorable de la ONU a partir de abril de 2024, por debajo del 57% en 2023.<\/p>\n<p><strong>La ONU acusada de minimizar el uso de los hospitales de Gaza, terroristas de Hamas, como un nuevo informe ignora los detalles importantes<\/strong><\/p>\n<p>Fox News Digital pregunt\u00f3 bajo el Secretario General de Comunicaciones Globales Melissa Fleming si el Departamento de Comunicaciones Globales participa en la supervisi\u00f3n de las comunicaciones para entidades de la ONU adicionales. <\/p>\n<p>Fleming dijo que su departamento \u00abno tiene supervisi\u00f3n, pero convoca reuniones de coordinaci\u00f3n regulares con colegas de comunicaci\u00f3n de todo el sistema de la ONU para discutir situaciones de crisis y planes de contenido\u00bb. Fleming tambi\u00e9n confirm\u00f3 que el Departamento de Comunicaciones Globales se ha encargado de la cuenta de redes sociales de las principales Naciones Unidas.<\/p>\n<div class=\"image-ct inline\">\n<div class=\"m\"><picture><source media=\"(max-width: 767px)\" srcset=\"https:\/\/a57.foxnews.com\/static.foxnews.com\/foxnews.com\/content\/uploads\/2025\/03\/343\/192\/un-us-flags--scaled.jpg?ve=1&amp;tl=1, https:\/\/a57.foxnews.com\/static.foxnews.com\/foxnews.com\/content\/uploads\/2025\/03\/686\/384\/un-us-flags--scaled.jpg?ve=1&amp;tl=1 2x\" height=\"192\" width=\"343\"><source media=\"(min-width: 768px) and (max-width: 1023px)\" srcset=\"https:\/\/a57.foxnews.com\/static.foxnews.com\/foxnews.com\/content\/uploads\/2025\/03\/672\/378\/un-us-flags--scaled.jpg?ve=1&amp;tl=1, https:\/\/a57.foxnews.com\/static.foxnews.com\/foxnews.com\/content\/uploads\/2025\/03\/1344\/756\/un-us-flags--scaled.jpg?ve=1&amp;tl=1 2x\" height=\"378\" width=\"672\"><source media=\"(min-width: 1024px) and (max-width: 1279px)\" srcset=\"https:\/\/a57.foxnews.com\/static.foxnews.com\/foxnews.com\/content\/uploads\/2025\/03\/931\/523\/un-us-flags--scaled.jpg?ve=1&amp;tl=1, https:\/\/a57.foxnews.com\/static.foxnews.com\/foxnews.com\/content\/uploads\/2025\/03\/1862\/1046\/un-us-flags--scaled.jpg?ve=1&amp;tl=1 2x\" height=\"523\" width=\"931\"><source media=\"(min-width: 1280px)\" srcset=\"https:\/\/a57.foxnews.com\/static.foxnews.com\/foxnews.com\/content\/uploads\/2025\/03\/720\/405\/un-us-flags--scaled.jpg?ve=1&amp;tl=1, https:\/\/a57.foxnews.com\/static.foxnews.com\/foxnews.com\/content\/uploads\/2025\/03\/1440\/810\/un-us-flags--scaled.jpg?ve=1&amp;tl=1 2x\" height=\"405\" width=\"720\"><img loading=\"lazy\" decoding=\"async\" src=\"https:\/\/a57.foxnews.com\/static.foxnews.com\/foxnews.com\/content\/uploads\/2025\/03\/1200\/675\/un-us-flags--scaled.jpg?ve=1&amp;tl=1\" alt=\"Las banderas de EE. UU. Y la ONU vuelan fuera de la sede de la ONU.\" width=\"1200\" height=\"675\"\/><\/source><\/source><\/source><\/source><\/picture><\/div>\n<div class=\"info\">\n<div class=\"caption\">\n<p><span>Las banderas de la ONU y los Estados Unidos vuelan fuera de la sede de las Naciones Unidas antes de la 78\u00aa sesi\u00f3n de la Asamblea General de las Naciones Unidas en la ciudad de Nueva York el 15 de septiembre de 2023.<\/span> <span>(Angela Weiss\/AFP a trav\u00e9s de Getty Images)<\/span><\/p>\n<\/div>\n<\/div>\n<\/div>\n<p>Hillel Neuer, director ejecutivo de la ONU Watch, dijo a Fox News Digital que \u00aben t\u00e9rminos de sus comunicaciones regulares, ya sea el Secretario General, o si se trata de varias cuentas de las redes sociales de la ONU, est\u00e1n rutinariamente involucrados en antiamericanos y antiisrael\u00ed, y se podr\u00eda decir, en el punto de que est\u00e1 demonizando al pueblo jud\u00edo, la mensajer\u00eda antisem\u00edtica\u00bb.<\/p>\n<p>El embajador de los Estados Unidos design\u00f3 a la ONU Elise Stefanik recientemente tuite\u00f3 que \u00ablos d\u00edas de apuntalar organizaciones en las Naciones Unidas que van a nuestros intereses han desaparecido. Ya no financiaremos el terrorismo, el antisemitismo y el odio anti-Israel\u00bb. Stefanik estaba hablando en la cumbre de &#8216;Nunca es ahora&#8217; de la ADL.<\/p>\n<p><strong>Americano censurado por el Consejo de Derechos Humanos de la ONU, acusado de usar el \u00ablenguaje irrespetuoso\u00bb<\/strong><\/p>\n<div class=\"image-ct inline\">\n<div class=\"m\"><picture><source media=\"(max-width: 767px)\" srcset=\"https:\/\/a57.foxnews.com\/static.foxnews.com\/foxnews.com\/content\/uploads\/2024\/05\/343\/192\/144341_document-scaled.jpg?ve=1&amp;tl=1, https:\/\/a57.foxnews.com\/static.foxnews.com\/foxnews.com\/content\/uploads\/2024\/05\/686\/384\/144341_document-scaled.jpg?ve=1&amp;tl=1 2x\" height=\"192\" width=\"343\"><source media=\"(min-width: 768px) and (max-width: 1023px)\" srcset=\"https:\/\/a57.foxnews.com\/static.foxnews.com\/foxnews.com\/content\/uploads\/2024\/05\/672\/378\/144341_document-scaled.jpg?ve=1&amp;tl=1, https:\/\/a57.foxnews.com\/static.foxnews.com\/foxnews.com\/content\/uploads\/2024\/05\/1344\/756\/144341_document-scaled.jpg?ve=1&amp;tl=1 2x\" height=\"378\" width=\"672\"><source media=\"(min-width: 1024px) and (max-width: 1279px)\" srcset=\"https:\/\/a57.foxnews.com\/static.foxnews.com\/foxnews.com\/content\/uploads\/2024\/05\/931\/523\/144341_document-scaled.jpg?ve=1&amp;tl=1, https:\/\/a57.foxnews.com\/static.foxnews.com\/foxnews.com\/content\/uploads\/2024\/05\/1862\/1046\/144341_document-scaled.jpg?ve=1&amp;tl=1 2x\" height=\"523\" width=\"931\"><source media=\"(min-width: 1280px)\" srcset=\"https:\/\/a57.foxnews.com\/static.foxnews.com\/foxnews.com\/content\/uploads\/2024\/05\/720\/405\/144341_document-scaled.jpg?ve=1&amp;tl=1, https:\/\/a57.foxnews.com\/static.foxnews.com\/foxnews.com\/content\/uploads\/2024\/05\/1440\/810\/144341_document-scaled.jpg?ve=1&amp;tl=1 2x\" height=\"405\" width=\"720\"><img loading=\"lazy\" decoding=\"async\" src=\"https:\/\/a57.foxnews.com\/static.foxnews.com\/foxnews.com\/content\/uploads\/2024\/05\/1200\/675\/144341_document-scaled.jpg?ve=1&amp;tl=1\" alt=\"El veh\u00edculo de la ONU ingresa a las oficinas de UNRWA en Jerusal\u00e9n. Jerusal\u00e9n, 2 de abril de 2024. Foto de Yoav Dudkevitch\/TPS\" width=\"1200\" height=\"675\"\/><\/source><\/source><\/source><\/source><\/picture><\/div>\n<div class=\"info\">\n<div class=\"caption\">\n<p><span>El veh\u00edculo de la ONU ingresa a las oficinas de UNRWA en Jerusal\u00e9n. Jerusal\u00e9n, 2 de abril de 2024. Foto de Yoav Dudkevitch\/TPS<\/span> <span>(Foto de Yoav Dudkevitch\/TPS)<\/span><\/p>\n<\/div>\n<\/div>\n<\/div>\n<p>Fox News Digital encontr\u00f3 m\u00faltiples tweets de la cuenta de Twitter de la ONU que promueven una narraci\u00f3n unilateral del conflicto de Israel-Gaza. Estos incluyeron un tweet del 29 de enero en apoyo de la Administraci\u00f3n de Alivio y Obras de la ONU para los refugiados de Palestina en el Cercano Oriente, que establece que \u00abla legislaci\u00f3n israel\u00ed impone restricciones masivas en las operaciones de la UNRWA\u00bb, pero no nota por qu\u00e9 Israel ha prohibido las operaciones de UNRWA y un n\u00famero creciente de pa\u00edses han extra\u00eddo fondos de la organizaci\u00f3n terrorista.<\/p>\n<p>Un tweet de la Organizaci\u00f3n Mundial de la Salud del 27 de diciembre retuiteado por las Naciones Unidas dijo que una redada en el Hospital Kamal Adwan era parte de un \u00abdesmantelamiento sistem\u00e1tico del sistema de salud en Gaza\u00bb, pero no mencion\u00f3 que las fuerzas de defensa de Israel ingresaron a la instalaci\u00f3n para aprehender m\u00faltiples miembros de Hamas y Jihad Isl\u00e1mica, incluido el director de la arma de la arma en el Hospital, tal como lo han hecho los grupos terroristas.<\/p>\n<p>Los portavoces del Departamento de Estado de EE. UU., Misi\u00f3n de los Estados Unidos a la ONU, y las Naciones Unidas no pudieron proporcionar a Fox News Digital cifras sobre qu\u00e9 porcentaje del presupuesto de m\u00e1s de $ 117.9 millones del Departamento de Comunicaciones Globales est\u00e1n cubiertos por los Estados Unidos.<\/p>\n<p><strong>Haga clic aqu\u00ed para obtener la aplicaci\u00f3n Fox News<\/strong><\/p>\n<p>En 2022, la contribuci\u00f3n de $ 18.1 mil millones de los Estados Unidos a la ONU cubri\u00f3 el 30% del presupuesto total de la organizaci\u00f3n. Para 2024, las contribuciones estadounidenses a la ONU estaban en el 22% para el presupuesto general y el 27% para el presupuesto de mantenimiento de la paz. La ONU informa que m\u00e1s del 40% de la ayuda humanitaria que don\u00f3 en 2024 fue proporcionada por los Estados Unidos. <\/p>\n<p>Un portavoz del Departamento de Estado no respondi\u00f3 preguntas directas sobre si financiar el Departamento de Comunicaciones Globales atiende a los intereses de los Estados Unidos, pero explic\u00f3 que un per\u00edodo de revisi\u00f3n de 90 d\u00edas instado por una Orden Ejecutiva del 20 de enero \u00abes una medida establecida para que nos alineemos nuestro trabajo en curso con la primera agenda de Am\u00e9rica. Los resultados de la revisi\u00f3n en profundidad se comunicar\u00e1n de manera transparente\u00bb. El portavoz dijo que el departamento del estado y USAID toman muy en serio su papel de administradores de d\u00f3lares de los contribuyentes. <\/p>\n<\/div>\n\n","protected":false},"excerpt":{"rendered":"<p>\u00danase a Fox News para acceder a este contenido Has alcanzado su n\u00famero m\u00e1ximo de art\u00edculos. Inicie sesi\u00f3n o cree una cuenta de forma gratuita para continuar leyendo. Al ingresar su correo electr\u00f3nico y presionar continuar, usted acepta los t\u00e9rminos de uso y la pol\u00edtica de privacidad de Fox News, que incluye nuestro aviso de &hellip;<\/p>\n","protected":false},"author":1,"featured_media":17431,"comment_status":"open","ping_status":"open","sticky":false,"template":"","format":"standard","meta":{"fifu_image_url":"https:\/\/static.foxnews.com\/foxnews.com\/content\/uploads\/2025\/03\/un-us-flags--scaled.jpg","fifu_image_alt":"","footnotes":""},"categories":[13],"tags":[],"class_list":["post-17429","post","type-post","status-publish","format-standard","has-post-thumbnail","","category-mundo"],"_links":{"self":[{"href":"https:\/\/noticiasveraces.com\/index.php?rest_route=\/wp\/v2\/posts\/17429","targetHints":{"allow":["GET"]}}],"collection":[{"href":"https:\/\/noticiasveraces.com\/index.php?rest_route=\/wp\/v2\/posts"}],"about":[{"href":"https:\/\/noticiasveraces.com\/index.php?rest_route=\/wp\/v2\/types\/post"}],"author":[{"embeddable":true,"href":"https:\/\/noticiasveraces.com\/index.php?rest_route=\/wp\/v2\/users\/1"}],"replies":[{"embeddable":true,"href":"https:\/\/noticiasveraces.com\/index.php?rest_route=%2Fwp%2Fv2%2Fcomments&post=17429"}],"version-history":[{"count":0,"href":"https:\/\/noticiasveraces.com\/index.php?rest_route=\/wp\/v2\/posts\/17429\/revisions"}],"wp:featuredmedia":[{"embeddable":true,"href":"https:\/\/noticiasveraces.com\/index.php?rest_route=\/wp\/v2\/media\/17431"}],"wp:attachment":[{"href":"https:\/\/noticiasveraces.com\/index.php?rest_route=%2Fwp%2Fv2%2Fmedia&parent=17429"}],"wp:term":[{"taxonomy":"category","embeddable":true,"href":"https:\/\/noticiasveraces.com\/index.php?rest_route=%2Fwp%2Fv2%2Fcategories&post=17429"},{"taxonomy":"post_tag","embeddable":true,"href":"https:\/\/noticiasveraces.com\/index.php?rest_route=%2Fwp%2Fv2%2Ftags&post=17429"}],"curies":[{"name":"wp","href":"https:\/\/api.w.org\/{rel}","templated":true}]}}