{"id":17421,"date":"2025-03-06T07:07:26","date_gmt":"2025-03-06T11:07:26","guid":{"rendered":"https:\/\/noticiasveraces.com\/?p=17421"},"modified":"2025-03-06T07:07:26","modified_gmt":"2025-03-06T11:07:26","slug":"el-papa-francisco-tuvo-buenas-noches-continua-descansando-durante-la-estadia-en-el-hospital","status":"publish","type":"post","link":"https:\/\/noticiasveraces.com\/?p=17421","title":{"rendered":"El Papa Francisco tuvo &#8216;buenas noches&#8217;, contin\u00faa descansando durante la estad\u00eda en el hospital"},"content":{"rendered":"<p> \n<\/p>\n<div>\n<p class=\"speakable\">El Papa Francisco tuvo una \u00abbuena noche\u00bb mientras contin\u00faa descansando en el Hospital Gemelli de Roma para su tercera semana de tratamiento para la doble neumon\u00eda, dijo el Vaticano el jueves temprano. <\/p>\n<p class=\"speakable\">\u00abLa noche pas\u00f3 en silencio; el Papa todav\u00eda est\u00e1 descansando\u00bb, dijo la oficina de prensa de Holy Sede en un comunicado publicado en X, y agreg\u00f3 que la \u00abcondici\u00f3n cl\u00ednica del Papa se ha mantenido estable durante los \u00faltimos d\u00edas, y sus m\u00e9dicos dicen que no ha tenido m\u00e1s episodios de insuficiencia respiratoria\u00bb. <\/p>\n<p>El Papa, de 88 a\u00f1os, que tiene enfermedad pulmonar cr\u00f3nica y se extendi\u00f3 parte de un pulm\u00f3n cuando era joven, ha estado estable durante dos d\u00edas despu\u00e9s de sufrir un par de crisis respiratorias el lunes. Los m\u00e9dicos subrayaron que su pron\u00f3stico permaneci\u00f3 vigilado debido a la imagen compleja.<\/p>\n<p><strong>Los cristianos usan el desaf\u00edo Pray40 de la aplicaci\u00f3n de Hallow, entre otras formas tradicionales de acercarse a Dios, a medida que comienza la Cuaresma<\/strong> <\/p>\n<div class=\"image-ct inline\">\n<div class=\"m\"><picture><source media=\"(max-width: 767px)\" srcset=\"https:\/\/a57.foxnews.com\/static.foxnews.com\/foxnews.com\/content\/uploads\/2025\/02\/343\/192\/pope-francis-health-update_007-.jpg?ve=1&amp;tl=1, https:\/\/a57.foxnews.com\/static.foxnews.com\/foxnews.com\/content\/uploads\/2025\/02\/686\/384\/pope-francis-health-update_007-.jpg?ve=1&amp;tl=1 2x\" height=\"192\" width=\"343\"><source media=\"(min-width: 768px) and (max-width: 1023px)\" srcset=\"https:\/\/a57.foxnews.com\/static.foxnews.com\/foxnews.com\/content\/uploads\/2025\/02\/672\/378\/pope-francis-health-update_007-.jpg?ve=1&amp;tl=1, https:\/\/a57.foxnews.com\/static.foxnews.com\/foxnews.com\/content\/uploads\/2025\/02\/1344\/756\/pope-francis-health-update_007-.jpg?ve=1&amp;tl=1 2x\" height=\"378\" width=\"672\"><source media=\"(min-width: 1024px) and (max-width: 1279px)\" srcset=\"https:\/\/a57.foxnews.com\/static.foxnews.com\/foxnews.com\/content\/uploads\/2025\/02\/931\/523\/pope-francis-health-update_007-.jpg?ve=1&amp;tl=1, https:\/\/a57.foxnews.com\/static.foxnews.com\/foxnews.com\/content\/uploads\/2025\/02\/1862\/1046\/pope-francis-health-update_007-.jpg?ve=1&amp;tl=1 2x\" height=\"523\" width=\"931\"><source media=\"(min-width: 1280px)\" srcset=\"https:\/\/a57.foxnews.com\/static.foxnews.com\/foxnews.com\/content\/uploads\/2025\/02\/720\/405\/pope-francis-health-update_007-.jpg?ve=1&amp;tl=1, https:\/\/a57.foxnews.com\/static.foxnews.com\/foxnews.com\/content\/uploads\/2025\/02\/1440\/810\/pope-francis-health-update_007-.jpg?ve=1&amp;tl=1 2x\" height=\"405\" width=\"720\"><img loading=\"lazy\" decoding=\"async\" src=\"https:\/\/a57.foxnews.com\/static.foxnews.com\/foxnews.com\/content\/uploads\/2025\/02\/1200\/675\/pope-francis-health-update_007-.jpg?ve=1&amp;tl=1\" alt=\"Una foto del Papa Francisco en mejor salud\" width=\"1200\" height=\"675\"\/><\/source><\/source><\/source><\/source><\/picture><\/div>\n<div class=\"info\">\n<div class=\"caption\">\n<p><span>El Papa Francisco saluda desde la Logia Central de la Bas\u00edlica de San Pedro durante el mensaje y la bendici\u00f3n de Pascua &#8216;Urbi et Orbi&#8217; a la ciudad y al mundo como parte de las celebraciones de la Semana Santa, en el Vaticano el 31 de marzo de 2024.<\/span> <span>(Tiziana Fabi\/Pool\/AFP\/Getty)<\/span><\/p>\n<\/div>\n<\/div>\n<\/div>\n<p>En los \u00faltimos d\u00edas, ha estado durmiendo con una m\u00e1scara mec\u00e1nica no invasiva para garantizar que sus pulmones se expandan adecuadamente durante la noche y ayuden a su recuperaci\u00f3n. Ha estado haciendo la transici\u00f3n a recibir ox\u00edgeno con un tubo nasal durante el d\u00eda.<\/p>\n<p>El Papa marc\u00f3 el mi\u00e9rcoles el comienzo de la Cuaresma al recibir cenizas en la frente y llamando al p\u00e1rroco en Gaza, dijo el Vaticano. Tambi\u00e9n agreg\u00f3 fisioterapia a su rutina hospitalaria de terapia respiratoria.<\/p>\n<p>La Iglesia Cat\u00f3lica abri\u00f3 la solemne temporada de Cuaresma sin la participaci\u00f3n del Papa. Un cardenal tom\u00f3 su lugar liderando una breve procesi\u00f3n penitencial entre dos iglesias en la colina avinina y abri\u00f3 un serm\u00f3n del Mi\u00e9rcoles de Ceniza preparado para el pont\u00edfice con palabras de solidaridad y gracias.<\/p>\n<div class=\"image-ct inline\">\n<div class=\"m\"><picture><source media=\"(max-width: 767px)\" srcset=\"https:\/\/a57.foxnews.com\/static.foxnews.com\/foxnews.com\/content\/uploads\/2025\/03\/343\/192\/pope-2.png?ve=1&amp;tl=1, https:\/\/a57.foxnews.com\/static.foxnews.com\/foxnews.com\/content\/uploads\/2025\/03\/686\/384\/pope-2.png?ve=1&amp;tl=1 2x\" height=\"192\" width=\"343\"><source media=\"(min-width: 768px) and (max-width: 1023px)\" srcset=\"https:\/\/a57.foxnews.com\/static.foxnews.com\/foxnews.com\/content\/uploads\/2025\/03\/672\/378\/pope-2.png?ve=1&amp;tl=1, https:\/\/a57.foxnews.com\/static.foxnews.com\/foxnews.com\/content\/uploads\/2025\/03\/1344\/756\/pope-2.png?ve=1&amp;tl=1 2x\" height=\"378\" width=\"672\"><source media=\"(min-width: 1024px) and (max-width: 1279px)\" srcset=\"https:\/\/a57.foxnews.com\/static.foxnews.com\/foxnews.com\/content\/uploads\/2025\/03\/931\/523\/pope-2.png?ve=1&amp;tl=1, https:\/\/a57.foxnews.com\/static.foxnews.com\/foxnews.com\/content\/uploads\/2025\/03\/1862\/1046\/pope-2.png?ve=1&amp;tl=1 2x\" height=\"523\" width=\"931\"><source media=\"(min-width: 1280px)\" srcset=\"https:\/\/a57.foxnews.com\/static.foxnews.com\/foxnews.com\/content\/uploads\/2025\/03\/720\/405\/pope-2.png?ve=1&amp;tl=1, https:\/\/a57.foxnews.com\/static.foxnews.com\/foxnews.com\/content\/uploads\/2025\/03\/1440\/810\/pope-2.png?ve=1&amp;tl=1 2x\" height=\"405\" width=\"720\"><img loading=\"lazy\" decoding=\"async\" src=\"https:\/\/a57.foxnews.com\/static.foxnews.com\/foxnews.com\/content\/uploads\/2025\/03\/1200\/675\/pope-2.png?ve=1&amp;tl=1\" alt=\"Cat\u00f3licos en el mi\u00e9rcoles de ceniza\" width=\"1200\" height=\"675\"\/><\/source><\/source><\/source><\/source><\/picture><\/div>\n<div class=\"info\">\n<div class=\"caption\">\n<p><span>Las ni\u00f1as, con cenizas en la frente, rezan durante una oraci\u00f3n del rosario por la salud del Papa Francisco en la Plaza de San Pedro en el Vaticano, mi\u00e9rcoles 5 de marzo de 2025.<\/span> <span>(Photo AP\/Alessandra Tarantino)<\/span><\/p>\n<\/div>\n<\/div>\n<\/div>\n<p>El Mi\u00e9rcoles de Ceniza, los cat\u00f3licos observadores reciben una se\u00f1al de la cruz en cenizas en la frente, un gesto que subraya la mortalidad humana. Es un d\u00eda obligatorio de ayuno y abstinencia que se\u00f1ala el comienzo de la temporada m\u00e1s penitente del cristianismo, lo que lleva a la Pascua el 20 de abril.<\/p>\n<p><strong>Haga clic aqu\u00ed para obtener la aplicaci\u00f3n Fox News<\/strong><\/p>\n<p>Se supon\u00eda que el Papa deb\u00eda asistir a un retiro espiritual este fin de semana con el resto de la jerarqu\u00eda de Santa Sede. El martes, el Vaticano dijo que el retiro continuar\u00eda sin Francisco pero en \u00abcomuni\u00f3n espiritual\u00bb con \u00e9l. El tema, seleccionado antes de que Francis se enfermara, era \u00abesperanza en la vida eterna\u00bb.<\/p>\n<div class=\"image-ct inline\">\n<div class=\"m\"><picture><source media=\"(max-width: 767px)\" srcset=\"https:\/\/a57.foxnews.com\/static.foxnews.com\/foxnews.com\/content\/uploads\/2025\/03\/343\/192\/pope-1.png?ve=1&amp;tl=1, https:\/\/a57.foxnews.com\/static.foxnews.com\/foxnews.com\/content\/uploads\/2025\/03\/686\/384\/pope-1.png?ve=1&amp;tl=1 2x\" height=\"192\" width=\"343\"><source media=\"(min-width: 768px) and (max-width: 1023px)\" srcset=\"https:\/\/a57.foxnews.com\/static.foxnews.com\/foxnews.com\/content\/uploads\/2025\/03\/672\/378\/pope-1.png?ve=1&amp;tl=1, https:\/\/a57.foxnews.com\/static.foxnews.com\/foxnews.com\/content\/uploads\/2025\/03\/1344\/756\/pope-1.png?ve=1&amp;tl=1 2x\" height=\"378\" width=\"672\"><source media=\"(min-width: 1024px) and (max-width: 1279px)\" srcset=\"https:\/\/a57.foxnews.com\/static.foxnews.com\/foxnews.com\/content\/uploads\/2025\/03\/931\/523\/pope-1.png?ve=1&amp;tl=1, https:\/\/a57.foxnews.com\/static.foxnews.com\/foxnews.com\/content\/uploads\/2025\/03\/1862\/1046\/pope-1.png?ve=1&amp;tl=1 2x\" height=\"523\" width=\"931\"><source media=\"(min-width: 1280px)\" srcset=\"https:\/\/a57.foxnews.com\/static.foxnews.com\/foxnews.com\/content\/uploads\/2025\/03\/720\/405\/pope-1.png?ve=1&amp;tl=1, https:\/\/a57.foxnews.com\/static.foxnews.com\/foxnews.com\/content\/uploads\/2025\/03\/1440\/810\/pope-1.png?ve=1&amp;tl=1 2x\" height=\"405\" width=\"720\"><img loading=\"lazy\" decoding=\"async\" src=\"https:\/\/a57.foxnews.com\/static.foxnews.com\/foxnews.com\/content\/uploads\/2025\/03\/1200\/675\/pope-1.png?ve=1&amp;tl=1\" alt=\"Un mural del Papa Francisco\" width=\"1200\" height=\"675\"\/><\/source><\/source><\/source><\/source><\/picture><\/div>\n<div class=\"info\">\n<div class=\"caption\">\n<p><span>El pintor mexicano Roberto M\u00e1rquez coloca una pintura del Papa Francisco que hizo fuera del Hospital Agostino Gemelli en Roma el Mi\u00e9rcoles de Ceniza.<\/span> <span>(Photo AP\/Gregorio Borgia)<\/span><\/p>\n<\/div>\n<\/div>\n<\/div>\n<p><i>Associated Press contribuy\u00f3 a este informe.<\/i><\/p>\n<div class=\"article-meta\">\n<div class=\"author-bio\">\n<p>Bradford Betz es un reportero de Fox News Digital Breaking que cubre el crimen, los problemas pol\u00edticos y mucho m\u00e1s. <\/p>\n<\/div>\n<\/div>\n<\/div>\n\n","protected":false},"excerpt":{"rendered":"<p>El Papa Francisco tuvo una \u00abbuena noche\u00bb mientras contin\u00faa descansando en el Hospital Gemelli de Roma para su tercera semana de tratamiento para la doble neumon\u00eda, dijo el Vaticano el jueves temprano. \u00abLa noche pas\u00f3 en silencio; el Papa todav\u00eda est\u00e1 descansando\u00bb, dijo la oficina de prensa de Holy Sede en un comunicado publicado en &hellip;<\/p>\n","protected":false},"author":1,"featured_media":17423,"comment_status":"open","ping_status":"open","sticky":false,"template":"","format":"standard","meta":{"fifu_image_url":"https:\/\/static.foxnews.com\/foxnews.com\/content\/uploads\/2025\/03\/pope-1.png","fifu_image_alt":"","footnotes":""},"categories":[13],"tags":[],"class_list":["post-17421","post","type-post","status-publish","format-standard","has-post-thumbnail","","category-mundo"],"_links":{"self":[{"href":"https:\/\/noticiasveraces.com\/index.php?rest_route=\/wp\/v2\/posts\/17421","targetHints":{"allow":["GET"]}}],"collection":[{"href":"https:\/\/noticiasveraces.com\/index.php?rest_route=\/wp\/v2\/posts"}],"about":[{"href":"https:\/\/noticiasveraces.com\/index.php?rest_route=\/wp\/v2\/types\/post"}],"author":[{"embeddable":true,"href":"https:\/\/noticiasveraces.com\/index.php?rest_route=\/wp\/v2\/users\/1"}],"replies":[{"embeddable":true,"href":"https:\/\/noticiasveraces.com\/index.php?rest_route=%2Fwp%2Fv2%2Fcomments&post=17421"}],"version-history":[{"count":0,"href":"https:\/\/noticiasveraces.com\/index.php?rest_route=\/wp\/v2\/posts\/17421\/revisions"}],"wp:featuredmedia":[{"embeddable":true,"href":"https:\/\/noticiasveraces.com\/index.php?rest_route=\/wp\/v2\/media\/17423"}],"wp:attachment":[{"href":"https:\/\/noticiasveraces.com\/index.php?rest_route=%2Fwp%2Fv2%2Fmedia&parent=17421"}],"wp:term":[{"taxonomy":"category","embeddable":true,"href":"https:\/\/noticiasveraces.com\/index.php?rest_route=%2Fwp%2Fv2%2Fcategories&post=17421"},{"taxonomy":"post_tag","embeddable":true,"href":"https:\/\/noticiasveraces.com\/index.php?rest_route=%2Fwp%2Fv2%2Ftags&post=17421"}],"curies":[{"name":"wp","href":"https:\/\/api.w.org\/{rel}","templated":true}]}}