{"id":17411,"date":"2025-03-06T05:48:03","date_gmt":"2025-03-06T09:48:03","guid":{"rendered":"https:\/\/noticiasveraces.com\/?p=17411"},"modified":"2025-03-06T05:48:03","modified_gmt":"2025-03-06T09:48:03","slug":"pope-descansa-despues-de-otra-noche-tranquila-en-el-hospital-dice-el-vaticano","status":"publish","type":"post","link":"https:\/\/noticiasveraces.com\/?p=17411","title":{"rendered":"Pope descansa despu\u00e9s de otra noche &#8216;tranquila&#8217; en el hospital, dice el Vaticano"},"content":{"rendered":"<p> \n<br \/><img decoding=\"async\" src=\"https:\/\/media-cldnry.s-nbcnews.com\/image\/upload\/t_fit_1500w\/rockcms\/2025-03\/20250306-pope-francis-jj-340a-aa84c7.jpg\" \/><\/p>\n<div>\n<p class=\"body-graf\">CIUDAD VATICANA &#8211; El Papa Francisco, que ha estado en el hospital durante casi tres semanas luchando contra la doble neumon\u00eda, ha pasado otra noche \u00abtranquila\u00bb y todav\u00eda est\u00e1 descansando, dijo el jueves el Vaticano.<\/p>\n<p class=\"body-graf\">El pont\u00edfice de 88 a\u00f1os fue ingresado en el Hospital Gemelli de Roma el 14 de febrero con una infecci\u00f3n respiratoria grave que ha requerido un tratamiento en evoluci\u00f3n continuo.<\/p>\n<p class=\"body-graf\">El mi\u00e9rcoles, el Vaticano dijo que su condici\u00f3n se hab\u00eda mantenido estable ese d\u00eda, permiti\u00e9ndole hacer algo de trabajo y aumentar su fisioterapia respiratoria y de movilidad.<\/p>\n<p class=\"body-graf\">Agreg\u00f3 que no ten\u00eda ninguna crisis respiratoria, que hab\u00eda ocurrido dentro y fuera de los d\u00edas anteriores.<\/p>\n<p class=\"body-graf\">Francis no ha sido visto en p\u00fablico desde que ingres\u00f3 al hospital, su m\u00e1s larga ausencia desde que comenz\u00f3 su papado hace 12 a\u00f1os. Sus m\u00e9dicos no han dicho cu\u00e1nto tiempo podr\u00eda durar el tratamiento.<\/p>\n<p class=\"body-graf\">Cuando no est\u00e1 en ventilaci\u00f3n mec\u00e1nica, que empuja el aire hacia los pulmones y no requiere sedaci\u00f3n, el Papa recibe un alto flujo de ox\u00edgeno a trav\u00e9s de peque\u00f1os tubos nasales.<\/p>\n<p class=\"body-graf\">El Papa ha experimentado varios episodios de problemas de salud en los \u00faltimos dos a\u00f1os y es propenso a las infecciones pulmonares porque ten\u00eda pleures\u00eda cuando era adulto joven y se le quit\u00f3 parte a un pulm\u00f3n.<\/p>\n<p class=\"endmark body-graf\">La neumon\u00eda doble es una infecci\u00f3n grave en ambos pulmones que pueden inflamarlos y cicatrices, lo que dificulta respirar.<\/p>\n<\/div>\n\n","protected":false},"excerpt":{"rendered":"<p>CIUDAD VATICANA &#8211; El Papa Francisco, que ha estado en el hospital durante casi tres semanas luchando contra la doble neumon\u00eda, ha pasado otra noche \u00abtranquila\u00bb y todav\u00eda est\u00e1 descansando, dijo el jueves el Vaticano. El pont\u00edfice de 88 a\u00f1os fue ingresado en el Hospital Gemelli de Roma el 14 de febrero con una infecci\u00f3n &hellip;<\/p>\n","protected":false},"author":1,"featured_media":17413,"comment_status":"open","ping_status":"open","sticky":false,"template":"","format":"standard","meta":{"fifu_image_url":"https:\/\/media-cldnry.s-nbcnews.com\/image\/upload\/t_nbcnews-fp-1200-630,f_auto,q_auto:best\/rockcms\/2025-03\/20250306-pope-francis-jj-340a-aa84c7.jpg","fifu_image_alt":"","footnotes":""},"categories":[4],"tags":[],"class_list":["post-17411","post","type-post","status-publish","format-standard","has-post-thumbnail","","category-historias-destacadas"],"_links":{"self":[{"href":"https:\/\/noticiasveraces.com\/index.php?rest_route=\/wp\/v2\/posts\/17411","targetHints":{"allow":["GET"]}}],"collection":[{"href":"https:\/\/noticiasveraces.com\/index.php?rest_route=\/wp\/v2\/posts"}],"about":[{"href":"https:\/\/noticiasveraces.com\/index.php?rest_route=\/wp\/v2\/types\/post"}],"author":[{"embeddable":true,"href":"https:\/\/noticiasveraces.com\/index.php?rest_route=\/wp\/v2\/users\/1"}],"replies":[{"embeddable":true,"href":"https:\/\/noticiasveraces.com\/index.php?rest_route=%2Fwp%2Fv2%2Fcomments&post=17411"}],"version-history":[{"count":0,"href":"https:\/\/noticiasveraces.com\/index.php?rest_route=\/wp\/v2\/posts\/17411\/revisions"}],"wp:featuredmedia":[{"embeddable":true,"href":"https:\/\/noticiasveraces.com\/index.php?rest_route=\/wp\/v2\/media\/17413"}],"wp:attachment":[{"href":"https:\/\/noticiasveraces.com\/index.php?rest_route=%2Fwp%2Fv2%2Fmedia&parent=17411"}],"wp:term":[{"taxonomy":"category","embeddable":true,"href":"https:\/\/noticiasveraces.com\/index.php?rest_route=%2Fwp%2Fv2%2Fcategories&post=17411"},{"taxonomy":"post_tag","embeddable":true,"href":"https:\/\/noticiasveraces.com\/index.php?rest_route=%2Fwp%2Fv2%2Ftags&post=17411"}],"curies":[{"name":"wp","href":"https:\/\/api.w.org\/{rel}","templated":true}]}}