{"id":17385,"date":"2025-03-06T01:18:28","date_gmt":"2025-03-06T05:18:28","guid":{"rendered":"https:\/\/noticiasveraces.com\/?p=17385"},"modified":"2025-03-06T01:18:28","modified_gmt":"2025-03-06T05:18:28","slug":"barcelona-horario-alineaciones-oficiales-y-donde-ver-el-partido-de-octavos-de-champions-league-en-direto","status":"publish","type":"post","link":"https:\/\/noticiasveraces.com\/?p=17385","title":{"rendered":"Barcelona: Horario, Alineaciones Oficiales y D\u00f3nde ver El Partido de Octavos de Champions League en Direto"},"content":{"rendered":"<p> \n<\/p>\n<div id=\"intext\">\n<p>El Camino del <b>Barcelona<\/b> Hacia la Gran final de la <b>Liga de Campeones<\/b> en m\u00fanich arranca Hoy en Lisboa, Donde el Equipo de Hansi Flick Visita Al <b>Benfica<\/b> En la Ida de Los Octavos de Final, Un Duelo en el Que Los Lisboetas Buscar\u00e1n la Revancha Tras lo Ocurrido <b>en el Partido de la Liguilla<\/b>. El Conjunto Cul\u00e9 Llega la Duelo en su mejor Momento de la temporada y es que, desde el Empate Ante El Atalanta (2-2) A Finales de Enero, Los Azulgranas Han Logrado seis Victorias en Laliga y un Empate en la Ida de las Semifinales de la Copa del Rey, con un Balance de 21 Goles.<\/p>\n<p><b>Hansi Flick<\/b> Ha Logrado Que Su Equugue Conjugue Al Buen Juego una regularidad en los resultantes, lo que Les ha PERMITIDO RECUPERAR EL LIDERATO DE LALIGA Y LLEGER AL DOLO DE HOY EN DA LUZ COMO Claros Favoritos para Estar en los Cuartos de final. Andr\u00e9 ter Stegen, Marc Bernal y Andreas Christensen, Que Ha Reca\u00eddo de SUS Problemas en El S\u00f3leo, hijo Las Tres \u00fanicas Bajas del Barcelona para afrontar la parte de la parte de la temporada.<\/p>\n<h2 class=\"title-h2\">Onces Oficiales de Benfica y Barcelona<\/h2>\n<p><b>Benfica<\/b>: Trubin; Tom\u00e1s Ara\u00fajo, Antonio Silva, Otamendi, Carreras; Aursnes, Barreiro, Orkun Kokcu; Akturkoglu, Pavlidis, Schjelderup.<\/p>\n<p><b>Barcelona<\/b>: Szczensy; Kound\u00e9, I\u00f1igo Mart\u00ednez, Cubars\u00ed, Balde; Pedri, Dani Olmo, Frenkie de Jong; Raphinha, Lewandowski y Lamine Yamal.<\/p>\n<p>El Alem\u00e1n <b>Felix Zwayer<\/b> ha sido designado por la uefa para dirigir este mi\u00e9rcoles el encuentro entre benfica y Barcelona. El Cuarto \u00c1rbitro Ser\u00e1 Florian Badst\u00fcbner y del var se Encargar\u00e1n Bastian Dankert y El Franc\u00e9s Willy Delajod.<\/p>\n<p>El Barcelona no Tienen Ning\u00fan Jugador Apercibido de Cara Al Partido de Ida Ante El Benfica, Mientras que el Conjunto Lisboeta Tinee Baja Amenaza, de Sanci\u00f3n al Suizo Zeki Amdouni, Al Noruego Fredrik Aurshnes, Al Dan\u00e9s Alexander Bah, Al Esprosa\u00f1os, Al Noruego, Fredrik Aurs, al Dan\u00e9s Alexander Bah, Al Esprosa\u00f1os, Al noruego, al Dan\u00e9s, al Dan\u00e9s, al Dan\u00e9s Bah, al Espuerizo. Fern\u00e1ndez, Al Turco Orkun Kok\u00e7u y Al Argentino Nicol\u00e1s Otamendi.<\/p>\n<h2 class=\"title-h2\">Horario y D\u00f3nde ver El Benfica &#8211; Barcelona<\/h2>\n<p>El <b>Benfica &#8211; Barcelona<\/b>Partido de Ida de los <b>Octavos de Final De La Champions League<\/b> SE Jugar\u00e1 El<b> Mi\u00e9rscoles 5 de Marzo a Las 21:00 Horas <\/b>En El Estadio de Da Luz (Lisboa).<\/p>\n<p>El Partido Podr\u00e1s Seguirlo en Direto en la <b>web de antena 3 deportes<\/b> Con la Narraci\u00f3n en Vivo, La \u00daltima Hora, Los Onces Oficiales, El resultado y la Cr\u00f3nica del Encuentro de la Liga de Campeones.<\/p>\n<p><i>S\u00edguenos en nuestro canal de whatsapp y no te Pierdas la \u00daLtima Hora y Toda la actualidad de antena3noticias.com<\/i><\/p>\n<div class=\"recirculation-video\" data-mod=\"a3mod_recirculation_video\">\n<div class=\"recirculation-video-wrapper\">\n<div>\n<div class=\"video-wrapper\">\n  <picture class=\"video-main-picture\"><source media=\"(min-width: 481px)\" srcset=\"https:\/\/fotografias.antena3.com\/clipping\/cmsimages02\/2025\/03\/03\/BC9BC428-CBE0-4853-A3DA-7030517A9A5F\/vinicius-rueda-prensa_94.jpg?crop=3560,2002,x0,y372&amp;width=800&amp;height=450&amp;optimize=medium&amp;format=webply\" width=\"800\" height=\"450\"><source media=\"(min-width: 391px) and (max-width: 480px)\" srcset=\"https:\/\/fotografias.antena3.com\/clipping\/cmsimages02\/2025\/03\/03\/BC9BC428-CBE0-4853-A3DA-7030517A9A5F\/vinicius-rueda-prensa_70.jpg?crop=3560,2003,x0,y372&amp;width=480&amp;height=270&amp;optimize=high&amp;format=webply\" width=\"480\" height=\"270\"><source media=\"(min-width: 321px) and (max-width: 390px)\" srcset=\"https:\/\/fotografias.antena3.com\/clipping\/cmsimages02\/2025\/03\/03\/BC9BC428-CBE0-4853-A3DA-7030517A9A5F\/vinicius-rueda-prensa_92.jpg?crop=3560,1999,x0,y375&amp;width=390&amp;height=219&amp;optimize=high&amp;format=webply\" width=\"390\" height=\"219\"><source media=\"(max-width: 320px)\" srcset=\"https:\/\/fotografias.antena3.com\/clipping\/cmsimages02\/2025\/03\/03\/BC9BC428-CBE0-4853-A3DA-7030517A9A5F\/vinicius-rueda-prensa_52.jpg?crop=3560,2003,x0,y372&amp;width=320&amp;height=180&amp;optimize=high&amp;format=webply\" width=\"320\" height=\"180\"><img decoding=\"async\" title=\"Vinicius jr en rueda de prensa\" alt=\"Vinicius jr en rueda de prensa\" width=\"480\" height=\"270\" src=\"https:\/\/fotografias.antena3.com\/clipping\/cmsimages02\/2025\/03\/03\/BC9BC428-CBE0-4853-A3DA-7030517A9A5F\/vinicius-rueda-prensa_70.jpg?crop=3560,2003,x0,y372&amp;width=480&amp;height=270&amp;optimize=high&amp;format=webply\" loading=\"lazy\" class=\"lazy\"\/><br \/>\n  <\/source><\/source><\/source><\/source><\/picture>\n <\/div>\n<\/div><\/div>\n<\/p><\/div>\n<\/div>\n\n","protected":false},"excerpt":{"rendered":"<p>El Camino del Barcelona Hacia la Gran final de la Liga de Campeones en m\u00fanich arranca Hoy en Lisboa, Donde el Equipo de Hansi Flick Visita Al Benfica En la Ida de Los Octavos de Final, Un Duelo en el Que Los Lisboetas Buscar\u00e1n la Revancha Tras lo Ocurrido en el Partido de la Liguilla. &hellip;<\/p>\n","protected":false},"author":1,"featured_media":17387,"comment_status":"open","ping_status":"open","sticky":false,"template":"","format":"standard","meta":{"fifu_image_url":"https:\/\/fotografias.antena3.com\/clipping\/cmsimages02\/2025\/03\/04\/BDFF3969-B054-4CC4-AE71-C8410F69C09E\/vangelis-pavlidis-jules-kounde-pelean-balon_69.jpg?crop=4905,2759,x0,y0&width=1280&height=720&optimize=low&format=jpg","fifu_image_alt":"","footnotes":""},"categories":[6],"tags":[],"class_list":["post-17385","post","type-post","status-publish","format-standard","has-post-thumbnail","","category-deportes"],"_links":{"self":[{"href":"https:\/\/noticiasveraces.com\/index.php?rest_route=\/wp\/v2\/posts\/17385","targetHints":{"allow":["GET"]}}],"collection":[{"href":"https:\/\/noticiasveraces.com\/index.php?rest_route=\/wp\/v2\/posts"}],"about":[{"href":"https:\/\/noticiasveraces.com\/index.php?rest_route=\/wp\/v2\/types\/post"}],"author":[{"embeddable":true,"href":"https:\/\/noticiasveraces.com\/index.php?rest_route=\/wp\/v2\/users\/1"}],"replies":[{"embeddable":true,"href":"https:\/\/noticiasveraces.com\/index.php?rest_route=%2Fwp%2Fv2%2Fcomments&post=17385"}],"version-history":[{"count":0,"href":"https:\/\/noticiasveraces.com\/index.php?rest_route=\/wp\/v2\/posts\/17385\/revisions"}],"wp:featuredmedia":[{"embeddable":true,"href":"https:\/\/noticiasveraces.com\/index.php?rest_route=\/wp\/v2\/media\/17387"}],"wp:attachment":[{"href":"https:\/\/noticiasveraces.com\/index.php?rest_route=%2Fwp%2Fv2%2Fmedia&parent=17385"}],"wp:term":[{"taxonomy":"category","embeddable":true,"href":"https:\/\/noticiasveraces.com\/index.php?rest_route=%2Fwp%2Fv2%2Fcategories&post=17385"},{"taxonomy":"post_tag","embeddable":true,"href":"https:\/\/noticiasveraces.com\/index.php?rest_route=%2Fwp%2Fv2%2Ftags&post=17385"}],"curies":[{"name":"wp","href":"https:\/\/api.w.org\/{rel}","templated":true}]}}