{"id":17383,"date":"2025-03-06T00:53:30","date_gmt":"2025-03-06T04:53:30","guid":{"rendered":"https:\/\/noticiasveraces.com\/?p=17383"},"modified":"2025-03-06T00:53:30","modified_gmt":"2025-03-06T04:53:30","slug":"avion-militar-surcoreano-lanza-bombas-por-error-a-civiles-dw-06-03-2025","status":"publish","type":"post","link":"https:\/\/noticiasveraces.com\/?p=17383","title":{"rendered":"Avi\u00f3n Militar Surcoreano Lanza Bombas por error A Civiles &#8211; DW &#8211; 06\/03\/2025"},"content":{"rendered":"<p> \n<\/p>\n<div>\n<p>La Fuerza A\u00e9rea de Corea del Sur admite el Jueves (06.03.2025) Que Uno de Sus Cazas de Combate Lanz\u00f3 Accidentalmento Ocho Bombas en Un LugareCado Durante Un eJercio de Abrenamiento, Lo que Provoc\u00f3 Heridas en Civiles.<\/p>\n<p>\u00abOcho Bombas MK-82 de USO General Fueron Lanzadas de Forma anormal por un Avi\u00f3nico KF-16 de la Fuerza Arerea, Cayendo Fuera de la Zona Designada de Lanzamiento\u00bb, afirm\u00f3 en un comunicado Sobre el incidente \u00abQUES Result\u00f3 en heridos civiles\u00bb.<\/p>\n<p>La Agencia Reuters informa que el impacto de un proyectil Sobre un Distito Civil Caus\u00f3 Da\u00f1os en Casas y Una Iglesia en la Ciudad de Pocheon, Al Norte de Corea del Sur.<\/p>\n<p>Funcionario de la ONU de los Servicios de Bomberos de Gyeonggi-do bukbu dijo que de las ocho personas heridas, cuatro estaban graves.<\/p>\n<p>\u00abLamentamos Profundament el inintencionado Lanzamiento de las Bombas, que resultado, en v\u00edctimas civiles, y desamos a Aquelos Heridos una r\u00e1pida recuperaci\u00f3n\u00bb, afirm\u00f3 la fuerza a\u00e9rea en el comunicado que detallaba el incidente oculado s\u00f3bro las 10h00h00h00h00h00 cet00h00 cet00h00 cet00h00h00h00h00h00h00h00h00h00h00h00h00h00h00h00h00h00h00h00h00h00h00h00h00h00h00h00h00h00h00h00h00h00h00h00h00h00h00h00h00h00h00h00h00h00h00h00h00h00h00h00h00h00h00h00h00h00h00h00h00h00h00h00h00h00h00h00h00h00h00h00h00h00h00h00h00h00. Un UNOS 25 Kil\u00f3metros al Sur de la Fortificada Frontera Con Corea del Norte.<\/p>\n<h2>Investigador de militares Incidente<\/h2>\n<p>Tambi\u00e9n indic\u00f3 que hab\u00eda establecido un comit\u00e9 de respuesta para investigador el accidente y se\u00f1al\u00f3 que iba a \u00abTomar Todas las Medidas Necesarias, incluida la compensaci\u00f3n por secados\u00bb.<\/p>\n<p>La Fuerza A\u00e9rea Afirm\u00f3 Que El Avi\u00f3n Militar Hab\u00eda \u00abParticipado en un eJercio conjunto con fuego real\u00bb con el ej\u00e9rcito estadounidense.<\/p>\n<p>Los Bomberos que hab\u00eda sospechado que el proyectil que impact\u00f3 en la ciancia procedimiento de las maniobras militares conjuntas con fuego reales que eJecutan tropas de corea del sur y estados unidos.<\/p>\n<p>Fotograf\u00edas Compartidas por la Agencia de Noticias News1 Mostraban una Casa Muy Damada Con Esparcidos en Los Alrededores.<\/p>\n<p>El Ministerio de Defensa de Corea del Sur, Que en Un Primer Momento no Hizo Comentarios Sobre El Incidicente de Hoy, Hab\u00eda Informado Que Este Jueves Tropas de Corea del Sur Y Estados Unidos Estario Llevando A Cabo SUS Primeros eJercicios Conjuntos Conjuntos Confes. Militares Anuales Que Comenzar\u00e1n Oficialmental La Pr\u00f3xima Semana.<\/p>\n<p>JC (AFP, Reuters, Efe)<\/p>\n<\/div>\n\n","protected":false},"excerpt":{"rendered":"<p>La Fuerza A\u00e9rea de Corea del Sur admite el Jueves (06.03.2025) Que Uno de Sus Cazas de Combate Lanz\u00f3 Accidentalmento Ocho Bombas en Un LugareCado Durante Un eJercio de Abrenamiento, Lo que Provoc\u00f3 Heridas en Civiles. \u00abOcho Bombas MK-82 de USO General Fueron Lanzadas de Forma anormal por un Avi\u00f3nico KF-16 de la Fuerza Arerea, &hellip;<\/p>\n","protected":false},"author":1,"featured_media":17384,"comment_status":"open","ping_status":"open","sticky":false,"template":"","format":"standard","meta":{"fifu_image_url":"https:\/\/static.dw.com\/image\/71840580_6.jpg","fifu_image_alt":"","footnotes":""},"categories":[13],"tags":[],"class_list":["post-17383","post","type-post","status-publish","format-standard","has-post-thumbnail","","category-mundo"],"_links":{"self":[{"href":"https:\/\/noticiasveraces.com\/index.php?rest_route=\/wp\/v2\/posts\/17383","targetHints":{"allow":["GET"]}}],"collection":[{"href":"https:\/\/noticiasveraces.com\/index.php?rest_route=\/wp\/v2\/posts"}],"about":[{"href":"https:\/\/noticiasveraces.com\/index.php?rest_route=\/wp\/v2\/types\/post"}],"author":[{"embeddable":true,"href":"https:\/\/noticiasveraces.com\/index.php?rest_route=\/wp\/v2\/users\/1"}],"replies":[{"embeddable":true,"href":"https:\/\/noticiasveraces.com\/index.php?rest_route=%2Fwp%2Fv2%2Fcomments&post=17383"}],"version-history":[{"count":0,"href":"https:\/\/noticiasveraces.com\/index.php?rest_route=\/wp\/v2\/posts\/17383\/revisions"}],"wp:featuredmedia":[{"embeddable":true,"href":"https:\/\/noticiasveraces.com\/index.php?rest_route=\/wp\/v2\/media\/17384"}],"wp:attachment":[{"href":"https:\/\/noticiasveraces.com\/index.php?rest_route=%2Fwp%2Fv2%2Fmedia&parent=17383"}],"wp:term":[{"taxonomy":"category","embeddable":true,"href":"https:\/\/noticiasveraces.com\/index.php?rest_route=%2Fwp%2Fv2%2Fcategories&post=17383"},{"taxonomy":"post_tag","embeddable":true,"href":"https:\/\/noticiasveraces.com\/index.php?rest_route=%2Fwp%2Fv2%2Ftags&post=17383"}],"curies":[{"name":"wp","href":"https:\/\/api.w.org\/{rel}","templated":true}]}}