{"id":17381,"date":"2025-03-06T00:36:05","date_gmt":"2025-03-06T04:36:05","guid":{"rendered":"https:\/\/noticiasveraces.com\/?p=17381"},"modified":"2025-03-06T00:36:05","modified_gmt":"2025-03-06T04:36:05","slug":"nuestro-primer-vistazo-al-sky-blue-macbook-air-de-apple","status":"publish","type":"post","link":"https:\/\/noticiasveraces.com\/?p=17381","title":{"rendered":"Nuestro primer vistazo al Sky Blue MacBook Air de Apple"},"content":{"rendered":"<p> \n<\/p>\n<div>\n<p class=\"duet--article--dangerously-set-cms-markup duet--article--standard-paragraph _1ymtmqpi _17nnmdy1 _17nnmdy0 _1xwtict1\">Adem\u00e1s de un nuevo color, el M4 MacBook Air se parece mucho al modelo del a\u00f1o pasado. Y tenemos la experiencia pr\u00e1ctica y las im\u00e1genes para demostrarlo.<\/p>\n<\/div>\n<div>\n<p class=\"duet--article--dangerously-set-cms-markup duet--article--standard-paragraph _1ymtmqpi _17nnmdy1 _17nnmdy0 _1xwtict1\">Apple tiene cinco actualizaciones principales para la actualizaci\u00f3n de MacBook Airs de 13 y 15 pulgadas para 2025. Primero, tiene un chip M4 similar al MacBook Pro de 14 pulgadas base, aunque aqu\u00ed comienza con una CPU de 10 n\u00facleos y una GPU de 8 n\u00facleos. Tambi\u00e9n heredado de MacBook Pros, los Airs ahora usan la c\u00e1mara web central de 12 megap\u00edxeles que es m\u00e1s amplia y puede rastrearlo dentro del marco. Y ahora puede (finalmente) usar dos monitores externos y mantener la tapa abierta, esencialmente le brinda una elegante configuraci\u00f3n de triple monitor con el bajo MacBook Air.<\/p>\n<\/div>\n<div>\n<p class=\"duet--article--dangerously-set-cms-markup duet--article--standard-paragraph _1ymtmqpi _17nnmdy1 _17nnmdy0 _1xwtict1\">En cuanto a esa nueva opci\u00f3n de color, Sky Blue, reemplaza el gris espacial. La luz de las estrellas, la plata y la medianoche todav\u00eda est\u00e1n alrededor del a\u00f1o pasado (y la medianoche no cambia, as\u00ed que espere una mancha de huellas digitales). El nuevo azul es un acabado met\u00e1lico muy p\u00e1lido. Podr\u00edas confundirlo con una plata si no los viste uno al lado del otro. Creo que la mejor manera en que podr\u00eda describirlo es 2003 Toyota Matrix Blue. En otras palabras, es agradable pero no lo suficientemente azul. Apple deber\u00eda llamarlo azul sin compromiso.<\/p>\n<\/div>\n<div>\n<p class=\"duet--article--dangerously-set-cms-markup duet--article--standard-paragraph _1ymtmqpi _17nnmdy1 _17nnmdy0 _1xwtict1\">Pero la quinta cosa que es nueva para MacBook Air, y probablemente la que a muchos de nosotros nos importar\u00e1, es que comienza a un precio m\u00e1s bajo. El modelo de 13 pulgadas comienza en $ 999, mientras que el 15 pulgadas comienza en $ 1,199. Esto es en realidad un retorno a la forma para los 13 pulgadas, que sol\u00eda comenzar a ese precio antes de un aumento durante la generaci\u00f3n M2. El Air M4 puede ser un chip-bump de una actualizaci\u00f3n con un nuevo acabado met\u00e1lico de Bland-ish, pero $ 100 de descuento marcan la diferencia.<\/p>\n<\/div>\n<div>\n<p class=\"duet--article--dangerously-set-cms-markup duet--article--standard-paragraph _1ymtmqpi _17nnmdy1 _17nnmdy0 _1xwtict1\">Adem\u00e1s de nuestra pr\u00e1ctica con el MacBook Air, tambi\u00e9n tenemos nuestro primer vistazo al nuevo Duo Mac Studio, uno con el chip M4 Max y otro con un nuevo y todo M3 Ultra. Los estudios no se ven diferentes, pero los cambios en el interior son bastante importantes para los profesionales hardcore que realizan un trabajo creativo de servicio pesado o cosas de IA locales.<\/p>\n<\/div>\n<div>\n<p class=\"duet--article--dangerously-set-cms-markup duet--article--standard-paragraph _1ymtmqpi _17nnmdy1 _17nnmdy0 _1xwtict1\">Los nuevos Mac y iPads de Apple saldr\u00e1n la pr\u00f3xima semana y ya est\u00e1n a pedido. Echa un vistazo a nuestros puestos de fotos.<\/p>\n<\/div>\n<div>\n<p><h2 class=\"duet--article--dangerously-set-cms-markup\">Mac Studio M4 Max \/ M3 Ultra<\/h2>\n<\/p>\n<\/div>\n<div>\n<p class=\"duet--article--dangerously-set-cms-markup duet--article--standard-paragraph _1ymtmqpi _17nnmdy1 _17nnmdy0 _1xwtict1\"><em>Fotograf\u00eda de Antonio G. Di Benedetto \/ The Verge<\/em><\/p>\n<\/div>\n\n","protected":false},"excerpt":{"rendered":"<p>Adem\u00e1s de un nuevo color, el M4 MacBook Air se parece mucho al modelo del a\u00f1o pasado. Y tenemos la experiencia pr\u00e1ctica y las im\u00e1genes para demostrarlo. Apple tiene cinco actualizaciones principales para la actualizaci\u00f3n de MacBook Airs de 13 y 15 pulgadas para 2025. Primero, tiene un chip M4 similar al MacBook Pro de &hellip;<\/p>\n","protected":false},"author":1,"featured_media":17382,"comment_status":"open","ping_status":"open","sticky":false,"template":"","format":"standard","meta":{"fifu_image_url":"https:\/\/platform.theverge.com\/wp-content\/uploads\/sites\/2\/2025\/03\/1vpavic_20250305__0799.jpg?quality=90&strip=all&crop=0%2C10.732984293194%2C100%2C78.534031413613&w=1200","fifu_image_alt":"","footnotes":""},"categories":[2],"tags":[],"class_list":["post-17381","post","type-post","status-publish","format-standard","has-post-thumbnail","","category-tecnologia"],"_links":{"self":[{"href":"https:\/\/noticiasveraces.com\/index.php?rest_route=\/wp\/v2\/posts\/17381","targetHints":{"allow":["GET"]}}],"collection":[{"href":"https:\/\/noticiasveraces.com\/index.php?rest_route=\/wp\/v2\/posts"}],"about":[{"href":"https:\/\/noticiasveraces.com\/index.php?rest_route=\/wp\/v2\/types\/post"}],"author":[{"embeddable":true,"href":"https:\/\/noticiasveraces.com\/index.php?rest_route=\/wp\/v2\/users\/1"}],"replies":[{"embeddable":true,"href":"https:\/\/noticiasveraces.com\/index.php?rest_route=%2Fwp%2Fv2%2Fcomments&post=17381"}],"version-history":[{"count":0,"href":"https:\/\/noticiasveraces.com\/index.php?rest_route=\/wp\/v2\/posts\/17381\/revisions"}],"wp:featuredmedia":[{"embeddable":true,"href":"https:\/\/noticiasveraces.com\/index.php?rest_route=\/wp\/v2\/media\/17382"}],"wp:attachment":[{"href":"https:\/\/noticiasveraces.com\/index.php?rest_route=%2Fwp%2Fv2%2Fmedia&parent=17381"}],"wp:term":[{"taxonomy":"category","embeddable":true,"href":"https:\/\/noticiasveraces.com\/index.php?rest_route=%2Fwp%2Fv2%2Fcategories&post=17381"},{"taxonomy":"post_tag","embeddable":true,"href":"https:\/\/noticiasveraces.com\/index.php?rest_route=%2Fwp%2Fv2%2Ftags&post=17381"}],"curies":[{"name":"wp","href":"https:\/\/api.w.org\/{rel}","templated":true}]}}