{"id":17379,"date":"2025-03-05T23:51:04","date_gmt":"2025-03-06T03:51:04","guid":{"rendered":"https:\/\/noticiasveraces.com\/?p=17379"},"modified":"2025-03-05T23:51:04","modified_gmt":"2025-03-06T03:51:04","slug":"francisco-inicia-cuaresma-estable-y-sin-crisis-de-sen-respiratoria-dw-06-03-2025","status":"publish","type":"post","link":"https:\/\/noticiasveraces.com\/?p=17379","title":{"rendered":"Francisco Inicia cuaresma, estable y sin crisis de sen respiratoria &#8211; DW &#8211; 06\/03\/2025"},"content":{"rendered":"<p> \n<\/p>\n<div>\n<p>El Estado de Salud del Papa Francisco, que no ha sufrido nuevos episodios de crisis respiratoria, \u00abSe Ha Mantenido estable\u00bb, Anunci\u00f3 El Vaticanoel Mi\u00e9rcoles (05.03.2025) por la noche, en El Vigsimo D\u00eda de Su Hospitalizaci\u00f3n por Unafble NEUMON\u00cdEN NEUMON\u00cdA.<\/p>\n<p>\u00abHa Pasado el D\u00eda en Su Sill\u00f3n\u00bb, indic\u00f3 el Vaticano en el \u00daltimo Reporte Sobre Su Salud y A\u00f1adi\u00f3 Que El Papa, de 88 A\u00f1os, Hab\u00eda participado en el Oficio Religioso del Mi\u00e9rcoles de Cenizas y Tambi\u00e9n Llamado a la Parroquia de Gaza, CoSo Hace Hace HATECELEME.<\/p>\n<p>\u00abDebido a la Complejidad de su cuadro cl\u00ednico, el pron\u00f3s -sigue sido reservado\u00bb, dijo el Vaticano, Tras indicar que el Pont\u00edfice aument\u00f3 su terapia f\u00edsica.<\/p>\n<p>El Santo Padre no Sufri\u00f3 Ninguna Crisis Respiratoria Durante El D\u00eda, RecibiDo Ox\u00cdgeno \u200b\u200bA Trav\u00e9s de Una Sonda Nasal, Como ha Sido el Caso en los \u00daltimos D\u00edas. Reanudar\u00e1 el Uso de Una Mascarilla Mec\u00e1nica sin invasiva para la Noche, Agreg\u00f3 el Parte.<\/p>\n<p>El Papa, de 88 A\u00f1os, Que Padece una Enfirmedad Pulmonar Cr\u00f3nica y Fue Extirpado parte de un Pulm\u00f3n Cuando Era Joven, Sufri\u00f3 El Lunes Dos Crisis Respiratorias en Un Contratiempo para Su recuperaci\u00f3n.<\/p>\n<h2>Fisioterapia m\u00e1s Terapia respiratoria<\/h2>\n<p>Durante la Ma\u00f1ana particip\u00f3 en una celebraci\u00f3n del Mi\u00e9rado de Ceniza, RecibiDo la Ceniza y la Comuni\u00f3n. M\u00e1s Tarde se Puso Manos a la Obra, lo que incluy\u00f3 una Llamada al Reverendo Gabriel Romanelli, El Sacerdota Argentino P\u00e1rroco de la Iglesia de la Sagrada Familia de Gaza, Detall\u00f3 la Santa Sede. ERA TERCERA VEZ QUE HABLANA DESDE DE FRANCISCO FUE Hospitalizado El 14 de febrero.<\/p>\n<p>En el Bolet\u00edn de Salud de la Noche se Mencion\u00f3 por Primera Vez la Fisioterapia, Adem\u00e1s de la Terapia Respiratoria. El Vaticano DiJo Que Era Para Asegunrar que no Haya oTros impactos negativos de la hospitalizaci\u00f3n m\u00e1s larga de su papado.<\/p>\n<p>La Iglesia Cat\u00f3lica Abri\u00f3 Este Mi\u00e9rcoles el Solemne Tiempo de Cuaresma que conduzca a la Pascua, sin la participaci\u00f3n de la participaci\u00f3n del papa francisco, cuyo lugar fue ocupado por un cardenal que dirigi\u00f3 una breve procesi\u00f3n penitent entre dos igles igles iglesi Homil\u00eda del Mi\u00e9rcoles de Ceniza, Que Fue Preparada Con Palabras de Solidaridad y Agradecimento para el Pont\u00edfice.<\/p>\n<p>\u00abNos Sentimos Profundamento unidos a \u00c9l en este Momento\u00bb, Dijo el Cardenal Angelo de Donatis.<\/p>\n<p>JC (AP, AFP)<\/p>\n<\/p>\n<\/div>\n\n","protected":false},"excerpt":{"rendered":"<p>El Estado de Salud del Papa Francisco, que no ha sufrido nuevos episodios de crisis respiratoria, \u00abSe Ha Mantenido estable\u00bb, Anunci\u00f3 El Vaticanoel Mi\u00e9rcoles (05.03.2025) por la noche, en El Vigsimo D\u00eda de Su Hospitalizaci\u00f3n por Unafble NEUMON\u00cdEN NEUMON\u00cdA. \u00abHa Pasado el D\u00eda en Su Sill\u00f3n\u00bb, indic\u00f3 el Vaticano en el \u00daltimo Reporte Sobre Su &hellip;<\/p>\n","protected":false},"author":1,"featured_media":17380,"comment_status":"open","ping_status":"open","sticky":false,"template":"","format":"standard","meta":{"fifu_image_url":"https:\/\/static.dw.com\/image\/71792559_6.jpg","fifu_image_alt":"","footnotes":""},"categories":[13],"tags":[],"class_list":["post-17379","post","type-post","status-publish","format-standard","has-post-thumbnail","","category-mundo"],"_links":{"self":[{"href":"https:\/\/noticiasveraces.com\/index.php?rest_route=\/wp\/v2\/posts\/17379","targetHints":{"allow":["GET"]}}],"collection":[{"href":"https:\/\/noticiasveraces.com\/index.php?rest_route=\/wp\/v2\/posts"}],"about":[{"href":"https:\/\/noticiasveraces.com\/index.php?rest_route=\/wp\/v2\/types\/post"}],"author":[{"embeddable":true,"href":"https:\/\/noticiasveraces.com\/index.php?rest_route=\/wp\/v2\/users\/1"}],"replies":[{"embeddable":true,"href":"https:\/\/noticiasveraces.com\/index.php?rest_route=%2Fwp%2Fv2%2Fcomments&post=17379"}],"version-history":[{"count":0,"href":"https:\/\/noticiasveraces.com\/index.php?rest_route=\/wp\/v2\/posts\/17379\/revisions"}],"wp:featuredmedia":[{"embeddable":true,"href":"https:\/\/noticiasveraces.com\/index.php?rest_route=\/wp\/v2\/media\/17380"}],"wp:attachment":[{"href":"https:\/\/noticiasveraces.com\/index.php?rest_route=%2Fwp%2Fv2%2Fmedia&parent=17379"}],"wp:term":[{"taxonomy":"category","embeddable":true,"href":"https:\/\/noticiasveraces.com\/index.php?rest_route=%2Fwp%2Fv2%2Fcategories&post=17379"},{"taxonomy":"post_tag","embeddable":true,"href":"https:\/\/noticiasveraces.com\/index.php?rest_route=%2Fwp%2Fv2%2Ftags&post=17379"}],"curies":[{"name":"wp","href":"https:\/\/api.w.org\/{rel}","templated":true}]}}