{"id":17374,"date":"2025-03-05T22:49:02","date_gmt":"2025-03-06T02:49:02","guid":{"rendered":"https:\/\/noticiasveraces.com\/?p=17374"},"modified":"2025-03-05T22:49:02","modified_gmt":"2025-03-06T02:49:02","slug":"trudeau-y-trump-tienen-una-acalorada-llamada-de-50-minutos-dw-06-03-2025","status":"publish","type":"post","link":"https:\/\/noticiasveraces.com\/?p=17374","title":{"rendered":"Trudeau y Trump Tienen una \u00abAcalorada\u00bb Llamada de 50 Minutos &#8211; DW &#8211; 06\/03\/2025"},"content":{"rendered":"<p> \n<\/p>\n<div>\n<p>El Primer Ministro Canadiense, Justin Trudeau, Y el Presidente de Estados Unidos, Donald Trump, Mantuvieron Este Mi\u00e9rcoles (05.03.2025) Una \u00abAcalorada\u00bb Conversaci\u00f3n Telef\u00f3nica de 50 Minutos en la Que Discutieron la Guerter Comercial Los Mantienen Canadienses.<\/p>\n<p>En la conversaci\u00f3n, Que Fuentes Gubernamianales Confirmaron A Efe, Trudeau y Trump Trataron la Guerra Comercial Provocada por la Imposici\u00f3na de Aranceles por parte de Estados Unidos As\u00ed Els Esfuerzos canadienses para Limitar El Flujo de Fentanilo A Estados.<\/p>\n<p>Las Mismas Fuentes Dijeron Que en la conversaci\u00f3n Tambi\u00e9n Estuvieron Presenta El Vicepresidente Estadounidense, Jd Vance, Y El Secretario de Comercio de Estados Unidos, Howard Lutnick.<\/p>\n<p>Trump SE Ofreci\u00f3 A Eliminar Los Aranceles para Algunos Sectorados y Productos Pero Trudeau Se Neg\u00f3 A Levantar Las representa Comerciales de Comerciales A Menos que ee.uu. Cancele Todos los Grav\u00e1menes que Enveron en Vigor El Martes.<\/p>\n<p>Ante la Posici\u00f3n de Trudeau, se produjo una \u00abacalorada\u00bb conversaci\u00f3n en la que Trump presente las nuevas quejas Sobre Medidas del Gobierno canadiense Que en su Opini\u00f3n Da\u00f1an los Intereses de Ee.uu., Como las Proteciones Al al Sector Agur\u00edcola.<\/p>\n<p>Tras la Llamada Entre Trudeau y Trump, El Ministro de Finanzas Canadiense, Dominic LeBlanc, conversaci\u00f3n en varios ocasas con Lutnick este Mismo Mi\u00e9rcoles Para Intentar Limar Las Diferencias.<\/p>\n<h2>La versi\u00f3n del magnate<\/h2>\n<p>En su verdad Red Social Truth Social, Trump Revel\u00f3 que Durante Su conversaci\u00f3n le dijo al dirigente canadiense que no hab\u00eda hecho \u00absuficiente\u00bb para evitar los aranceles por el flujo de fentanilo desde canad\u00e1.<\/p>\n<p>\u00ab\u00c9l dijo que la situaci\u00f3na ha mejorado, Pero yo le dije: eSo no es suficiente\u00bb, Explic\u00f3 Trump.<\/p>\n<p>Trudeau Tambi\u00e9n Tiene la Intenci\u00f3n de Hablar Con la Presidente de M\u00e9xico, Claudia Sheinbaum, en Las Pr\u00f3ximas Horas, Explicaron Fuentes Gubernaminales canadienses.<\/p>\n<p>Los contactos entros en los l\u00edderes de ee.uu., canad\u00e1 y M\u00e9xico se producen un d\u00eda desespu\u00e9s de que Trump impusiese aranceles del 25 % un los productos canadienses y mexicanos un pesar de que los tres pa\u00edses tienen en vigor el tratado de libre t-mec.<\/p>\n<p>JC (EFE, DPA)<\/p>\n<\/p>\n<\/div>\n\n","protected":false},"excerpt":{"rendered":"<p>El Primer Ministro Canadiense, Justin Trudeau, Y el Presidente de Estados Unidos, Donald Trump, Mantuvieron Este Mi\u00e9rcoles (05.03.2025) Una \u00abAcalorada\u00bb Conversaci\u00f3n Telef\u00f3nica de 50 Minutos en la Que Discutieron la Guerter Comercial Los Mantienen Canadienses. En la conversaci\u00f3n, Que Fuentes Gubernamianales Confirmaron A Efe, Trudeau y Trump Trataron la Guerra Comercial Provocada por la Imposici\u00f3na &hellip;<\/p>\n","protected":false},"author":1,"featured_media":17375,"comment_status":"open","ping_status":"open","sticky":false,"template":"","format":"standard","meta":{"fifu_image_url":"https:\/\/static.dw.com\/image\/71830839_6.jpg","fifu_image_alt":"","footnotes":""},"categories":[13],"tags":[],"class_list":["post-17374","post","type-post","status-publish","format-standard","has-post-thumbnail","","category-mundo"],"_links":{"self":[{"href":"https:\/\/noticiasveraces.com\/index.php?rest_route=\/wp\/v2\/posts\/17374","targetHints":{"allow":["GET"]}}],"collection":[{"href":"https:\/\/noticiasveraces.com\/index.php?rest_route=\/wp\/v2\/posts"}],"about":[{"href":"https:\/\/noticiasveraces.com\/index.php?rest_route=\/wp\/v2\/types\/post"}],"author":[{"embeddable":true,"href":"https:\/\/noticiasveraces.com\/index.php?rest_route=\/wp\/v2\/users\/1"}],"replies":[{"embeddable":true,"href":"https:\/\/noticiasveraces.com\/index.php?rest_route=%2Fwp%2Fv2%2Fcomments&post=17374"}],"version-history":[{"count":0,"href":"https:\/\/noticiasveraces.com\/index.php?rest_route=\/wp\/v2\/posts\/17374\/revisions"}],"wp:featuredmedia":[{"embeddable":true,"href":"https:\/\/noticiasveraces.com\/index.php?rest_route=\/wp\/v2\/media\/17375"}],"wp:attachment":[{"href":"https:\/\/noticiasveraces.com\/index.php?rest_route=%2Fwp%2Fv2%2Fmedia&parent=17374"}],"wp:term":[{"taxonomy":"category","embeddable":true,"href":"https:\/\/noticiasveraces.com\/index.php?rest_route=%2Fwp%2Fv2%2Fcategories&post=17374"},{"taxonomy":"post_tag","embeddable":true,"href":"https:\/\/noticiasveraces.com\/index.php?rest_route=%2Fwp%2Fv2%2Ftags&post=17374"}],"curies":[{"name":"wp","href":"https:\/\/api.w.org\/{rel}","templated":true}]}}