{"id":17340,"date":"2025-03-05T18:43:19","date_gmt":"2025-03-05T22:43:19","guid":{"rendered":"https:\/\/noticiasveraces.com\/?p=17340"},"modified":"2025-03-05T18:43:19","modified_gmt":"2025-03-05T22:43:19","slug":"groenlandia-panama-aplaude-a-trump-por-su-discurso-al-congreso","status":"publish","type":"post","link":"https:\/\/noticiasveraces.com\/?p=17340","title":{"rendered":"Groenlandia, Panam\u00e1 aplaude a Trump por su discurso al Congreso"},"content":{"rendered":"<p> \n<\/p>\n<div>\n<p class=\"speakable\">Los l\u00edderes de Groenlandia y Panam\u00e1 emitieron mensajes el mi\u00e9rcoles que rechazaron fervientemente los comentarios hechos por el presidente Donald Trump durante su discurso al Congreso en el que volvi\u00f3 a iter\u00f3 sus ambiciones de agarrar las \u00e1reas estrat\u00e9gicamente importantes.<\/p>\n<p class=\"speakable\">Trump ha dejado en claro que tiene la intenci\u00f3n de \u00abadquirir\u00bb tanto Groenlandia como el Canal de Panam\u00e1, y previamente se neg\u00f3 a descartar la intervenci\u00f3n militar para lograr sus objetivos expansionistas.<\/p>\n<p>En su discurso conjunto al Congreso, el presidente dijo que su administraci\u00f3n ya hab\u00eda tomado medidas para \u00abrecuperar\u00bb el Canal de Panam\u00e1 y reiter\u00f3 su impulso para adquirir Groenlandia, que actualmente es un territorio de Dinamarca.<\/p>\n<p><strong>Trump dice que Estados Unidos dar\u00eda la bienvenida a Groenlandia durante el discurso conjunto al Congreso<\/strong><\/p>\n<div class=\"image-ct inline\">\n<div class=\"m\"><picture><source media=\"(max-width: 767px)\" srcset=\"https:\/\/a57.foxnews.com\/static.foxnews.com\/foxnews.com\/content\/uploads\/2025\/03\/343\/192\/trump.jpg?ve=1&amp;tl=1, https:\/\/a57.foxnews.com\/static.foxnews.com\/foxnews.com\/content\/uploads\/2025\/03\/686\/384\/trump.jpg?ve=1&amp;tl=1 2x\" height=\"192\" width=\"343\"><source media=\"(min-width: 768px) and (max-width: 1023px)\" srcset=\"https:\/\/a57.foxnews.com\/static.foxnews.com\/foxnews.com\/content\/uploads\/2025\/03\/672\/378\/trump.jpg?ve=1&amp;tl=1, https:\/\/a57.foxnews.com\/static.foxnews.com\/foxnews.com\/content\/uploads\/2025\/03\/1344\/756\/trump.jpg?ve=1&amp;tl=1 2x\" height=\"378\" width=\"672\"><source media=\"(min-width: 1024px) and (max-width: 1279px)\" srcset=\"https:\/\/a57.foxnews.com\/static.foxnews.com\/foxnews.com\/content\/uploads\/2025\/03\/931\/523\/trump.jpg?ve=1&amp;tl=1, https:\/\/a57.foxnews.com\/static.foxnews.com\/foxnews.com\/content\/uploads\/2025\/03\/1862\/1046\/trump.jpg?ve=1&amp;tl=1 2x\" height=\"523\" width=\"931\"><source media=\"(min-width: 1280px)\" srcset=\"https:\/\/a57.foxnews.com\/static.foxnews.com\/foxnews.com\/content\/uploads\/2025\/03\/720\/405\/trump.jpg?ve=1&amp;tl=1, https:\/\/a57.foxnews.com\/static.foxnews.com\/foxnews.com\/content\/uploads\/2025\/03\/1440\/810\/trump.jpg?ve=1&amp;tl=1 2x\" height=\"405\" width=\"720\"><img loading=\"lazy\" decoding=\"async\" src=\"https:\/\/a57.foxnews.com\/static.foxnews.com\/foxnews.com\/content\/uploads\/2025\/03\/1200\/675\/trump.jpg?ve=1&amp;tl=1\" alt=\"Presidente Donald Trump\" width=\"1200\" height=\"675\"\/><\/source><\/source><\/source><\/source><\/picture><\/div>\n<div class=\"info\">\n<div class=\"caption\">\n<p><span>El presidente Donald Trump se dirige a una sesi\u00f3n conjunta del Congreso en el Capitolio de los Estados Unidos el 4 de marzo de 2025 en Washington, DC<\/span> <span>(Gana McNamee\/Getty Images)<\/span><\/p>\n<\/div>\n<\/div>\n<\/div>\n<h3>Trump mira hacia el este<\/h3>\n<p>Trump habl\u00f3 directamente a Groenlandia en su direcci\u00f3n el martes por la noche y dijo: \u00abApoyamos firmemente su derecho a determinar su propio futuro, y si lo desea, le damos la bienvenida a los Estados Unidos de Am\u00e9rica\u00bb.<\/p>\n<p>\u00abTe mantendremos a salvo. Te haremos rico. Y juntos llevaremos Groenlandia a alturas como nunca antes hab\u00eda cre\u00eddo posible\u00bb, agreg\u00f3.<\/p>\n<p>Trump luego dijo que su administraci\u00f3n estaba \u00abtrabajando con todos los involucrados para tratar de conseguirlo\u00bb.<\/p>\n<p>\u00abLo necesitamos realmente para la seguridad mundial internacional. Y creo que lo vamos a conseguir\u00bb, continu\u00f3. \u00abDe una forma u otra, lo vamos a conseguir\u00bb.<\/p>\n<h3>Respuesta de Groenlandia<\/h3>\n<p>El primer ministro de Groenlandia, Mute Egede, dej\u00f3 en claro el mi\u00e9rcoles que no est\u00e1 interesado en la propiedad estadounidense o dan\u00e9s.<\/p>\n<p>\u00abNo queremos ser estadounidenses, ni daneses, somos Kalaallit (Groenland\u00e9s). Los estadounidenses y su l\u00edder deben entender eso\u00bb, dijo Egede en una publicaci\u00f3n en Facebook traducida por Reuters. <\/p>\n<p>\u00abNo estamos a la venta y no podemos ser tomados. Nuestro futuro est\u00e1 determinado por nosotros en Groenlandia\u00bb, agreg\u00f3.<\/p>\n<div class=\"image-ct inline\">\n<div class=\"m\"><picture><source media=\"(max-width: 767px)\" srcset=\"https:\/\/a57.foxnews.com\/static.foxnews.com\/foxnews.com\/content\/uploads\/2025\/01\/343\/192\/thumbnail-2.png?ve=1&amp;tl=1, https:\/\/a57.foxnews.com\/static.foxnews.com\/foxnews.com\/content\/uploads\/2025\/01\/686\/384\/thumbnail-2.png?ve=1&amp;tl=1 2x\" height=\"192\" width=\"343\"><source media=\"(min-width: 768px) and (max-width: 1023px)\" srcset=\"https:\/\/a57.foxnews.com\/static.foxnews.com\/foxnews.com\/content\/uploads\/2025\/01\/672\/378\/thumbnail-2.png?ve=1&amp;tl=1, https:\/\/a57.foxnews.com\/static.foxnews.com\/foxnews.com\/content\/uploads\/2025\/01\/1344\/756\/thumbnail-2.png?ve=1&amp;tl=1 2x\" height=\"378\" width=\"672\"><source media=\"(min-width: 1024px) and (max-width: 1279px)\" srcset=\"https:\/\/a57.foxnews.com\/static.foxnews.com\/foxnews.com\/content\/uploads\/2025\/01\/931\/523\/thumbnail-2.png?ve=1&amp;tl=1, https:\/\/a57.foxnews.com\/static.foxnews.com\/foxnews.com\/content\/uploads\/2025\/01\/1862\/1046\/thumbnail-2.png?ve=1&amp;tl=1 2x\" height=\"523\" width=\"931\"><source media=\"(min-width: 1280px)\" srcset=\"https:\/\/a57.foxnews.com\/static.foxnews.com\/foxnews.com\/content\/uploads\/2025\/01\/720\/405\/thumbnail-2.png?ve=1&amp;tl=1, https:\/\/a57.foxnews.com\/static.foxnews.com\/foxnews.com\/content\/uploads\/2025\/01\/1440\/810\/thumbnail-2.png?ve=1&amp;tl=1 2x\" height=\"405\" width=\"720\"><img loading=\"lazy\" decoding=\"async\" src=\"https:\/\/a57.foxnews.com\/static.foxnews.com\/foxnews.com\/content\/uploads\/2025\/01\/1200\/675\/thumbnail-2.png?ve=1&amp;tl=1\" alt=\"Primer ministro de Groenlandia, M\u00fate Egede y Trump\" width=\"1200\" height=\"675\"\/><\/source><\/source><\/source><\/source><\/picture><\/div>\n<div class=\"info\">\n<div class=\"caption\">\n<p><span>El primer ministro de Groenlandia, M\u00fate Egede (izquierda) y el presidente electo Donald Trump (derecha).<\/span> <span>(Getty Images | Fox News Digital)<\/span><\/p>\n<\/div>\n<\/div>\n<\/div>\n<h3>Trump mira hacia el sur<\/h3>\n<p>Los comentarios de Trump sobre el Canal de Panam\u00e1 el martes por la noche fueron tan directos cuando dijo: \u00abMi administraci\u00f3n reclamar\u00e1 al Canal de Panam\u00e1\u00bb.<\/p>\n<p>\u00abYa hemos comenzado a hacerlo\u00bb, agreg\u00f3.<\/p>\n<p>Trump ha afirmado que China se ha apoderado de la importante v\u00eda fluvial cuando una compa\u00f1\u00eda con sede en Hong Kong opera puertos en cada extremo del canal, lo que la administraci\u00f3n ha afirmado podr\u00eda cortar a los Estados Unidos del canal si Beijing lo dirig\u00eda. <\/p>\n<p>Sin embargo, Panam\u00e1 ha rechazado repetidamente la afirmaci\u00f3n de que China dirige el canal.<\/p>\n<p><strong>Panam\u00e1 acepta terminar con el trato del canal con China despu\u00e9s de la visita de Rubio<\/strong><\/p>\n<div class=\"image-ct inline\">\n<div class=\"m\"><picture><source media=\"(max-width: 767px)\" srcset=\"https:\/\/a57.foxnews.com\/static.foxnews.com\/foxnews.com\/content\/uploads\/2025\/01\/343\/192\/gettyimages-2191009566.jpg?ve=1&amp;tl=1, https:\/\/a57.foxnews.com\/static.foxnews.com\/foxnews.com\/content\/uploads\/2025\/01\/686\/384\/gettyimages-2191009566.jpg?ve=1&amp;tl=1 2x\" height=\"192\" width=\"343\"><source media=\"(min-width: 768px) and (max-width: 1023px)\" srcset=\"https:\/\/a57.foxnews.com\/static.foxnews.com\/foxnews.com\/content\/uploads\/2025\/01\/672\/378\/gettyimages-2191009566.jpg?ve=1&amp;tl=1, https:\/\/a57.foxnews.com\/static.foxnews.com\/foxnews.com\/content\/uploads\/2025\/01\/1344\/756\/gettyimages-2191009566.jpg?ve=1&amp;tl=1 2x\" height=\"378\" width=\"672\"><source media=\"(min-width: 1024px) and (max-width: 1279px)\" srcset=\"https:\/\/a57.foxnews.com\/static.foxnews.com\/foxnews.com\/content\/uploads\/2025\/01\/931\/523\/gettyimages-2191009566.jpg?ve=1&amp;tl=1, https:\/\/a57.foxnews.com\/static.foxnews.com\/foxnews.com\/content\/uploads\/2025\/01\/1862\/1046\/gettyimages-2191009566.jpg?ve=1&amp;tl=1 2x\" height=\"523\" width=\"931\"><source media=\"(min-width: 1280px)\" srcset=\"https:\/\/a57.foxnews.com\/static.foxnews.com\/foxnews.com\/content\/uploads\/2025\/01\/720\/405\/gettyimages-2191009566.jpg?ve=1&amp;tl=1, https:\/\/a57.foxnews.com\/static.foxnews.com\/foxnews.com\/content\/uploads\/2025\/01\/1440\/810\/gettyimages-2191009566.jpg?ve=1&amp;tl=1 2x\" height=\"405\" width=\"720\"><img loading=\"lazy\" decoding=\"async\" src=\"https:\/\/a57.foxnews.com\/static.foxnews.com\/foxnews.com\/content\/uploads\/2025\/01\/1200\/675\/gettyimages-2191009566.jpg?ve=1&amp;tl=1\" alt=\"Los barcos pasan por el Canal de Panam\u00e1\" width=\"1200\" height=\"675\"\/><\/source><\/source><\/source><\/source><\/picture><\/div>\n<div class=\"info\">\n<div class=\"caption\">\n<p><span>El barco de carga de las Islas Marshall Cape Hella (L) y el barco de carga portugu\u00e9s MSC Elma navegan en el lago Gatun, cerca de las cerraduras de Agua Clara del Canal de Panam\u00e1 en Colon City, Panam\u00e1, el 28 de diciembre de 2024.<\/span> <span>(Arnulfo Franco\/AFP a trav\u00e9s de Getty Images)<\/span><\/p>\n<\/div>\n<\/div>\n<\/div>\n<p>\u00abJusto hoy, una gran compa\u00f1\u00eda estadounidense anunci\u00f3 que est\u00e1n comprando ambos puertos alrededor del Canal de Panam\u00e1 y muchas otras cosas que tienen que ver con el Canal de Panam\u00e1 y un par de otros canales\u00bb, dijo Trump.<\/p>\n<p>Los comentarios de Trump fueron en referencia a un acuerdo de consorcio de $ 23 mil millones en BlackRock Inc.- Til consorcio hecho con Hutchison Port Holdings, el conglomerado de Hong Kong, anunci\u00f3 el martes.<\/p>\n<p>El consorcio, compuesto por BlackRock Inc., Global Infrastructure Partners y Terminal Investment Limited, adquirir\u00eda \u00abIntereses del 90% en Panama Ports Company (la\u00bb Transacci\u00f3n PPC \u00ab), que posee y opera los puertos de Balboa y Crist\u00f3bal en Panam\u00e1\u00bb, seg\u00fan un comunicado de prensa del martes.<\/p>\n<h3>Respuesta de Panam\u00e1<\/h3>\n<p>Pero el presidente de Panam\u00e1 se desestim\u00f3 con los comentarios de Trump diciendo en parte: \u00abUna vez m\u00e1s, el presidente Trump, est\u00e1 mintiendo\u00bb.<\/p>\n<div class=\"image-ct inline\">\n<div class=\"m\"><picture><source media=\"(max-width: 767px)\" srcset=\"https:\/\/a57.foxnews.com\/static.foxnews.com\/foxnews.com\/content\/uploads\/2025\/02\/343\/192\/marco-rubio-panama.jpg?ve=1&amp;tl=1, https:\/\/a57.foxnews.com\/static.foxnews.com\/foxnews.com\/content\/uploads\/2025\/02\/686\/384\/marco-rubio-panama.jpg?ve=1&amp;tl=1 2x\" height=\"192\" width=\"343\"><source media=\"(min-width: 768px) and (max-width: 1023px)\" srcset=\"https:\/\/a57.foxnews.com\/static.foxnews.com\/foxnews.com\/content\/uploads\/2025\/02\/672\/378\/marco-rubio-panama.jpg?ve=1&amp;tl=1, https:\/\/a57.foxnews.com\/static.foxnews.com\/foxnews.com\/content\/uploads\/2025\/02\/1344\/756\/marco-rubio-panama.jpg?ve=1&amp;tl=1 2x\" height=\"378\" width=\"672\"><source media=\"(min-width: 1024px) and (max-width: 1279px)\" srcset=\"https:\/\/a57.foxnews.com\/static.foxnews.com\/foxnews.com\/content\/uploads\/2025\/02\/931\/523\/marco-rubio-panama.jpg?ve=1&amp;tl=1, https:\/\/a57.foxnews.com\/static.foxnews.com\/foxnews.com\/content\/uploads\/2025\/02\/1862\/1046\/marco-rubio-panama.jpg?ve=1&amp;tl=1 2x\" height=\"523\" width=\"931\"><source media=\"(min-width: 1280px)\" srcset=\"https:\/\/a57.foxnews.com\/static.foxnews.com\/foxnews.com\/content\/uploads\/2025\/02\/720\/405\/marco-rubio-panama.jpg?ve=1&amp;tl=1, https:\/\/a57.foxnews.com\/static.foxnews.com\/foxnews.com\/content\/uploads\/2025\/02\/1440\/810\/marco-rubio-panama.jpg?ve=1&amp;tl=1 2x\" height=\"405\" width=\"720\"><img loading=\"lazy\" decoding=\"async\" src=\"https:\/\/a57.foxnews.com\/static.foxnews.com\/foxnews.com\/content\/uploads\/2025\/02\/1200\/675\/marco-rubio-panama.jpg?ve=1&amp;tl=1\" alt=\"Secretario de Estado Rubio en Panam\u00e1\" width=\"1200\" height=\"675\"\/><\/source><\/source><\/source><\/source><\/picture><\/div>\n<div class=\"info\">\n<div class=\"caption\">\n<p><span>El Secretario de Estado de los Estados Unidos, Marco Rubio, a la derecha, saluda despu\u00e9s de ser recibido por el ministro de Relaciones Exteriores de Panam\u00e1, Javier Mart\u00ednez-Caila, a la izquierda, a su llegada al Palacio Presidencial en la ciudad de Panam\u00e1, el domingo 2 de febrero. Panam\u00e1 es el primer viaje de Rubio al extranjero como secretario de Estado.<\/span> <span>(AP\/Mark Schiefelbein)<\/span><\/p>\n<\/div>\n<\/div>\n<\/div>\n<p><strong>Haga clic aqu\u00ed para obtener la aplicaci\u00f3n Fox News<\/strong> <\/p>\n<p>\u00abEl Canal de Panam\u00e1 no est\u00e1 en el proceso de ser restaurado, y esta no es la tarea que incluso se discuti\u00f3 en nuestras conversaciones con [Secretary of State] Rubio o cualquier otra persona \u00ab, dijo el presidente de Panam\u00e1, Jos\u00e9 Ra\u00fal Mulino, en una publicaci\u00f3n sobre X.\u00bb Rechazo, en nombre de Panam\u00e1 y todos los Panamanos, esta nueva afrenta a la verdad y a nuestra dignidad como naci\u00f3n. <\/p>\n<p>\u00abNo tiene nada que ver con la &#8216;recuperaci\u00f3n del canal&#8217; o con la empa\u00f1ada de nuestra soberan\u00eda nacional\u00bb, agreg\u00f3.  \u00ab\u00a1El canal es paname\u00f1o y continuar\u00e1 siendo paname\u00f1o!\u00bb<\/p>\n<p> <!----> <\/p>\n<div class=\"article-meta\">\n<div class=\"author-bio\">\n<p>Caitlin McFall es reportero de Fox News Digital Cubting Politics, US y World News.<\/p>\n<\/div>\n<\/div>\n<\/div>\n\n","protected":false},"excerpt":{"rendered":"<p>Los l\u00edderes de Groenlandia y Panam\u00e1 emitieron mensajes el mi\u00e9rcoles que rechazaron fervientemente los comentarios hechos por el presidente Donald Trump durante su discurso al Congreso en el que volvi\u00f3 a iter\u00f3 sus ambiciones de agarrar las \u00e1reas estrat\u00e9gicamente importantes. Trump ha dejado en claro que tiene la intenci\u00f3n de \u00abadquirir\u00bb tanto Groenlandia como el &hellip;<\/p>\n","protected":false},"author":1,"featured_media":17342,"comment_status":"open","ping_status":"open","sticky":false,"template":"","format":"standard","meta":{"fifu_image_url":"https:\/\/static.foxnews.com\/foxnews.com\/content\/uploads\/2025\/03\/trump-greenland-split.jpg","fifu_image_alt":"","footnotes":""},"categories":[13],"tags":[],"class_list":["post-17340","post","type-post","status-publish","format-standard","has-post-thumbnail","","category-mundo"],"_links":{"self":[{"href":"https:\/\/noticiasveraces.com\/index.php?rest_route=\/wp\/v2\/posts\/17340","targetHints":{"allow":["GET"]}}],"collection":[{"href":"https:\/\/noticiasveraces.com\/index.php?rest_route=\/wp\/v2\/posts"}],"about":[{"href":"https:\/\/noticiasveraces.com\/index.php?rest_route=\/wp\/v2\/types\/post"}],"author":[{"embeddable":true,"href":"https:\/\/noticiasveraces.com\/index.php?rest_route=\/wp\/v2\/users\/1"}],"replies":[{"embeddable":true,"href":"https:\/\/noticiasveraces.com\/index.php?rest_route=%2Fwp%2Fv2%2Fcomments&post=17340"}],"version-history":[{"count":0,"href":"https:\/\/noticiasveraces.com\/index.php?rest_route=\/wp\/v2\/posts\/17340\/revisions"}],"wp:featuredmedia":[{"embeddable":true,"href":"https:\/\/noticiasveraces.com\/index.php?rest_route=\/wp\/v2\/media\/17342"}],"wp:attachment":[{"href":"https:\/\/noticiasveraces.com\/index.php?rest_route=%2Fwp%2Fv2%2Fmedia&parent=17340"}],"wp:term":[{"taxonomy":"category","embeddable":true,"href":"https:\/\/noticiasveraces.com\/index.php?rest_route=%2Fwp%2Fv2%2Fcategories&post=17340"},{"taxonomy":"post_tag","embeddable":true,"href":"https:\/\/noticiasveraces.com\/index.php?rest_route=%2Fwp%2Fv2%2Ftags&post=17340"}],"curies":[{"name":"wp","href":"https:\/\/api.w.org\/{rel}","templated":true}]}}