{"id":17319,"date":"2025-03-05T13:36:28","date_gmt":"2025-03-05T17:36:28","guid":{"rendered":"https:\/\/noticiasveraces.com\/?p=17319"},"modified":"2025-03-05T13:36:28","modified_gmt":"2025-03-05T17:36:28","slug":"esta-en-riesgo-la-salud-de-lascotas-los-veterinarios-salen-a-la-calle-por-las-trabas-en-la-prescripcion-de-antibiotica-clima-y-medio-ambiente","status":"publish","type":"post","link":"https:\/\/noticiasveraces.com\/?p=17319","title":{"rendered":"\u00bfEst\u00e1 en Riesgo la Salud de Lascotas? Los veterinarios salen a la calle por las trabas en la prescripci\u00f3n de antibi\u00f3tica | Clima y medio ambiente"},"content":{"rendered":"<p> \n<\/p>\n<div data-dtm-region=\"articulo_cuerpo\">\n<p class=\"\">La Revuelta de los Veterinarios comenz\u00f3 A Principios de Enero y Ha Explotado ESTE Mi\u00e9rcoles en una manifestaci\u00f3n Frente a la Sede en madrid del ministerio de agricultura, pesca y alimentaci\u00f3n. Luchan Contra lo que considere \u00abla gota que ha colmado el vaso\u00bb: una nueva normaciva que obligue a Informar de Manera pormenorizada Sobre Cada Antibi\u00f3tica que recetan, y que ha sacado a la luz problemas arsastrados desde hace a -sen solvo. El Sistema, Llamado Presvet, Pretende Controlar El Uso de Antibi\u00f3tica en Los animales en General \u2014Se USA Con Los de Granja Desde 2019 &#8211; Y Luchar Contra la P\u00e9rdida de Efectividad de Estos f\u00e1rmacos Debido a Su Abuso. Combatir ESE PROBLEMA DE ALGO CON LO EST\u00c1N DE ACUERDO LOS VETERINARIOS, Pero siempre que no limite su criterio cl\u00ednico para prescribir tratamientos afecte al bienestar de sus pacientes, debido al control tan f\u00e9ro -al que se ven abocados.<\/p>\n<p class=\"\">Tras el Lema \u00abDejadnos Trabajar\u00bb El Sector se HA Manifestado ESTE Mi\u00e9rcoles Frente al Ministerio de Agricultura, Donde Han Acudido 5.000 Veterinarios de Varios Puntos del Pa\u00eds, Seg\u00fan Los Organizadores de la Protesta. Mar\u00eda \u00c1ngeles Borrego HA Viajado Desde Sevilla y Asegura que los Cambios Ya le Est\u00e1n Afectando \u00abPsicol\u00f3gicamento\u00bb. \u00abSin podemos Curar Bien, no Podemos Imponer Nuestro Criterio, El Tratamiento que Creemos es Mejor para el Animal\u00bb, Lamento. \u00abQueremos Libertad para Ejercer la Profesi\u00f3n\u00bb, A\u00f1ade Borrego. Adem\u00e1s de Veterinarios, Tambi\u00e9n Han Acudido Due\u00f1os de Mascotas, Como Francisco S\u00e1nchez, Vecino de Parla, Tiene Un Perro, Y Colectivos Animalistas, Como Pacma. El Presidente del Partido Animalista, Javier Luna, HA Criticado Que Se Quiera \u00abAtar de Pies y Manos\u00bb A Los Veterinarios \u00abPoniendo en Peligro la Vida de Los Animales\u00bb. Estas hijo Las Claves de la Protesta del Sector Veterinario:<\/p>\n<h3 class=\"\">Un sistema r\u00edgido que restringe el aceso a los tratamientos de lascotas<\/h3>\n<p class=\"\">Los veterinarios aseguran que se perpet\u00faa un sistema de prescripci\u00f3 de antibi\u00f3tica Totalmental ineficiente. Ponen un eJemplo: en el Caso de que un perro enfermo, primero heno que intento recetar un producto espec\u00edfico para animales, y si no existe, continuar buscando en Embito, incluso en pa\u00edses europeos. SOLO SISE RASTERO ResultA Infructuoso, PUEDEN Prescribir un antibi\u00f3tico para humanos. En el Caso de los Antibi\u00f3tica M\u00e1s Restringidos, SE Obla A Realizar Un cultivo para determinar la infecciosa y ver cutl es el tratamiento m\u00e1s adecuado. \u00abEn muchas ocasas, es imponible Hacerlo, por eJemplo, con una neumon\u00eda, adem\u00e1s del coste que supone para el cliente\u00bb, se deja manuel l\u00e1zaro, veterinario cl\u00ednico y miembro de la junta del colegio de veterinarios de madrid.<\/p>\n<figure class=\"a_m a_m-h \"><span class=\"_db a_m_w _pr lb_btn\"><img alt=\"Manifestaci\u00f3n de Veterinarios en Madrid, Este Mi\u00e9rcoles. \" decoding=\"auto\" class=\"_re lazyload a_m-h\" height=\"277\" srcset=\"https:\/\/imagenes.elpais.com\/resizer\/v2\/LXUGBRPB65B6RFAOO4YAVON5TY.JPG?auth=b15bdfbddfd7e4e3599dd50fbb4504933d3f13a77044458702feb446099fe396&amp;width=414 414w,https:\/\/imagenes.elpais.com\/resizer\/v2\/LXUGBRPB65B6RFAOO4YAVON5TY.JPG?auth=b15bdfbddfd7e4e3599dd50fbb4504933d3f13a77044458702feb446099fe396&amp;width=828 640w,https:\/\/imagenes.elpais.com\/resizer\/v2\/LXUGBRPB65B6RFAOO4YAVON5TY.JPG?auth=b15bdfbddfd7e4e3599dd50fbb4504933d3f13a77044458702feb446099fe396&amp;width=980 1000w,https:\/\/imagenes.elpais.com\/resizer\/v2\/LXUGBRPB65B6RFAOO4YAVON5TY.JPG?auth=b15bdfbddfd7e4e3599dd50fbb4504933d3f13a77044458702feb446099fe396&amp;width=1960 1960w\" width=\"414\" sizes=\"auto, (min-width:1199px) 1155px,(min-width:1001px) calc(100vw - 44px),(min-width:768px) 767px, 100vw\" src=\"https:\/\/imagenes.elpais.com\/resizer\/v2\/LXUGBRPB65B6RFAOO4YAVON5TY.JPG?auth=b15bdfbddfd7e4e3599dd50fbb4504933d3f13a77044458702feb446099fe396&amp;width=414\" loading=\"lazy\"\/><svg class=\"icon_multimedia_ampliar | _pa a_m_i a_m_i-a _dn\" viewbox=\"0 0 40 40\"><use xlink:href=\"#svg-ampliar\"\/><\/svg><\/span><figcaption class=\"a_m_p\"><span>Manifestaci\u00f3n de Veterinarios en Madrid, Este Mi\u00e9rcoles. <\/span><span class=\"a_m_m\">C\u00e9sar Vallejo Rodr\u00edguez<\/span><\/figcaption><\/figure>\n<p class=\"\">\u00abCade Animal Tiene Necesidades M\u00e9dicas especies, Pero la Normativa impone unsistema \u00danico de prescripci\u00f3n sen flexibilidad, lo que limita la capacido de los veterinarios para del carrito de los personajes personales\u00bb, indica el colegio de veterinarios de madrid en un comunicado. Con El Presvet no se Pueden Permitir omitir Ninguno de Estos Pasos, Porque se Arriesgan A IMPORTANTES Santiones, que los veterinarios consideran abusivas y que pueden lllegar hasta los 1,2 milones de euros por no notificar los tratamientos.<\/p>\n<p class=\"\">El Ministerio Sostieno que esta cuestio no tiene nada que ver el presvet, Proviene Porque de una normativa europea que establecia el orden de prescripci\u00f3n en Casa de que un medicamento no est\u00e9 disponible para una una especial y patolog\u00eda concreta. En cuanto a Las Sanciones, El Ministerio de Agricultura Indica que se Han Modificado en el Marco de la Ley de Desperdicio Alimentario, Pendiente de Aprobaci\u00f3.<\/p>\n<h3 class=\"\">Los Veterinarios Quieren Poder Dispensar Los Tratamientos completas<\/h3>\n<p class=\"\">A la Rigidez del Sistema se une la imposibilidad de la encontraria determinados medicamentos para animales en las bototas. \u00abNosotros podemos recetar, pero luego los clientes los compran en una agricamacia, y el problema que muchas no tienen esos productos y al final Vuelven a la cl\u00ednica o les ofrecen sostisirlos por otros no adecuados\u00bb, Explaza l\u00e1zaro. Ellos Lo Pueden Ceder si el Cliente no lo Encuentra de otra forma, \u00abPero implica otro retraso\u00bb. La Soluci\u00f3n, Dicen, ES Permitir que los Veterinarios dispensen, Como ya viene en otros pa\u00edses europeos, los medicamentos necesarios para el tratamiento completo del animal, asegurando un accesso inmediato. Este evitar\u00eda tambi\u00e9n que se acumulen pastillas en las casas, porque dar\u00eda las dosis justas.<\/p>\n<p class=\"\">Adem\u00e1s, Los Asistentes a la Manifestaci\u00f3n Tambi\u00e9n se Quejan de la Fiscalidad. Sostienen Que Mientras la Sanidad Humana Tiene un iva Reducido, Los Servicios Veterinarios Est\u00e1n Gravados con un 21%, \u00abLo que Encarece los Tratamientos y Dificulta Su Acceso\u00bb, Lamentan los Organizadores de la Prota.<\/p>\n<figure class=\"a_m a_m-h \"><span class=\"_db a_m_w _pr lb_btn\"><img alt=\"Un Perro, Durante la Protesta de Veterinarios en Madrid Este Mi\u00e9rcoles. \" decoding=\"auto\" class=\"_re lazyload a_m-h\" height=\"276\" srcset=\"https:\/\/imagenes.elpais.com\/resizer\/v2\/6SVBG7TPSBHK5D6R6NCSNPZS4Y.JPG?auth=a9739be2edd5f86d219f256b534335fdeb18cbcd193b4738d7d768047da6bc79&amp;width=414 414w,https:\/\/imagenes.elpais.com\/resizer\/v2\/6SVBG7TPSBHK5D6R6NCSNPZS4Y.JPG?auth=a9739be2edd5f86d219f256b534335fdeb18cbcd193b4738d7d768047da6bc79&amp;width=828 640w,https:\/\/imagenes.elpais.com\/resizer\/v2\/6SVBG7TPSBHK5D6R6NCSNPZS4Y.JPG?auth=a9739be2edd5f86d219f256b534335fdeb18cbcd193b4738d7d768047da6bc79&amp;width=980 1000w,https:\/\/imagenes.elpais.com\/resizer\/v2\/6SVBG7TPSBHK5D6R6NCSNPZS4Y.JPG?auth=a9739be2edd5f86d219f256b534335fdeb18cbcd193b4738d7d768047da6bc79&amp;width=1960 1960w\" width=\"414\" sizes=\"auto, (min-width:1199px) 1155px,(min-width:1001px) calc(100vw - 44px),(min-width:768px) 767px, 100vw\" src=\"https:\/\/imagenes.elpais.com\/resizer\/v2\/6SVBG7TPSBHK5D6R6NCSNPZS4Y.JPG?auth=a9739be2edd5f86d219f256b534335fdeb18cbcd193b4738d7d768047da6bc79&amp;width=414\" loading=\"lazy\"\/><svg class=\"icon_multimedia_ampliar | _pa a_m_i a_m_i-a _dn\" viewbox=\"0 0 40 40\"><use xlink:href=\"#svg-ampliar\"\/><\/svg><\/span><figcaption class=\"a_m_p\"><span>Un Perro, Durante la Protesta de Veterinarios en Madrid Este Mi\u00e9rcoles. <\/span><span class=\"a_m_m\">C\u00e9sar Vallejo Rodr\u00edguez<\/span><\/figcaption><\/figure>\n<h3 class=\"\">SE deja de Lado El Criterio Cl\u00ednico de los Profesionales<\/h3>\n<p class=\"\">Los veterinarios aseguran que se les se sean a la posibilidad de prescribir antibi\u00f3tica especificios para animales siguvo su criterio cl\u00ednico y la evidencia cient\u00edfica. \u201cEn muchos casos, los prospectos de los medicamentos para animales son muy antiguos y muy pobres, porque es m\u00e1s barato registrarlos para una sola patolog\u00eda, pero nosotros sabemos por nuestra experiencia y conocimiento cient\u00edfico que se pueden utilizar para atajar m\u00e1s enfermedades de las que se Indican \u201d, Explica L\u00e1zaro. Y eSo Han Venido Haciendo, Pero Ahora no Pueden \u00abPorque el Presvertir lo detectario y Saltar\u00eda una alarma\u00bb.<\/p>\n<p class=\"\">El Ministerio de Agricultura Asegura, Sin embargo, Que Este Reglamento \u00abNo Condiciona en Absoluto El Juicio Cl\u00ednico del Veterinario\u00bb. Lo que se busca, A\u00f1ade, ES \u00abintroductucir transparencia en el sistema\u00bb de forma que se pueda \u00abconocer en Profundidad el Uso de Antibi\u00f3tica\u00bb.<\/p>\n<figure class=\"a_m a_m-h \"><span class=\"_db a_m_w _pr lb_btn\"><img alt=\"Protesta de Veterinarios Ante El Ministerio de Agricultura de Madrid, Este Mi\u00e9rcoles. \" decoding=\"auto\" class=\"_re lazyload a_m-h\" height=\"276\" srcset=\"https:\/\/imagenes.elpais.com\/resizer\/v2\/76TEYT3IQJEC5C622M7ERX5WOU.JPG?auth=407cf3e327daa90df4685342bb110cc2600e176fbc40f7fc4ccc73c1c5f06fa6&amp;width=414 414w,https:\/\/imagenes.elpais.com\/resizer\/v2\/76TEYT3IQJEC5C622M7ERX5WOU.JPG?auth=407cf3e327daa90df4685342bb110cc2600e176fbc40f7fc4ccc73c1c5f06fa6&amp;width=828 640w,https:\/\/imagenes.elpais.com\/resizer\/v2\/76TEYT3IQJEC5C622M7ERX5WOU.JPG?auth=407cf3e327daa90df4685342bb110cc2600e176fbc40f7fc4ccc73c1c5f06fa6&amp;width=980 1000w,https:\/\/imagenes.elpais.com\/resizer\/v2\/76TEYT3IQJEC5C622M7ERX5WOU.JPG?auth=407cf3e327daa90df4685342bb110cc2600e176fbc40f7fc4ccc73c1c5f06fa6&amp;width=1960 1960w\" width=\"414\" sizes=\"auto, (min-width:1199px) 1155px,(min-width:1001px) calc(100vw - 44px),(min-width:768px) 767px, 100vw\" src=\"https:\/\/imagenes.elpais.com\/resizer\/v2\/76TEYT3IQJEC5C622M7ERX5WOU.JPG?auth=407cf3e327daa90df4685342bb110cc2600e176fbc40f7fc4ccc73c1c5f06fa6&amp;width=414\" loading=\"lazy\"\/><svg class=\"icon_multimedia_ampliar | _pa a_m_i a_m_i-a _dn\" viewbox=\"0 0 40 40\"><use xlink:href=\"#svg-ampliar\"\/><\/svg><\/span><figcaption class=\"a_m_p\"><span>Protesta de Veterinarios Ante El Ministerio de Agricultura de Madrid, Este Mi\u00e9rcoles. <\/span><span class=\"a_m_m\">C\u00e9sar Vallejo Rodr\u00edguez<\/span><\/figcaption><\/figure>\n<h3 class=\"\">Dudas en Casa de Urgencias y de animales Sin identificaci\u00f3n<\/h3>\n<p class=\"\">\u201cEn Caso de Urgencia y Riesgo Evidente para el Animal, Se Puede, Bajo El Juicio Cl\u00ednico del Veterinario y Con la Correcci\u00f3n Justificaci\u00f3n Justificaci\u00f3n, Prescribir Su Uso [de antibi\u00f3ticos] Antes de Disponer del resultado de Las Pruebas Diagnoscas \u201d, Explica el Ministerio. Pero Existen Dudas Dentro del Colectivo. Laura Mu\u00f1iz, Veterinaria Cl\u00ednica de la Comunidad de Madrid, Considera que exigirse una \u00abcorrecta justificaci\u00f3n\u00bb, se est\u00e1 Incorporando una Valoraci\u00f3n \u00abSubjetiva, as\u00ed Que te tienes que el vida vida del animal est\u00e1 est\u00e1 est\u00e1 est\u00e1 estir estir estig\u00bb. Y OTRA VEZ APARECER\u00cdA LAS SANCIONES DE LOS COLEGIOS PROFESIONALES CONSIDERANDA DENPROPORCIONADAS.<\/p>\n<p class=\"\">Ante la confusi\u00f3n que se ha generado, la dirci\u00f3n del general de Derechos de los animales, Confiante del Ministerio de Consumo, Ha Elaborado una nota en la que establecido los Protocolos de Actuaci\u00f3n en el Caso de Que Lleguen en animales Identificar a las cl\u00edicas veterinarias. En ella se indica que se podr\u00e1 tratar a determinados eJemplares sin identificaci\u00f3n (colonias felinas, animales abandonados o vagabundos), indic\u00e1ndolo en la receta o en la ficha cl\u00ednica.<\/p>\n<figure class=\"a_m a_m-h \"><span class=\"_db a_m_w _pr lb_btn\"><img alt=\"Manuel Mart\u00ednez, Presidente de la Federaci\u00f3n Estatal de Sindicatos veterinarios (Fesvet), Toma la Palabra Frente al Ministerio de Agricultura.\" decoding=\"auto\" class=\"_re lazyload a_m-h\" height=\"276\" srcset=\"https:\/\/imagenes.elpais.com\/resizer\/v2\/KKEMB5BW4RH6VBXPDAGAILYGXI.JPG?auth=3d9a9f8e0f46d9bbdf439a7010460f0b37b68f6081ee6fe7b66ee3757d716fdd&amp;width=414 414w,https:\/\/imagenes.elpais.com\/resizer\/v2\/KKEMB5BW4RH6VBXPDAGAILYGXI.JPG?auth=3d9a9f8e0f46d9bbdf439a7010460f0b37b68f6081ee6fe7b66ee3757d716fdd&amp;width=828 640w,https:\/\/imagenes.elpais.com\/resizer\/v2\/KKEMB5BW4RH6VBXPDAGAILYGXI.JPG?auth=3d9a9f8e0f46d9bbdf439a7010460f0b37b68f6081ee6fe7b66ee3757d716fdd&amp;width=980 1000w,https:\/\/imagenes.elpais.com\/resizer\/v2\/KKEMB5BW4RH6VBXPDAGAILYGXI.JPG?auth=3d9a9f8e0f46d9bbdf439a7010460f0b37b68f6081ee6fe7b66ee3757d716fdd&amp;width=1960 1960w\" width=\"414\" sizes=\"auto, (min-width:1199px) 1155px,(min-width:1001px) calc(100vw - 44px),(min-width:768px) 767px, 100vw\" src=\"https:\/\/imagenes.elpais.com\/resizer\/v2\/KKEMB5BW4RH6VBXPDAGAILYGXI.JPG?auth=3d9a9f8e0f46d9bbdf439a7010460f0b37b68f6081ee6fe7b66ee3757d716fdd&amp;width=414\" loading=\"lazy\"\/><svg class=\"icon_multimedia_ampliar | _pa a_m_i a_m_i-a _dn\" viewbox=\"0 0 40 40\"><use xlink:href=\"#svg-ampliar\"\/><\/svg><\/span><figcaption class=\"a_m_p\"><span>Manuel Mart\u00ednez, Presidente de la Federaci\u00f3n Estatal de Sindicatos veterinarios (Fesvet), Toma la Palabra Frente al Ministerio de Agricultura.<\/span><span class=\"a_m_m\">C\u00e9sar Vallejo Rodr\u00edguez<\/span><\/figcaption><\/figure>\n<\/div>\n\n","protected":false},"excerpt":{"rendered":"<p>La Revuelta de los Veterinarios comenz\u00f3 A Principios de Enero y Ha Explotado ESTE Mi\u00e9rcoles en una manifestaci\u00f3n Frente a la Sede en madrid del ministerio de agricultura, pesca y alimentaci\u00f3n. Luchan Contra lo que considere \u00abla gota que ha colmado el vaso\u00bb: una nueva normaciva que obligue a Informar de Manera pormenorizada Sobre Cada &hellip;<\/p>\n","protected":false},"author":1,"featured_media":17320,"comment_status":"open","ping_status":"open","sticky":false,"template":"","format":"standard","meta":{"fifu_image_url":"https:\/\/imagenes.elpais.com\/resizer\/v2\/R47GZM2NDNBF7FQBW6KS6TGOZM.JPG?auth=098c6ef0a4459c75b9281635e887cf1ecec8139847527f5cb4455285125130f4&width=1200","fifu_image_alt":"","footnotes":""},"categories":[11],"tags":[],"class_list":["post-17319","post","type-post","status-publish","format-standard","has-post-thumbnail","","category-viaje"],"_links":{"self":[{"href":"https:\/\/noticiasveraces.com\/index.php?rest_route=\/wp\/v2\/posts\/17319","targetHints":{"allow":["GET"]}}],"collection":[{"href":"https:\/\/noticiasveraces.com\/index.php?rest_route=\/wp\/v2\/posts"}],"about":[{"href":"https:\/\/noticiasveraces.com\/index.php?rest_route=\/wp\/v2\/types\/post"}],"author":[{"embeddable":true,"href":"https:\/\/noticiasveraces.com\/index.php?rest_route=\/wp\/v2\/users\/1"}],"replies":[{"embeddable":true,"href":"https:\/\/noticiasveraces.com\/index.php?rest_route=%2Fwp%2Fv2%2Fcomments&post=17319"}],"version-history":[{"count":0,"href":"https:\/\/noticiasveraces.com\/index.php?rest_route=\/wp\/v2\/posts\/17319\/revisions"}],"wp:featuredmedia":[{"embeddable":true,"href":"https:\/\/noticiasveraces.com\/index.php?rest_route=\/wp\/v2\/media\/17320"}],"wp:attachment":[{"href":"https:\/\/noticiasveraces.com\/index.php?rest_route=%2Fwp%2Fv2%2Fmedia&parent=17319"}],"wp:term":[{"taxonomy":"category","embeddable":true,"href":"https:\/\/noticiasveraces.com\/index.php?rest_route=%2Fwp%2Fv2%2Fcategories&post=17319"},{"taxonomy":"post_tag","embeddable":true,"href":"https:\/\/noticiasveraces.com\/index.php?rest_route=%2Fwp%2Fv2%2Ftags&post=17319"}],"curies":[{"name":"wp","href":"https:\/\/api.w.org\/{rel}","templated":true}]}}