{"id":17310,"date":"2025-03-05T13:25:16","date_gmt":"2025-03-05T17:25:16","guid":{"rendered":"https:\/\/noticiasveraces.com\/?p=17310"},"modified":"2025-03-05T13:25:16","modified_gmt":"2025-03-05T17:25:16","slug":"los-britanicos-se-sienten-fuera-de-contacto-con-la-naturaleza-ya-que-muchos-no-han-visitado-el-campo-en-meses","status":"publish","type":"post","link":"https:\/\/noticiasveraces.com\/?p=17310","title":{"rendered":"Los brit\u00e1nicos se sienten &#8216;fuera de contacto&#8217; con la naturaleza, ya que muchos no han visitado el campo en meses"},"content":{"rendered":"<p> \n<\/p>\n<div>\n<p>Una quinta parte de los habitantes de la ciudad se siente desconectado de la naturaleza y no pueden recordar la \u00faltima vez que vieron un animal de granja. Casi la mitad de los residentes urbanos admiten que sus excursiones al aire libre se limitan a los viajes a la tienda o actividades deportivas.<\/p>\n<p>La falta de espacios verdes accesibles en las ciudades, con parques y \u00e1reas recreativas que promedian a dos millas de distancia, exacerba esta desconexi\u00f3n. Esto contrasta de manera clara con los residentes rurales, que generalmente tienen espacios al aire libre a media milla de sus hogares, incluidos bosques y r\u00edos.<\/p>\n<p>Un informe encargado por Nestl\u00e9 UK e Irlanda, que encuest\u00f3 a 1000 adultos se separ\u00f3 de manera uniforme entre las zonas rurales y urbanas, destac\u00f3 estas diferencias en el compromiso al aire libre.<\/p>\n<p>A pesar de que m\u00e1s de dos tercios de los adultos reconocen que el tiempo dedicado a la naturaleza mejora su estado de \u00e1nimo y promueve la relajaci\u00f3n, casi un tercio de los habitantes de la ciudad no han visitado el campo en seis meses o m\u00e1s.<\/p>\n<p>Esta exposici\u00f3n limitada a la naturaleza ha dejado un anhelo del 45% por una belleza m\u00e1s natural en su entorno, con un quinto sentimiento alienado del mundo natural.<\/p>\n<\/div>\n<div>\n<p>Para ayudar a reconectar a los residentes de la ciudad con Nature, Nestl\u00e9 UK e Irlanda se ha asociado con First Milk, una cooperativa l\u00e1ctea regenerativa pionera, para transportar a los londinenses del este directamente al campo transformando un espacio Shoreditch en una granja emergente por un d\u00eda.<\/p>\n<p>La Dra. Emma Keller, la cabeza de sostenibilidad de Nestl\u00e9, coment\u00f3: \u00abSabemos lo importante que es el campo, no solo para nuestro bienestar mental, sino tambi\u00e9n cu\u00e1nto dependemos de la comida y la bebida que producimos aqu\u00ed\u00bb.<\/p>\n<p>El Dr. Keller tambi\u00e9n enfatiz\u00f3 el objetivo de la iniciativa de importar una porci\u00f3n de Gran Breta\u00f1a buc\u00f3lica en la jungla urbana. Sirve como un santuario del estr\u00e9s de la ciudad y como un centro educativo que destaca su compromiso con la agricultura y los agricultores, esclareciendo a la gente de la ciudad sobre c\u00f3mo su bebida matutina o bocadillos favoritos pueden reforzar el futuro de la agricultura brit\u00e1nica.<\/p>\n<p>Hecho a mano para ser un escape id\u00edlico, la experiencia de la &#8216;ca\u00edda de la granja&#8217; llev\u00f3 a los visitantes a la tranquilidad pastoral de Cumbria y Ayrshire, el territorio casero de las vacas que suministran leche para productos Nestl\u00e9, que ofrece una exuberante dosis de la mejor derecha de la naturaleza en el n\u00facleo de los Capitales.<\/p>\n<\/div>\n<div>\n<p>Mark Booking, director de impacto en First Milk, celebr\u00f3 la ca\u00edda de la granja colaborativa y dijo: \u00abEsperamos que la ca\u00edda de la granja les diera a los visitantes una idea de lo que la vida rural tiene para ofrecer\u00bb.<\/p>\n<p>El Dr. Keller declar\u00f3: \u00abA trav\u00e9s de la asociaci\u00f3n con First Milk, trabajamos de la mano con los productores de l\u00e1cteos, combinando m\u00e9todos agr\u00edcolas modernos y tradicionales para producir millones de litros de leche fresca.<\/p>\n<p>\u00abContin\u00faa utilizando en nuestras barras de chocolate y caf\u00e9, incluidos los pagos de incentivos para que los agricultores trabajen en iniciativas espec\u00edficas para proteger y mejorar los activos naturales de su tierra\u00bb.<\/p>\n<\/div>\n\n","protected":false},"excerpt":{"rendered":"<p>Una quinta parte de los habitantes de la ciudad se siente desconectado de la naturaleza y no pueden recordar la \u00faltima vez que vieron un animal de granja. Casi la mitad de los residentes urbanos admiten que sus excursiones al aire libre se limitan a los viajes a la tienda o actividades deportivas. La falta &hellip;<\/p>\n","protected":false},"author":1,"featured_media":17311,"comment_status":"open","ping_status":"open","sticky":false,"template":"","format":"standard","meta":{"fifu_image_url":"https:\/\/cdn.images.express.co.uk\/img\/dynamic\/130\/1200x630\/6001550.jpg","fifu_image_alt":"","footnotes":""},"categories":[763],"tags":[],"class_list":["post-17310","post","type-post","status-publish","format-standard","has-post-thumbnail","","category-estilo-de-vida"],"_links":{"self":[{"href":"https:\/\/noticiasveraces.com\/index.php?rest_route=\/wp\/v2\/posts\/17310","targetHints":{"allow":["GET"]}}],"collection":[{"href":"https:\/\/noticiasveraces.com\/index.php?rest_route=\/wp\/v2\/posts"}],"about":[{"href":"https:\/\/noticiasveraces.com\/index.php?rest_route=\/wp\/v2\/types\/post"}],"author":[{"embeddable":true,"href":"https:\/\/noticiasveraces.com\/index.php?rest_route=\/wp\/v2\/users\/1"}],"replies":[{"embeddable":true,"href":"https:\/\/noticiasveraces.com\/index.php?rest_route=%2Fwp%2Fv2%2Fcomments&post=17310"}],"version-history":[{"count":0,"href":"https:\/\/noticiasveraces.com\/index.php?rest_route=\/wp\/v2\/posts\/17310\/revisions"}],"wp:featuredmedia":[{"embeddable":true,"href":"https:\/\/noticiasveraces.com\/index.php?rest_route=\/wp\/v2\/media\/17311"}],"wp:attachment":[{"href":"https:\/\/noticiasveraces.com\/index.php?rest_route=%2Fwp%2Fv2%2Fmedia&parent=17310"}],"wp:term":[{"taxonomy":"category","embeddable":true,"href":"https:\/\/noticiasveraces.com\/index.php?rest_route=%2Fwp%2Fv2%2Fcategories&post=17310"},{"taxonomy":"post_tag","embeddable":true,"href":"https:\/\/noticiasveraces.com\/index.php?rest_route=%2Fwp%2Fv2%2Ftags&post=17310"}],"curies":[{"name":"wp","href":"https:\/\/api.w.org\/{rel}","templated":true}]}}