{"id":17282,"date":"2025-03-05T07:09:54","date_gmt":"2025-03-05T11:09:54","guid":{"rendered":"https:\/\/noticiasveraces.com\/?p=17282"},"modified":"2025-03-05T07:09:54","modified_gmt":"2025-03-05T11:09:54","slug":"no-volveremos-a-antes-del-7-de-octubre-dw-05-03-2025","status":"publish","type":"post","link":"https:\/\/noticiasveraces.com\/?p=17282","title":{"rendered":"\u00abNo Volveremos a Antes del 7 de Octubre\u00bb &#8211; DW &#8211; 05\/03\/2025"},"content":{"rendered":"<p> \n<\/p>\n<div>\n<p>El Primer Ministro Israel\u00ed, Benjam\u00edn Netanyahu, Afirm\u00f3 en Tel Aviv Que Israel Est\u00e1 decidido A \u00abLograr el \u00e9xito y la Victoria\u00bb EN LOS \u00abSIETE Frentes\u00bb Que Tiene Abiertos, en referenciA a Los Conflictos Conta Milicias Regionales en Gaza, Cisjordania, L\u00edbania, Iremen, Iremen, Iremen, Iremen, Iremen, Iremen, Iremen, y Ar\u00e1mbulos, y argumentos de los conflictos. E Ir\u00e1n.<\/p>\n<h2>Netanyahu: M\u00e1s Armas Contra \u00abSiete Frentes\u00bb<\/h2>\n<p>Durante Su Intervenci\u00f3n en la Ceremonia de Nombramiento del Nuevo Jefe Alcalde Del Ej\u00e9rcito Israel\u00ed, Eyal Zamir, Que Cont\u00f3 Tambi\u00e9n con la Presencia de Su Predecesor, Herzi Halevi, y El Ministro de DeFENSA, ISRAEL KATZ, NETANYAHU REETERO CEIS\u00d3O Que defini\u00f3 como \u00abRamas Terroristas de Ir\u00e1n\u00bb.<\/p>\n<p>El Primer Ministro de Israel Asegur\u00f3 Tambi\u00e9n que su Pa\u00eds Est\u00e1 Aumentando Su Capacidad de Producir Armas para Afrontars los conflictos en los que Est\u00e1 Inmerso, Abordando Tantos sus Necesidades dales Como las futuras. \u00abEst Reduc\u00e1 la Presi\u00f3n de la dependencia de los factores externas y abordar\u00e1 simult\u00e1naMe las necesidades de las operaciones en realidad y futuras\u00bb, dijo el mandatario.<\/p>\n<h2>Zamir: \u00abHam\u00e1s a\u00fan no ha sido trerrotada\u00bb<\/h2>\n<p>Por su parte, Zamir advirti\u00f3 en su discurso que \u00abla organizaci\u00f3n de la organizaci\u00f3n terrorista asesina ham\u00e1s ha sufrido un duro Golpe, Pero a\u00fan no ha sido agoTada. La misi\u00f3nica a\u00fan no ha sido completa\u00bb, asegur\u00f3 el nuevo jefe del estado esrael\u00ed.<\/p>\n<p>Zamir Tom\u00f3 Hoy el Relevito de Herzi Halevi, que anunci\u00f3 su dimisioN en enero de este y por el fracaso militar 251 SECUESTRADAS DE FUERON.<\/p>\n<figure class=\"placeholder-image master_landscape big\"><img data-format=\"MASTER_LANDSCAPE\" data-id=\"71752529\" data-url=\"https:\/\/static.dw.com\/image\/71752529_${formatId}.jpg\" data-aspect-ratio=\"16\/9\" alt=\"Un Gato Pasa Frente A Tanques israel\u00edes en Operaci\u00f3n Militar en Yen\u00edn, Cisjordania Ocupada, El 3 de febrero de 2025.\" style=\"padding-bottom: 56.25%; height: 0; max-height: 0;\"\/><figcaption class=\"img-caption\">Netanyahu Afirm\u00f3 que Israel Est\u00e1 decidido A \u00abLograr el \u00e9xito\u00bb en \u00abSiete Frentes\u00bb Abiertos, Contra Milicias Regales en Gaza, Cisjordania (Foto), L\u00edbano, Siria, Irak, Yemen E Ir\u00e1n.<small class=\"copyright\">Imagen: Raneen Sawafta\/Reuters<\/small><\/figcaption><\/figure>\n<h2>Katz: \u00abSi Ham\u00e1s no Libera a Los Rehenes, Volveremos a la Lucha\u00bb<\/h2>\n<p>Por Su parte, El Ministro israel\u00ed de Defensa, Israel Katz, Afirm\u00f3 que su pa\u00eds no volver\u00e1 \u00aba lo que hab\u00eda antes del 7 de octubre, ni en el norte, ni en el sur, ni en ning\u00fan ootro \u00e1mbito\u00bb.<\/p>\n<p>\u00abSi Ham\u00e1s no Libera a Los Rehenes, Volveremos a la Lucha y Se Enfrentar\u00e1n a Las Fuerzas de Defensa de Israel Confuerzas y en Formas que nunca Han Conocido, Hasta una Derrota completa\u00bb, Dijo en La Ceremonia el Ministro israel\u00ed de Defensa, ISRRAL KKATZ, ISRRA, ISRRA, ISRRA, ISRALA, ISRALA, ISRISTIO \u00abNunca\u00bb Permitir\u00e1 Que \u00abHam\u00e1s Controle Gaza\u00bb.<\/p>\n<p>\u00abEsta es la Misi\u00f3n Central Que Le Espera a Las Fuerzas de Defensa de Israel, Que Usted, Eyal, Debe Guiar y Liderar Como El Nueva Jefe Del Estado Alcalde Hasta que se Alcancen Todos los Objetivos\u00bb, A\u00f1adi\u00f3.<\/p>\n<p>RML (EFE, AFP)<\/p>\n<\/div>\n\n","protected":false},"excerpt":{"rendered":"<p>El Primer Ministro Israel\u00ed, Benjam\u00edn Netanyahu, Afirm\u00f3 en Tel Aviv Que Israel Est\u00e1 decidido A \u00abLograr el \u00e9xito y la Victoria\u00bb EN LOS \u00abSIETE Frentes\u00bb Que Tiene Abiertos, en referenciA a Los Conflictos Conta Milicias Regionales en Gaza, Cisjordania, L\u00edbania, Iremen, Iremen, Iremen, Iremen, Iremen, Iremen, Iremen, y Ar\u00e1mbulos, y argumentos de los conflictos. E &hellip;<\/p>\n","protected":false},"author":1,"featured_media":17283,"comment_status":"open","ping_status":"open","sticky":false,"template":"","format":"standard","meta":{"fifu_image_url":"https:\/\/static.dw.com\/image\/71198543_6.jpg","fifu_image_alt":"","footnotes":""},"categories":[13],"tags":[],"class_list":["post-17282","post","type-post","status-publish","format-standard","has-post-thumbnail","","category-mundo"],"_links":{"self":[{"href":"https:\/\/noticiasveraces.com\/index.php?rest_route=\/wp\/v2\/posts\/17282","targetHints":{"allow":["GET"]}}],"collection":[{"href":"https:\/\/noticiasveraces.com\/index.php?rest_route=\/wp\/v2\/posts"}],"about":[{"href":"https:\/\/noticiasveraces.com\/index.php?rest_route=\/wp\/v2\/types\/post"}],"author":[{"embeddable":true,"href":"https:\/\/noticiasveraces.com\/index.php?rest_route=\/wp\/v2\/users\/1"}],"replies":[{"embeddable":true,"href":"https:\/\/noticiasveraces.com\/index.php?rest_route=%2Fwp%2Fv2%2Fcomments&post=17282"}],"version-history":[{"count":0,"href":"https:\/\/noticiasveraces.com\/index.php?rest_route=\/wp\/v2\/posts\/17282\/revisions"}],"wp:featuredmedia":[{"embeddable":true,"href":"https:\/\/noticiasveraces.com\/index.php?rest_route=\/wp\/v2\/media\/17283"}],"wp:attachment":[{"href":"https:\/\/noticiasveraces.com\/index.php?rest_route=%2Fwp%2Fv2%2Fmedia&parent=17282"}],"wp:term":[{"taxonomy":"category","embeddable":true,"href":"https:\/\/noticiasveraces.com\/index.php?rest_route=%2Fwp%2Fv2%2Fcategories&post=17282"},{"taxonomy":"post_tag","embeddable":true,"href":"https:\/\/noticiasveraces.com\/index.php?rest_route=%2Fwp%2Fv2%2Ftags&post=17282"}],"curies":[{"name":"wp","href":"https:\/\/api.w.org\/{rel}","templated":true}]}}