{"id":17278,"date":"2025-03-05T06:08:19","date_gmt":"2025-03-05T10:08:19","guid":{"rendered":"https:\/\/noticiasveraces.com\/?p=17278"},"modified":"2025-03-05T06:08:19","modified_gmt":"2025-03-05T10:08:19","slug":"macron-anuncia-discurso-a-la-nacion-sobre-situacion-mundial-dw-05-03-2025","status":"publish","type":"post","link":"https:\/\/noticiasveraces.com\/?p=17278","title":{"rendered":"Macron Anuncia Discurso a la Naci\u00f3n Sobre Situaci\u00f3n Mundial &#8211; DW &#8211; 05\/03\/2025"},"content":{"rendered":"<p> \n<\/p>\n<div>\n<p>En un Mensaje Colgado en su Cuenta de X, Emmanuel Macron Explica que Discurso Ser\u00e1 A las 20.00 Locales (19.00 GMT), en La Franja Dedicada A Los Informativos M\u00e1s Vistos en La Telelent, y lo justifica por \u00abesto Momento de Gran Incum. Desaf\u00edos \u00ab.<\/p>\n<p>El Presidente Franc\u00e9s Estuvo Hablando la V\u00edspera con Los Presidentes de Ucrania, Volodimir Zelenski, Y de Estados Unidos, Donald Trump, en Un intento de Destensar La Relaci\u00f3n Entre Ambos Despu\u00e9s del Alterado en el despacho oval de la Casa Blanca el Pasado Viernes.<\/p>\n<blockquote class=\"tweet embed\" data-id=\"1897173383995154785\"\/>\n<h2>Macron intent\u00f3 mediar entre ucrania y ee. Uu.<\/h2>\n<p>Macron Estuvo en Washington el Lunes de la Semana Pasada para para el enredado minerales que estaba disputa un acantilado.<\/p>\n<p>ESe Viaje de Zelenski se convirti\u00f3 luego en el fiasco que todo el Mundo Pudo ver en el DESPACHO ovalado, y que ahora Diferentes Responsables Pol\u00cdticos Europeos Est\u00e1n Tratando de Corregir.<\/p>\n<h2>Cena Con Viktor Orb\u00e1n<\/h2>\n<p>Macron Tiene Tambi\u00e9n Esta Noche en Su Agenda Una Cena de Trabajo en El Palacio del El\u00edseo Con el Primer Ministro H\u00fanngaro, Viktor Orb\u00e1n, Que es El L\u00edder de la Uni\u00f3n Europea M\u00e1S PROximo A Las Posiciones del Presidente Ruso, Vladimir Putin.<\/p>\n<p>RML (EFE, @emmanuelmacron)<\/p>\n<\/div>\n\n","protected":false},"excerpt":{"rendered":"<p>En un Mensaje Colgado en su Cuenta de X, Emmanuel Macron Explica que Discurso Ser\u00e1 A las 20.00 Locales (19.00 GMT), en La Franja Dedicada A Los Informativos M\u00e1s Vistos en La Telelent, y lo justifica por \u00abesto Momento de Gran Incum. Desaf\u00edos \u00ab. El Presidente Franc\u00e9s Estuvo Hablando la V\u00edspera con Los Presidentes de &hellip;<\/p>\n","protected":false},"author":1,"featured_media":17279,"comment_status":"open","ping_status":"open","sticky":false,"template":"","format":"standard","meta":{"fifu_image_url":"https:\/\/static.dw.com\/image\/71667716_6.jpg","fifu_image_alt":"","footnotes":""},"categories":[13],"tags":[],"class_list":["post-17278","post","type-post","status-publish","format-standard","has-post-thumbnail","","category-mundo"],"_links":{"self":[{"href":"https:\/\/noticiasveraces.com\/index.php?rest_route=\/wp\/v2\/posts\/17278","targetHints":{"allow":["GET"]}}],"collection":[{"href":"https:\/\/noticiasveraces.com\/index.php?rest_route=\/wp\/v2\/posts"}],"about":[{"href":"https:\/\/noticiasveraces.com\/index.php?rest_route=\/wp\/v2\/types\/post"}],"author":[{"embeddable":true,"href":"https:\/\/noticiasveraces.com\/index.php?rest_route=\/wp\/v2\/users\/1"}],"replies":[{"embeddable":true,"href":"https:\/\/noticiasveraces.com\/index.php?rest_route=%2Fwp%2Fv2%2Fcomments&post=17278"}],"version-history":[{"count":0,"href":"https:\/\/noticiasveraces.com\/index.php?rest_route=\/wp\/v2\/posts\/17278\/revisions"}],"wp:featuredmedia":[{"embeddable":true,"href":"https:\/\/noticiasveraces.com\/index.php?rest_route=\/wp\/v2\/media\/17279"}],"wp:attachment":[{"href":"https:\/\/noticiasveraces.com\/index.php?rest_route=%2Fwp%2Fv2%2Fmedia&parent=17278"}],"wp:term":[{"taxonomy":"category","embeddable":true,"href":"https:\/\/noticiasveraces.com\/index.php?rest_route=%2Fwp%2Fv2%2Fcategories&post=17278"},{"taxonomy":"post_tag","embeddable":true,"href":"https:\/\/noticiasveraces.com\/index.php?rest_route=%2Fwp%2Fv2%2Ftags&post=17278"}],"curies":[{"name":"wp","href":"https:\/\/api.w.org\/{rel}","templated":true}]}}