{"id":17256,"date":"2025-03-05T02:59:53","date_gmt":"2025-03-05T06:59:53","guid":{"rendered":"https:\/\/noticiasveraces.com\/?p=17256"},"modified":"2025-03-05T02:59:53","modified_gmt":"2025-03-05T06:59:53","slug":"extraditano-a-asesino-de-13-soldados-de-ee-uu-en-afganistan-dw-03-05-2025","status":"publish","type":"post","link":"https:\/\/noticiasveraces.com\/?p=17256","title":{"rendered":"Extraditano A Asesino de 13 Soldados de Ee.UU. En Afganist\u00e1n &#8211; DW &#8211; 03\/05\/2025"},"content":{"rendered":"<p> \n<\/p>\n<div>\n<p>El Director Del FBI, Kash Patel, Confirm\u00f3 El Martes (04.03.2025) Que Uno de Los Terroristas Responsables del Asesinato de Los 13 Soldados Estadounidenses Durante la retirada de las Tropas en Afganist\u00e1n Ha Sido Extraditado A Estados Unidos.<\/p>\n<p>Patel lo coment\u00f3 en x luego de que el Presidente Donald Trump lo Informara al Pa\u00eds en el Primer Mensaje de Su Mandato Ante Una Sesi\u00f3n Especial del Congreso.<\/p>\n<p>\u00abComo acaba de anunciar el presidente de Trump, Puedo Informar que esta noche el fbi, el departamento de justicia y la cia han extraditado un uno de los terroristas responsabilidades del asesinato de los 13 soldados estadounidenses en abhabey gate durante la desastrosa retirada de afganist\u00e1n\u00bb, indic\u00f3 en la red social.<\/p>\n<p>Los Soldados Murieron en un atentado hace tres a\u00f1os y sus restos fuelon recibidos en agosto del y y pasado por el presidente Joe biden.<\/p>\n<p>\u00abESTA NOCHE, ME COMPLECE ANUNCARIA QUE ACABAMOS DE DETENER AL Director Terrorista Responsable de Esa Atrocidad, Y Que Ahora Mismo se Dirige Hacia Aqu\u00ed Para Enfrentarse a la R\u00e1pida Espada de la Justicia Estadounidense\u00bb, indic\u00f3 el Presidente.<\/p>\n<p>El Ataque Con Bombas Contra El Contingente Estadounidense en la Puerta Abbey del Aeropuerto de Kabul Durante la Evacuaci\u00f3n de la CiADad Ante la Llegada de Los Talibanes en 2021 Fue Atribuido al Estado Isl\u00e1mico y Caus\u00f3e de Un Centenar de V\u00ed, civiles.<\/p>\n<p>\u00abUn Paso M\u00e1s Cerca de la Justicia para Estos H\u00e9roes Estadounidenses y Sus Familias\u00bb, indic\u00f3 adem\u00e1s Patel. <\/p>\n<p>GS (Efe, AP)<\/p>\n<\/div>\n\n","protected":false},"excerpt":{"rendered":"<p>El Director Del FBI, Kash Patel, Confirm\u00f3 El Martes (04.03.2025) Que Uno de Los Terroristas Responsables del Asesinato de Los 13 Soldados Estadounidenses Durante la retirada de las Tropas en Afganist\u00e1n Ha Sido Extraditado A Estados Unidos. Patel lo coment\u00f3 en x luego de que el Presidente Donald Trump lo Informara al Pa\u00eds en el &hellip;<\/p>\n","protected":false},"author":1,"featured_media":17257,"comment_status":"open","ping_status":"open","sticky":false,"template":"","format":"standard","meta":{"fifu_image_url":"https:\/\/static.dw.com\/image\/71199793_6.jpg","fifu_image_alt":"","footnotes":""},"categories":[13],"tags":[],"class_list":["post-17256","post","type-post","status-publish","format-standard","has-post-thumbnail","","category-mundo"],"_links":{"self":[{"href":"https:\/\/noticiasveraces.com\/index.php?rest_route=\/wp\/v2\/posts\/17256","targetHints":{"allow":["GET"]}}],"collection":[{"href":"https:\/\/noticiasveraces.com\/index.php?rest_route=\/wp\/v2\/posts"}],"about":[{"href":"https:\/\/noticiasveraces.com\/index.php?rest_route=\/wp\/v2\/types\/post"}],"author":[{"embeddable":true,"href":"https:\/\/noticiasveraces.com\/index.php?rest_route=\/wp\/v2\/users\/1"}],"replies":[{"embeddable":true,"href":"https:\/\/noticiasveraces.com\/index.php?rest_route=%2Fwp%2Fv2%2Fcomments&post=17256"}],"version-history":[{"count":0,"href":"https:\/\/noticiasveraces.com\/index.php?rest_route=\/wp\/v2\/posts\/17256\/revisions"}],"wp:featuredmedia":[{"embeddable":true,"href":"https:\/\/noticiasveraces.com\/index.php?rest_route=\/wp\/v2\/media\/17257"}],"wp:attachment":[{"href":"https:\/\/noticiasveraces.com\/index.php?rest_route=%2Fwp%2Fv2%2Fmedia&parent=17256"}],"wp:term":[{"taxonomy":"category","embeddable":true,"href":"https:\/\/noticiasveraces.com\/index.php?rest_route=%2Fwp%2Fv2%2Fcategories&post=17256"},{"taxonomy":"post_tag","embeddable":true,"href":"https:\/\/noticiasveraces.com\/index.php?rest_route=%2Fwp%2Fv2%2Ftags&post=17256"}],"curies":[{"name":"wp","href":"https:\/\/api.w.org\/{rel}","templated":true}]}}