{"id":17234,"date":"2025-03-04T21:54:23","date_gmt":"2025-03-05T01:54:23","guid":{"rendered":"https:\/\/noticiasveraces.com\/?p=17234"},"modified":"2025-03-04T21:54:23","modified_gmt":"2025-03-05T01:54:23","slug":"macron-trata-destensar-la-crisis-entre-trump-y-zelenski-dw-05-03-2025","status":"publish","type":"post","link":"https:\/\/noticiasveraces.com\/?p=17234","title":{"rendered":"Macron Trata Destensar La Crisis Entre Trump y Zelenski &#8211; DW &#8211; 05\/03\/2025"},"content":{"rendered":"<p> \n<\/p>\n<div>\n<p>El Presidente Franc\u00e9s, Emmanuel Macron, Habr\u00f3 en Las \u00datimas Horas Con SUS Hom\u00f3logos de Estados Unidos, Donald Trump, Y Ucrania, Volodimir Zelenski, Para Tratar de Destensar La Relaci\u00f3n Entre Ambos Tras El Explosivo EncoNro de Ambos en La Blas (04.03.2025).<\/p>\n<p>\u00abEl Presidente Alaudi\u00f3 el Voluntario de Zelenski de RECUPERAR EL DI\u00c1LOGO CON LOS ESTADOS UNIDOS\u00bb, INDARON ESTE MARTES FUENTES DEL EL\u00cdSOO.<\/p>\n<p>Acordgaron que macron \u00abreiter\u00f3 la determinante de Francia de Trabajar con Todas las partes implicadas en la puesta en Marcha de una Paz S\u00f3lida y Duradera en Ucrania\u00bb.<\/p>\n<p>El Presidente Franc\u00e9s Fue Uno de los Primeros L\u00edderes Europeos en reaccionar a la Nueva Posici\u00f3nica de la Administraci\u00f3n de Trump Sobre Ucrania, Convocando una cumbre en par\u00eds con los principales L\u00edderes del Viejo continente.<\/p>\n<p>POCOS D\u00cdAS DESPU\u00c9S SE ENTREVIST\u00d3 EN LA CASA BLANCA CON Trump, A Quien Pidi\u00f3e europa Partepipe en las Negociaciones de Paz en Ucrania.<\/p>\n<p>MG (Efe, Reuters)<\/p>\n<\/p>\n<\/div>\n\n","protected":false},"excerpt":{"rendered":"<p>El Presidente Franc\u00e9s, Emmanuel Macron, Habr\u00f3 en Las \u00datimas Horas Con SUS Hom\u00f3logos de Estados Unidos, Donald Trump, Y Ucrania, Volodimir Zelenski, Para Tratar de Destensar La Relaci\u00f3n Entre Ambos Tras El Explosivo EncoNro de Ambos en La Blas (04.03.2025). \u00abEl Presidente Alaudi\u00f3 el Voluntario de Zelenski de RECUPERAR EL DI\u00c1LOGO CON LOS ESTADOS UNIDOS\u00bb, &hellip;<\/p>\n","protected":false},"author":1,"featured_media":17235,"comment_status":"open","ping_status":"open","sticky":false,"template":"","format":"standard","meta":{"fifu_image_url":"https:\/\/static.dw.com\/image\/71737200_6.jpg","fifu_image_alt":"","footnotes":""},"categories":[13],"tags":[],"class_list":["post-17234","post","type-post","status-publish","format-standard","has-post-thumbnail","","category-mundo"],"_links":{"self":[{"href":"https:\/\/noticiasveraces.com\/index.php?rest_route=\/wp\/v2\/posts\/17234","targetHints":{"allow":["GET"]}}],"collection":[{"href":"https:\/\/noticiasveraces.com\/index.php?rest_route=\/wp\/v2\/posts"}],"about":[{"href":"https:\/\/noticiasveraces.com\/index.php?rest_route=\/wp\/v2\/types\/post"}],"author":[{"embeddable":true,"href":"https:\/\/noticiasveraces.com\/index.php?rest_route=\/wp\/v2\/users\/1"}],"replies":[{"embeddable":true,"href":"https:\/\/noticiasveraces.com\/index.php?rest_route=%2Fwp%2Fv2%2Fcomments&post=17234"}],"version-history":[{"count":0,"href":"https:\/\/noticiasveraces.com\/index.php?rest_route=\/wp\/v2\/posts\/17234\/revisions"}],"wp:featuredmedia":[{"embeddable":true,"href":"https:\/\/noticiasveraces.com\/index.php?rest_route=\/wp\/v2\/media\/17235"}],"wp:attachment":[{"href":"https:\/\/noticiasveraces.com\/index.php?rest_route=%2Fwp%2Fv2%2Fmedia&parent=17234"}],"wp:term":[{"taxonomy":"category","embeddable":true,"href":"https:\/\/noticiasveraces.com\/index.php?rest_route=%2Fwp%2Fv2%2Fcategories&post=17234"},{"taxonomy":"post_tag","embeddable":true,"href":"https:\/\/noticiasveraces.com\/index.php?rest_route=%2Fwp%2Fv2%2Ftags&post=17234"}],"curies":[{"name":"wp","href":"https:\/\/api.w.org\/{rel}","templated":true}]}}