{"id":17223,"date":"2025-03-04T19:49:48","date_gmt":"2025-03-04T23:49:48","guid":{"rendered":"https:\/\/noticiasveraces.com\/?p=17223"},"modified":"2025-03-04T19:49:48","modified_gmt":"2025-03-04T23:49:48","slug":"trump-podria-suavizar-aranceles-a-mexico-y-canada-dw-05-03-2025","status":"publish","type":"post","link":"https:\/\/noticiasveraces.com\/?p=17223","title":{"rendered":"Trump Podr\u00eda \u00abSuavizar\u00bb Aranceles A M\u00e9xico y Canad\u00e1 &#8211; DW &#8211; 05\/03\/2025"},"content":{"rendered":"<p> \n<\/p>\n<div>\n<p>El Secretario de Comercio de Ee.uu., Howard Lutnick, Avanz\u00f3 Este Martes (04.03.2025) Que El Presidente del Pa\u00eds, Donald Trump, Podr\u00eda Anunciar \u00abUn Acuerdo\u00bb Ma\u00f1ana Con M\u00e9xico y Canad\u00e1 Para Suaavizar Los Aranceles impuestos a Ambos PAIses por Washington.<\/p>\n<p>\u00abCreo Que (Trump) va a Llegar a un acuerdo con ellos, no va a ser un una pausa, nada de esas cosas de pausa, pero creo que va va a resoluci\u00f3n: T\u00fa haces m\u00e1s y nos en el c\u00e9nto Tarde en una Entrevista en la Cadena Fox Business.<\/p>\n<p>Los Aranceles entaron en vigor est\u00e1 medianoche, con grav\u00e1menes del 25 % un m\u00e9xico y canad\u00e1 y doblando al 20 % los bienes que china exporta al pa\u00eds norteamericano, por lo que washington considere que el hijo de los insuficientes de los treses para reducira el tr\u00e1fico de fentanilo de fentanilo de fentanilo de fentanilo.<\/p>\n<p>El Secretario, Que Reconoci\u00f3 Que los Precios Subir\u00e1n Con Los Aranceles, Asegur\u00f3 en la Entrevista Que Hab\u00eda Estado TODO EL DIA EN CONVERSACIONES CONVERSONES Que lo Har\u00e1n Mejor \u00ab, Explic\u00f3.<\/p>\n<p>ESTA MEDIDA Provoc\u00f3 una Respuesta Comercial por parte de China y canad\u00e1 inmediata: Todas las importaciones Proveniente de M\u00e9xico y Canad\u00e1 ESTAR\u00c1N AHORA GRAVADAS CON UNOS ARANCELES DEL 25 % A Excepcion de Las Compras Delicos de Hidrocarburos Canadienses, quenario, quenario.<\/p>\n<p>Como respuesta a la apl\u00edcola de Estos Aranceles, la presidenta de M\u00e9xico, Claudia Sheinbaum, Anunci\u00f3 Que Tomar\u00e1 Medidas Arancelarias y No Arancelarias Contra Estados Unidos el Pr\u00f3ximo Domingo 9 de Marzo, Aunque Tambi\u00e9n Diege DiJo que Tiene Pactada Pactada.<\/p>\n<p>\u00abESTA SEMANA TENEMOS PACTADA UNA LLAMADA CON EL PRESIDENTE TRUMP (&#8230;) Probablemente El Jueves. Esperemos Que S\u00ed Se D\u00e9 La Llamada, Porque El Di\u00e1logo Siempre Ayuda, y M\u00e1s El Di\u00e1logo Bilateral de Presidenta de Pa\u00edses Vecinos\u00bb, Serval\u00f3, en su Conferia.<\/p>\n<p>Por Su parte, El Mandatario Canadiense, Justin Trudeau, Acus\u00f3 Al Republicano de Haber Tomado Una Decisi\u00f3n \u00abInjustificada\u00bb Y Comunic\u00f3 Canad\u00e1 Tomar\u00e1 Representa de forma en Medmediata Con Grav\u00e1menes del 25 % A 30.000 Millones de D\u00f3lares de Importaciones de Ee.uu.<\/p>\n<p>Mg (Efe, CNN)<\/p>\n<\/p>\n<\/div>\n\n","protected":false},"excerpt":{"rendered":"<p>El Secretario de Comercio de Ee.uu., Howard Lutnick, Avanz\u00f3 Este Martes (04.03.2025) Que El Presidente del Pa\u00eds, Donald Trump, Podr\u00eda Anunciar \u00abUn Acuerdo\u00bb Ma\u00f1ana Con M\u00e9xico y Canad\u00e1 Para Suaavizar Los Aranceles impuestos a Ambos PAIses por Washington. \u00abCreo Que (Trump) va a Llegar a un acuerdo con ellos, no va a ser un una &hellip;<\/p>\n","protected":false},"author":1,"featured_media":17224,"comment_status":"open","ping_status":"open","sticky":false,"template":"","format":"standard","meta":{"fifu_image_url":"https:\/\/static.dw.com\/image\/71818308_6.jpg","fifu_image_alt":"","footnotes":""},"categories":[13],"tags":[],"class_list":["post-17223","post","type-post","status-publish","format-standard","has-post-thumbnail","","category-mundo"],"_links":{"self":[{"href":"https:\/\/noticiasveraces.com\/index.php?rest_route=\/wp\/v2\/posts\/17223","targetHints":{"allow":["GET"]}}],"collection":[{"href":"https:\/\/noticiasveraces.com\/index.php?rest_route=\/wp\/v2\/posts"}],"about":[{"href":"https:\/\/noticiasveraces.com\/index.php?rest_route=\/wp\/v2\/types\/post"}],"author":[{"embeddable":true,"href":"https:\/\/noticiasveraces.com\/index.php?rest_route=\/wp\/v2\/users\/1"}],"replies":[{"embeddable":true,"href":"https:\/\/noticiasveraces.com\/index.php?rest_route=%2Fwp%2Fv2%2Fcomments&post=17223"}],"version-history":[{"count":0,"href":"https:\/\/noticiasveraces.com\/index.php?rest_route=\/wp\/v2\/posts\/17223\/revisions"}],"wp:featuredmedia":[{"embeddable":true,"href":"https:\/\/noticiasveraces.com\/index.php?rest_route=\/wp\/v2\/media\/17224"}],"wp:attachment":[{"href":"https:\/\/noticiasveraces.com\/index.php?rest_route=%2Fwp%2Fv2%2Fmedia&parent=17223"}],"wp:term":[{"taxonomy":"category","embeddable":true,"href":"https:\/\/noticiasveraces.com\/index.php?rest_route=%2Fwp%2Fv2%2Fcategories&post=17223"},{"taxonomy":"post_tag","embeddable":true,"href":"https:\/\/noticiasveraces.com\/index.php?rest_route=%2Fwp%2Fv2%2Ftags&post=17223"}],"curies":[{"name":"wp","href":"https:\/\/api.w.org\/{rel}","templated":true}]}}