{"id":17215,"date":"2025-03-04T18:48:51","date_gmt":"2025-03-04T22:48:51","guid":{"rendered":"https:\/\/noticiasveraces.com\/?p=17215"},"modified":"2025-03-04T18:48:51","modified_gmt":"2025-03-04T22:48:51","slug":"que-esta-haciendo-israel-en-siria-y-por-que-dw-03-04-2025","status":"publish","type":"post","link":"https:\/\/noticiasveraces.com\/?p=17215","title":{"rendered":"\u00bfQu\u00e9 Est\u00e1 Haciendo Israel en Siria y Por Qu\u00e9? &#8211; DW &#8211; 03\/04\/2025"},"content":{"rendered":"<p> \n<\/p>\n<div>\n<p>El Lunes por la Noche, Una Bandera israel\u00ed Fue Izada en el Sur de Siria, Un Hecho Poco Com\u00fan. Aunque Durante D\u00e9cadas Hubo una Tensa Tregua Entre El R\u00e9gimen de Asady El Gobierno Israel\u00ed, Ambos Pa\u00edses se consideran los hostiles. POCO DESPU\u00c9S DE LA LA BANDERA FUERA COLOCADA EN UNA ROTONDA EN LA PROVINCIA DE SWEIDA, DONDE VIVE Gran PARTE DE LA MINORIA DRUSA DE SIRIA, LOCACIONES DE LOS RESENTOS LA BAJARON Y LA QUEMARON.<\/p>\n<p>Este Incidente SE ProdUjo Tras oTro suceso Preocupante el Fin de Semana: Un enfrentamiento Armado en Jaramana, Unurbio Druso de Damasco, Entre lugares y las Nueva Fuerzas de Seguridad Sirias. Los informes Fueron Confusos: Algunos dec\u00edes que los Drusos Estaban Bajo Ataque del Nuevo Gobierno, Mientras que otros lo consideran un alterado no pol\u00cdtico.<\/p>\n<p>\u00abHubo Todo Tipo de Rumores\u00bb, Dijo un Residente de Jaramana A DW, Bajo Condici\u00f3 de Anonimato. \u00abAlgunos Dicen Que los Drusos que Luchaban Conta las Fuerzas de Seguridad Ten\u00eda V\u00ednculos Con Drusos en Israel y Recib\u00eda Financiamiento Secreto para Causar Problemas Aqu\u00ed\u00bb.<\/p>\n<p>Los Drusos hijo una Peque\u00f1a secta religiosa del medio oriente con creencias ecl\u00e9ctica. SE estima que 150.000 Drusos en Israel Tienen Ciudadan\u00eda Israel\u00ed, Sirven en el Ej\u00e9rcito y hijo considerado LeseLes Al Estado. En Siria, Hay Alrededor de 700.000 Drusos que Han Exigido al Nuevo Gobierno Que Respete Los Derechos de Las Minor\u00edas.<\/p>\n<p>\u00abOtros, incluyendo Muchos de la Sociedad Civil, Culpan A Las Autoridadades Religiosas Drusas Por Usar El Tema de Israel para Obtener M\u00e1s Poder Dentro del Nuevo Gobierno\u00bb, Agreg\u00f3 la Fuente.<\/p>\n<p>El Domingo, en Respuesta al Enfentamiento, El Primer Ministro Israel\u00ed, Benjamin Netanyahu, Afirm\u00f3 que su eJ\u00e9rcito Estaba Preparado Para Defensor un defensor de Los Dusos Sirios Ante Cualquier Amenaza del Gobierno Interino. \u00abSi el R\u00e9gimen Da\u00f1a a Los Drusos, Nosotros lo Da\u00f1aremos a \u00c9l\u00bb, Declar\u00f3.<\/p>\n<p>ESTO A PESAR DE QUE EL GOBIERNO INTERINO, Liderado por Hayat Tahrir al-Sham (HTS), La Milicia Rebelde que Derroc\u00f3 Al R\u00e9gimen de Asad, Ha Promovido la Unidad Nacional E inclusi\u00f3n de Todas las Minor\u00edas, incluidos Kurdos, Cristianos, Drusos y Alauitas. Aunque Existen Diferentes Posturas Entre Los Drusos de Siria, La Mayor\u00eda Rembraza la \u00abProtecci\u00f3n\u00bb Israel\u00ed.<\/p>\n<p><span data-slot-id=\"Article_InContent-1\" class=\"rich-text-ad\"\/><\/p>\n<h2>\u00bfPor qu\u00e9 Israel \u00abDefiende\u00bb a Los Drusos?<\/h2>\n<p>Israelha Seguido UNA Estrategia Conocida como \u00abDoctrina de Periferia\u00bb, Buscando Alianzas con minor\u00edas no musulmanas en la regi\u00f3n para fortaleza su seguridad, Explic\u00f3 trita parsi, del instituto Quincy, en Washington.<\/p>\n<p>Siria Tiene una Poblacia de 25 Millones de Personas Con M\u00faltiples etnias y religiosas, muchas de las cuualas Siguen divididas tras a\u00f1os de dictadura y guerra civil. Diversos Actors Extranjeros Han Explotado ESAS Divisiones para Prover SUS Propios Intereses, Se\u00f1al\u00f3 Andreas Krieg, Experto en Seguidad del King&#8217;s College de Londres.<\/p>\n<p>\u00abHemos Visto A Rusia Justificar Su Presencia en Siria DiCiendo que proteg\u00eda A Los Cristianos Durante la NaviDad. Ir\u00e1n Dice Ser el El Protector de Los Chi\u00edtas. Ahora Israel Dice Que Est\u00e1 en Siria para defender a Los Dusos\u00bb, Argumento de Krieg.<\/p>\n<p>Seg\u00fan el Analista, Lo \u00daltimo que israel quiere es un gobierno inclusivo en Siria que pueda estabilizar el pa\u00eds lo suficiente como para volverse una amenaza.<span id=\"ck_editor_caret_marker\" style=\"display:none\"\/><\/p>\n<figure class=\"placeholder-image master_landscape big\"><img data-format=\"MASTER_LANDSCAPE\" data-id=\"71825693\" data-url=\"https:\/\/static.dw.com\/image\/71825693_${formatId}.jpg\" data-aspect-ratio=\"16\/9\" alt=\"Sirios Levantan Pancartas Mientras se manifiesto en la C\u00e9ntrica Plaza Karama de la Ciudad Sureza de Sweida, El 25 de febrero de 2025.\" style=\"padding-bottom: 56.25%; height: 0; max-height: 0;\"\/><figcaption class=\"img-caption\">Los H\u00e1bitantes de la Regi\u00f3n de Sweida, en el Sur de Siria, de Mayor\u00eda Drusa, Han Protestado contra Las Intenciones de Israel de \u00abProtegerlos\u00bb Del Nueva Gobierno sirio.<small class=\"copyright\">Imagen: Shadi Al Dubaisi\/AFP\/Getty Images<\/small><\/figcaption><\/figure>\n<h2>\u00bfInvasi\u00f3n israel\u00ed?<\/h2>\n<p>M\u00e1s All\u00e1 del Discurso de Protecci\u00f3n A Las Minor\u00edas, Israel Tambi\u00e9n Ha incrementado Su Presencia Militar en Siria.<\/p>\n<p>Desde la Ca\u00edda del R\u00e9gimen de Asad en Diciembre de 2024, Israel Ha Lanzado Ataques A\u00e9reos Regulares Sobre Siria. Seg\u00fan El Grupo de Monitoreeo Acled, Realiz\u00f3 M\u00e1s Bombardeosen Diciembre de 2024 Que en TODO 2023, Destruyendo Entre El 70 % y El 80 % de la Capacidad Militar del R\u00e9gimen en Solo 48 Horas.<\/p>\n<p>ESTA SEMANA, Israel Lanz\u00f3 Nuevo Ataques Conta Lo Que Afirma Eran Objetivos Militares Sirios. Tambi\u00e9n ha desplegado Tropas en la Zona Desmilitarizada Supervisada Por la Onu, Establecida en 1974 Para Evitar Enfentamientos Directos Entre Ambos Pa\u00edses. Israel Argumento de que la este era necesario ante la falta de un gobierno leg\u00edtimo en Siria, pero luego anunci\u00f3 Que sus Tropas permanecer\u00e1n de forma m\u00e1s permanente.<\/p>\n<p>La misi\u00f3n de los observadores de la onu para el acuerdo de separaci\u00f3n (fnuos) expres\u00f3 su preocupaci\u00f3n: \u00abDesde el 7 de Diciembre, Hemos observado un aumento significativo en los movimientos de la l\u00e1s Alto el FUEGO \u00ab, Se\u00f1alaron en un Comunicado. \u00abHemos informado A Las Autoridades Israel\u00edes Que Estas Accions Constituyen una violaci\u00f3n\u00bb.<\/p>\n<p>Im \u00e1genes satelitales analizadas por la bbc y al jazeera Han confirmado una presencia m\u00e1s permanente de israel en siria. Testimonios Locales Recogidos por El Medio Siria Direct Indican Que El Ej\u00e9rcito Israel\u00ed Ha Tomado El Control de Varias \u00c1reas, Construyendo Carreteras y Edificios, Impidievo Que Loss LOS Agricultores Trabajen Sus Tierras, Destruyendo Olivos, Casas y Bombas de Agen, y deteniendiendo a Residentes.<\/p>\n<p>A Medida Que la Situaci\u00f3n se deteriora, Los habitantes Han informado que el Ej\u00e9rcito israel\u00ed Les Ha ofrecido Agua, Alimentos, ElectriciDad e incluso Empleo en Los Altos del Altos del Altos, el Territio Sirio OcuPado por Israel.<\/p>\n<p>(GG\/ER)<\/p>\n<\/div>\n\n","protected":false},"excerpt":{"rendered":"<p>El Lunes por la Noche, Una Bandera israel\u00ed Fue Izada en el Sur de Siria, Un Hecho Poco Com\u00fan. Aunque Durante D\u00e9cadas Hubo una Tensa Tregua Entre El R\u00e9gimen de Asady El Gobierno Israel\u00ed, Ambos Pa\u00edses se consideran los hostiles. POCO DESPU\u00c9S DE LA LA BANDERA FUERA COLOCADA EN UNA ROTONDA EN LA PROVINCIA DE &hellip;<\/p>\n","protected":false},"author":1,"featured_media":17216,"comment_status":"open","ping_status":"open","sticky":false,"template":"","format":"standard","meta":{"fifu_image_url":"https:\/\/static.dw.com\/image\/71825756_6.jpg","fifu_image_alt":"","footnotes":""},"categories":[13],"tags":[],"class_list":["post-17215","post","type-post","status-publish","format-standard","has-post-thumbnail","","category-mundo"],"_links":{"self":[{"href":"https:\/\/noticiasveraces.com\/index.php?rest_route=\/wp\/v2\/posts\/17215","targetHints":{"allow":["GET"]}}],"collection":[{"href":"https:\/\/noticiasveraces.com\/index.php?rest_route=\/wp\/v2\/posts"}],"about":[{"href":"https:\/\/noticiasveraces.com\/index.php?rest_route=\/wp\/v2\/types\/post"}],"author":[{"embeddable":true,"href":"https:\/\/noticiasveraces.com\/index.php?rest_route=\/wp\/v2\/users\/1"}],"replies":[{"embeddable":true,"href":"https:\/\/noticiasveraces.com\/index.php?rest_route=%2Fwp%2Fv2%2Fcomments&post=17215"}],"version-history":[{"count":0,"href":"https:\/\/noticiasveraces.com\/index.php?rest_route=\/wp\/v2\/posts\/17215\/revisions"}],"wp:featuredmedia":[{"embeddable":true,"href":"https:\/\/noticiasveraces.com\/index.php?rest_route=\/wp\/v2\/media\/17216"}],"wp:attachment":[{"href":"https:\/\/noticiasveraces.com\/index.php?rest_route=%2Fwp%2Fv2%2Fmedia&parent=17215"}],"wp:term":[{"taxonomy":"category","embeddable":true,"href":"https:\/\/noticiasveraces.com\/index.php?rest_route=%2Fwp%2Fv2%2Fcategories&post=17215"},{"taxonomy":"post_tag","embeddable":true,"href":"https:\/\/noticiasveraces.com\/index.php?rest_route=%2Fwp%2Fv2%2Ftags&post=17215"}],"curies":[{"name":"wp","href":"https:\/\/api.w.org\/{rel}","templated":true}]}}