{"id":17197,"date":"2025-03-04T13:48:34","date_gmt":"2025-03-04T17:48:34","guid":{"rendered":"https:\/\/noticiasveraces.com\/?p=17197"},"modified":"2025-03-04T13:48:34","modified_gmt":"2025-03-04T17:48:34","slug":"apple-presenta-nuevos-modelos-de-ipad-air","status":"publish","type":"post","link":"https:\/\/noticiasveraces.com\/?p=17197","title":{"rendered":"Apple presenta nuevos modelos de iPad Air"},"content":{"rendered":"<p> \n<\/p>\n<div><!----> <!----> <\/p>\n<div class=\"featured featured-video video-ct\">\n<div class=\"contain\">\n<div class=\"info\">\n<div class=\"caption\">\n<p>El director gerente de UBS y gerente de cartera senior, Jason Katz, reacciona a Apple anunciando que gastar\u00e1 m\u00e1s de medio trill\u00f3n en innovaci\u00f3n estadounidense en los pr\u00f3ximos cuatro a\u00f1os en &#8216;Varney &#038; Co.&#8217;<\/p>\n<\/div>\n<\/div>\n<\/div>\n<\/div>\n<p>Apple anunci\u00f3 el martes los \u00faltimos modelos de iPad Air.<\/p>\n<p>La revelaci\u00f3n de las nuevas tabletas se produjo solo un d\u00eda despu\u00e9s de que el CEO Tim Cook aludiera a un inminente presentaci\u00f3n de productos que se produjo \u00abesta semana\u00bb en las redes sociales.  <\/p>\n<p>Apple promocion\u00f3 el nuevo iPad Air como tabletas \u00abm\u00e1s r\u00e1pidas y potentes\u00bb y \u00abconstruida para\u00bb la inteligencia de Apple del gigante tecnol\u00f3gico.<\/p>\n<div class=\"inline image-ct\">\n<div class=\"m\"><picture><source media=\"(max-width: 767px)\" srcset=\"https:\/\/a57.foxnews.com\/static.foxbusiness.com\/foxbusiness.com\/content\/uploads\/2025\/03\/343\/192\/ipad-air-mutliple.jpg?ve=1&amp;tl=1, https:\/\/a57.foxnews.com\/static.foxbusiness.com\/foxbusiness.com\/content\/uploads\/2025\/03\/686\/384\/ipad-air-mutliple.jpg?ve=1&amp;tl=1 2x\"><source media=\"(min-width: 768px) and (max-width: 1023px)\" srcset=\"https:\/\/a57.foxnews.com\/static.foxbusiness.com\/foxbusiness.com\/content\/uploads\/2025\/03\/672\/378\/ipad-air-mutliple.jpg?ve=1&amp;tl=1, https:\/\/a57.foxnews.com\/static.foxbusiness.com\/foxbusiness.com\/content\/uploads\/2025\/03\/1344\/756\/ipad-air-mutliple.jpg?ve=1&amp;tl=1 2x\"><source media=\"(min-width: 1024px) and (max-width: 1279px)\" srcset=\"https:\/\/a57.foxnews.com\/static.foxbusiness.com\/foxbusiness.com\/content\/uploads\/2025\/03\/931\/523\/ipad-air-mutliple.jpg?ve=1&amp;tl=1, https:\/\/a57.foxnews.com\/static.foxbusiness.com\/foxbusiness.com\/content\/uploads\/2025\/03\/1862\/1046\/ipad-air-mutliple.jpg?ve=1&amp;tl=1 2x\"><source media=\"(min-width: 1280px)\" srcset=\"https:\/\/a57.foxnews.com\/static.foxbusiness.com\/foxbusiness.com\/content\/uploads\/2025\/03\/720\/405\/ipad-air-mutliple.jpg?ve=1&amp;tl=1, https:\/\/a57.foxnews.com\/static.foxbusiness.com\/foxbusiness.com\/content\/uploads\/2025\/03\/1440\/810\/ipad-air-mutliple.jpg?ve=1&amp;tl=1 2x\"><img decoding=\"async\" src=\"https:\/\/a57.foxnews.com\/static.foxbusiness.com\/foxbusiness.com\/content\/uploads\/2025\/03\/931\/523\/ipad-air-mutliple.jpg?ve=1&amp;tl=1\" alt=\"aire de iPad\"\/><\/source><\/source><\/source><\/source><\/picture><\/div>\n<div class=\"caption\">\n<p><span>Habr\u00e1 dos opciones de tama\u00f1o para el nuevo iPad Air.<\/span><span>  (Manzana)<\/span><\/p>\n<\/div>\n<\/div>\n<p>Habr\u00e1 dos opciones de tama\u00f1o: 11 pulgadas y 13 pulgadas, para el nuevo modelo de aire de iPad.<\/p>\n<p><strong>Apple presenta una inversi\u00f3n hist\u00f3rica de $ 500B en fabricaci\u00f3n de Estados Unidos, innovaci\u00f3n: &#8216;alcista en el futuro&#8217;<\/strong><\/p>\n<p>Ambos debutar\u00e1n el 12 de marzo; Sin embargo, Apple est\u00e1 tomando pedidos anticipados para las nuevas tabletas que comienzan el martes, dijo la compa\u00f1\u00eda. Los precios iniciales ser\u00e1n de $ 599 y $ 799, respectivamente.<\/p>\n<p>Las nuevas tabletas de aire de iPad, que son m\u00e1s ligeras y delgadas que el iPad tradicional, cuentan con el chip M3 de Apple, algo que Apple dijo que las hace \u00abcasi 2 veces m\u00e1s r\u00e1pidas en comparaci\u00f3n con el aire del iPad con M1, y hasta 3.5 veces m\u00e1s r\u00e1pido que el aire del iPad con A14 Bionic\u00bb. <\/p>\n<p>El chip ha permitido a Apple introducir su \u00abarquitectura gr\u00e1fica avanzada para iPad Air por primera vez con soporte para el almacenamiento en cach\u00e9 din\u00e1mico, junto con el sombreado de malla y el rastreo de rayos acelerado por hardware\u00bb, dijo. <\/p>\n<p>Los propietarios del nuevo iPad Air tambi\u00e9n podr\u00e1n utilizar una serie de capacidades de inteligencia de Apple.<\/p>\n<p>Entre ellos se encuentran la caracter\u00edstica de \u00ablimpieza\u00bb que \u00abhace que sea f\u00e1cil eliminar elementos de distracci\u00f3n en las im\u00e1genes\u00bb y la \u00abvarita de imagen\u00bb que facilita las \u00abnotas\u00bb m\u00e1s atractivas visualmente al convertir los bocetos dif\u00edciles en im\u00e1genes encantadoras \u00ab, seg\u00fan Apple.<\/p>\n<div class=\"featured featured-image featured-image-gallery\" data-v-7464dde7=\"\">\n<div class=\"content\" data-v-7464dde7=\"\">\n<div class=\"slides\" data-v-7464dde7=\"\">\n<div class=\"slides-wrapper\">\n<div class=\"slide-container slides-inner\" style=\"transform:translateX(0px);transition:0.5s ease transform;flex-basis:0px;visibility:hidden;\">\n<div class=\"slide\" data-v-7464dde7=\"\">\n<div class=\"container\" data-v-7464dde7=\"\">\n<div class=\"m\"><picture><source media=\"(max-width: 767px)\" srcset=\"https:\/\/a57.foxnews.com\/static.foxbusiness.com\/foxbusiness.com\/content\/uploads\/2025\/03\/735\/414\/ipad-air-image-wand.jpg?ve=1&amp;tl=1, https:\/\/a57.foxnews.com\/static.foxbusiness.com\/foxbusiness.com\/content\/uploads\/2025\/03\/1470\/828\/ipad-air-image-wand.jpg?ve=1&amp;tl=1 2x\"><source media=\"(min-width: 768px)\" srcset=\"https:\/\/a57.foxnews.com\/static.foxbusiness.com\/foxbusiness.com\/content\/uploads\/2025\/03\/931\/506\/ipad-air-image-wand.jpg?ve=1&amp;tl=1, https:\/\/a57.foxnews.com\/static.foxbusiness.com\/foxbusiness.com\/content\/uploads\/2025\/03\/1862\/1012\/ipad-air-image-wand.jpg?ve=1&amp;tl=1 2x\"><img decoding=\"async\" src=\"https:\/\/a57.foxnews.com\/static.foxbusiness.com\/foxbusiness.com\/content\/uploads\/2025\/03\/931\/506\/ipad-air-image-wand.jpg?ve=1&amp;tl=1\" alt=\"aire de iPad\"\/><\/source><\/source><\/picture><\/div>\n<\/div>\n<\/div>\n<div class=\"slide\" data-v-7464dde7=\"\">\n<div class=\"container\" data-v-7464dde7=\"\">\n<div class=\"m\"><picture><source media=\"(max-width: 767px)\" srcset=\"https:\/\/a57.foxnews.com\/static.foxbusiness.com\/foxbusiness.com\/content\/uploads\/2025\/03\/735\/414\/ipad-air-writing-tools.jpg?ve=1&amp;tl=1, https:\/\/a57.foxnews.com\/static.foxbusiness.com\/foxbusiness.com\/content\/uploads\/2025\/03\/1470\/828\/ipad-air-writing-tools.jpg?ve=1&amp;tl=1 2x\"><source media=\"(min-width: 768px)\" srcset=\"https:\/\/a57.foxnews.com\/static.foxbusiness.com\/foxbusiness.com\/content\/uploads\/2025\/03\/931\/506\/ipad-air-writing-tools.jpg?ve=1&amp;tl=1, https:\/\/a57.foxnews.com\/static.foxbusiness.com\/foxbusiness.com\/content\/uploads\/2025\/03\/1862\/1012\/ipad-air-writing-tools.jpg?ve=1&amp;tl=1 2x\"><img decoding=\"async\" src=\"https:\/\/a57.foxnews.com\/static.foxbusiness.com\/foxbusiness.com\/content\/uploads\/2025\/03\/931\/506\/ipad-air-writing-tools.jpg?ve=1&amp;tl=1\" alt=\"aire de iPad\"\/><\/source><\/source><\/picture><\/div>\n<\/div>\n<\/div>\n<\/div>\n<p> <!----> <!----><\/div>\n<\/div>\n<div class=\"info mobile\" data-v-7464dde7=\"\">\n<div class=\"caption\">\n<p><span>Apple dijo que el nuevo iPad Air est\u00e1 &#8216;construido para la inteligencia de Apple.<\/span> <!----> <!----><\/p>\n<\/div>\n<\/div>\n<p> <!----><\/div>\n<\/div>\n<p><strong>Aniversario de OPI de Apple: \u00bfCu\u00e1nto valdr\u00eda hoy una inversi\u00f3n de $ 1,000?<\/strong><\/p>\n<p>La compa\u00f1\u00eda dijo que los usuarios tendr\u00e1n acceso a CHATGPT en \u00abHerramientas de escritura\u00bb y \u00abSiri\u00bb, adem\u00e1s de otras caracter\u00edsticas de inteligencia de Apple.<\/p>\n<p>\u00abPara todos los estudiantes universitarios que toman notas con Apple Pencil Pro, hasta viajeros y creadores de contenido que necesitan una productividad poderosa sobre la marcha, iPad Air with M3, Apple Intelligence y el nuevo teclado m\u00e1gico llevan versatilidad y valor al siguiente nivel\u00bb, dijo Bob Borchers, vicepresidente de marketing de productos mundial de Apple, en una declaraci\u00f3n.<\/p>\n<div class=\"inline image-ct\">\n<div class=\"m\"><picture><source media=\"(max-width: 767px)\" srcset=\"https:\/\/a57.foxnews.com\/static.foxbusiness.com\/foxbusiness.com\/content\/uploads\/2025\/03\/343\/192\/ipad-air-keyboard.jpg?ve=1&amp;tl=1, https:\/\/a57.foxnews.com\/static.foxbusiness.com\/foxbusiness.com\/content\/uploads\/2025\/03\/686\/384\/ipad-air-keyboard.jpg?ve=1&amp;tl=1 2x\"><source media=\"(min-width: 768px) and (max-width: 1023px)\" srcset=\"https:\/\/a57.foxnews.com\/static.foxbusiness.com\/foxbusiness.com\/content\/uploads\/2025\/03\/672\/378\/ipad-air-keyboard.jpg?ve=1&amp;tl=1, https:\/\/a57.foxnews.com\/static.foxbusiness.com\/foxbusiness.com\/content\/uploads\/2025\/03\/1344\/756\/ipad-air-keyboard.jpg?ve=1&amp;tl=1 2x\"><source media=\"(min-width: 1024px) and (max-width: 1279px)\" srcset=\"https:\/\/a57.foxnews.com\/static.foxbusiness.com\/foxbusiness.com\/content\/uploads\/2025\/03\/931\/523\/ipad-air-keyboard.jpg?ve=1&amp;tl=1, https:\/\/a57.foxnews.com\/static.foxbusiness.com\/foxbusiness.com\/content\/uploads\/2025\/03\/1862\/1046\/ipad-air-keyboard.jpg?ve=1&amp;tl=1 2x\"><source media=\"(min-width: 1280px)\" srcset=\"https:\/\/a57.foxnews.com\/static.foxbusiness.com\/foxbusiness.com\/content\/uploads\/2025\/03\/720\/405\/ipad-air-keyboard.jpg?ve=1&amp;tl=1, https:\/\/a57.foxnews.com\/static.foxbusiness.com\/foxbusiness.com\/content\/uploads\/2025\/03\/1440\/810\/ipad-air-keyboard.jpg?ve=1&amp;tl=1 2x\"><img decoding=\"async\" src=\"https:\/\/a57.foxnews.com\/static.foxbusiness.com\/foxbusiness.com\/content\/uploads\/2025\/03\/931\/523\/ipad-air-keyboard.jpg?ve=1&amp;tl=1\" alt=\"aire de iPad\"\/><\/source><\/source><\/source><\/source><\/picture><\/div>\n<div class=\"caption\">\n<p><span>El nuevo iPad Air conectado al teclado m\u00e1gico.<\/span><span>  (Manzana)<\/span><\/p>\n<\/div>\n<\/div>\n<p>La compa\u00f1\u00eda vio casi $ 8.09 mil millones en ventas netas de su categor\u00eda de iPad en el primer trimestre del a\u00f1o fiscal 2025, marcando un salto de m\u00e1s del 15% a\u00f1o tras a\u00f1o en comparaci\u00f3n con el primer trimestre del a\u00f1o fiscal 2024. Esas ventas de iPad representaron aproximadamente el 6.5% de su total de $ 124.3 mil millones en ingresos en el per\u00edodo de tres meses. <\/p>\n<p><strong>Seg\u00fan los informes, Apple tiene modelos de iPhone plegables y m\u00e1s delgados en la tuber\u00eda<\/strong><\/p>\n<p>La l\u00ednea de iPads de Apple consiste en el iPad tradicional, el iPad Pro y el iPad Mini adem\u00e1s del iPad Air.<\/p>\n<table class=\"stock-fundamentals\">\n<thead>\n<tr>\n<th class=\"ticker\">Coraz\u00f3n<\/th>\n<th class=\"security\">Seguridad<\/th>\n<th class=\"last\">\u00daltimo<\/th>\n<th class=\"change\">Cambiar<\/th>\n<th class=\"percent\">Cambiar %<\/th>\n<\/tr>\n<\/thead>\n<tbody>\n<tr>\n<td class=\"ticker\">Aapl<\/td>\n<td class=\"security\">Apple inc.<\/td>\n<td class=\"last\">238.03<\/td>\n<td class=\"change neg\">-3.81<\/td>\n<td class=\"percent neg\">\n<p>        -1.58%\n      <\/td>\n<\/tr>\n<tr\/><\/tbody>\n<\/table>\n<p>Apple lanz\u00f3 por \u00faltima vez nuevas iteraciones del iPad Air en mayo del a\u00f1o pasado. Ha estado vendiendo la tableta desde 2013. <\/p>\n<\/div>\n\n","protected":false},"excerpt":{"rendered":"<p>El director gerente de UBS y gerente de cartera senior, Jason Katz, reacciona a Apple anunciando que gastar\u00e1 m\u00e1s de medio trill\u00f3n en innovaci\u00f3n estadounidense en los pr\u00f3ximos cuatro a\u00f1os en &#8216;Varney &#038; Co.&#8217; Apple anunci\u00f3 el martes los \u00faltimos modelos de iPad Air. La revelaci\u00f3n de las nuevas tabletas se produjo solo un d\u00eda &hellip;<\/p>\n","protected":false},"author":1,"featured_media":17199,"comment_status":"open","ping_status":"open","sticky":false,"template":"","format":"standard","meta":{"fifu_image_url":"https:\/\/a57.foxnews.com\/static.foxbusiness.com\/foxbusiness.com\/content\/uploads\/2025\/03\/0\/0\/ipad-air-mutliple.jpg?ve=1&tl=1","fifu_image_alt":"","footnotes":""},"categories":[3],"tags":[],"class_list":["post-17197","post","type-post","status-publish","format-standard","has-post-thumbnail","","category-negocio"],"_links":{"self":[{"href":"https:\/\/noticiasveraces.com\/index.php?rest_route=\/wp\/v2\/posts\/17197","targetHints":{"allow":["GET"]}}],"collection":[{"href":"https:\/\/noticiasveraces.com\/index.php?rest_route=\/wp\/v2\/posts"}],"about":[{"href":"https:\/\/noticiasveraces.com\/index.php?rest_route=\/wp\/v2\/types\/post"}],"author":[{"embeddable":true,"href":"https:\/\/noticiasveraces.com\/index.php?rest_route=\/wp\/v2\/users\/1"}],"replies":[{"embeddable":true,"href":"https:\/\/noticiasveraces.com\/index.php?rest_route=%2Fwp%2Fv2%2Fcomments&post=17197"}],"version-history":[{"count":0,"href":"https:\/\/noticiasveraces.com\/index.php?rest_route=\/wp\/v2\/posts\/17197\/revisions"}],"wp:featuredmedia":[{"embeddable":true,"href":"https:\/\/noticiasveraces.com\/index.php?rest_route=\/wp\/v2\/media\/17199"}],"wp:attachment":[{"href":"https:\/\/noticiasveraces.com\/index.php?rest_route=%2Fwp%2Fv2%2Fmedia&parent=17197"}],"wp:term":[{"taxonomy":"category","embeddable":true,"href":"https:\/\/noticiasveraces.com\/index.php?rest_route=%2Fwp%2Fv2%2Fcategories&post=17197"},{"taxonomy":"post_tag","embeddable":true,"href":"https:\/\/noticiasveraces.com\/index.php?rest_route=%2Fwp%2Fv2%2Ftags&post=17197"}],"curies":[{"name":"wp","href":"https:\/\/api.w.org\/{rel}","templated":true}]}}