{"id":17176,"date":"2025-03-04T12:20:06","date_gmt":"2025-03-04T16:20:06","guid":{"rendered":"https:\/\/noticiasveraces.com\/?p=17176"},"modified":"2025-03-04T12:20:06","modified_gmt":"2025-03-04T16:20:06","slug":"trump-cesara-fondos-a-escuelas-con-protestas-ilegales-dw-04-04-2025","status":"publish","type":"post","link":"https:\/\/noticiasveraces.com\/?p=17176","title":{"rendered":"Trump C\u00e9sar\u00e1 Fondos A Escuelas Con \u00abProtestas Ilegales\u00bb &#8211; DW &#8211; 04\/04\/2025"},"content":{"rendered":"<p> \n<\/p>\n<div>\n<p>El Presidente de Estados Unidos, Donald Trump, Dijo Este Martes (04.03.2025) Que recortar\u00e1 los fondos a Las Escuelas que Manifestaciones Permitan no Autorizadas, su \u00datima Amenaza para el flujo de Fondos federales al sistema educativo del pa\u00eds.<\/p>\n<p>El republicano amenaz\u00f3 anterior se recortador los fondos gubernamianales a las universides y centros educaciones de Estados unidos por sus ense\u00f1anza Sobre g\u00e9nero y raza, si permiten que el los atletas transg\u00e9nero compitan en equipos deportivos femenos y SiSiSe Insisten en la obligaci\u00f3n de la acompa\u00f1ado COVID-19.<\/p>\n<h2><strong>Manifestantes ir\u00e1n a prisi\u00f3n o ser\u00e1n expulsados \u200b\u200bde estados unidos<\/strong><\/h2>\n<p>\u00abSe Detendr\u00e1 TODO El FinanciAmiento Federal<svg xmlns=\"http:\/\/www.w3.org\/2000\/svg\" width=\"20\" height=\"20\" viewbox=\"0 0 20 20\"><path d=\"M11.5 3.5 11.5 4.233C14.342 4.233 15.167 4.245 15.167 4.258L8.984 10.467 10.033 11.516C14.826 6.725 16.228 5.333 16.242 5.333L16.267 9 17.733 9 17.733 2.767 11.5 2.767 11.5 3.5M2.267 11 2.267 17.233 16.733 17.233 16.733 12 15.267 12 15.25 15.75 9.5 15.75 3.75 15.75 3.75 6.25 9.5 6.233 9.5 4.767 2.267 4.767 2.267 11 \"\/><\/svg>  Para Cualquier Colegio, Escuela o Universidad que Permita Protestas Ilegales \u00ab, Escribi\u00f3 en su Platlaforma Truth Social.<\/p>\n<p>\u00abLos agitadores ser\u00e1n encarcelados o enviados de vuelta de forma permanente al pa\u00eds del Que Que. Los Estudiantes Estadounidenss ser\u00e1n expulsados \u200b\u200bde forma permanente, o dependiente delito, arrestado\u00bb, A\u00f1adi\u00f3\u00f3.<\/p>\n<h2><strong>Recorta una universidad por acusaciones de antisemitismo<\/strong><\/h2>\n<p>El A\u00f1o Pasado, Los Campus Estadounidenses Fueron Escenario de Protestas Estudiantiles Contra El Conflicto Entre Israel y El Grupo Terrorista Palestino Ham\u00e1s en la Franja de Gaza, Que Desataron Acusaciones de Antisemitismo.<\/p>\n<p>El Lunes, Washington Dijo que se considera rescindir m\u00e1s de 50 Millones de d\u00f3lares en contratos con la universidad de columbia, en Nueva York, por las acusaciones de que no protegi\u00f3 a sus estudiantes juz\u00edos durante las manifestaciones.<\/p>\n<p>Adem\u00e1s, Trump Cre\u00f3 un Grupo de Trabajo el Mes Pasado Destinado A Combatir el Antisemitismo en Las Escuelas.<\/p>\n<p>RR (AFP\/Reuters\/CBS)<\/p>\n<\/div>\n\n","protected":false},"excerpt":{"rendered":"<p>El Presidente de Estados Unidos, Donald Trump, Dijo Este Martes (04.03.2025) Que recortar\u00e1 los fondos a Las Escuelas que Manifestaciones Permitan no Autorizadas, su \u00datima Amenaza para el flujo de Fondos federales al sistema educativo del pa\u00eds. El republicano amenaz\u00f3 anterior se recortador los fondos gubernamianales a las universides y centros educaciones de Estados unidos &hellip;<\/p>\n","protected":false},"author":1,"featured_media":17177,"comment_status":"open","ping_status":"open","sticky":false,"template":"","format":"standard","meta":{"fifu_image_url":"https:\/\/static.dw.com\/image\/71820390_6.jpg","fifu_image_alt":"","footnotes":""},"categories":[13],"tags":[],"class_list":["post-17176","post","type-post","status-publish","format-standard","has-post-thumbnail","","category-mundo"],"_links":{"self":[{"href":"https:\/\/noticiasveraces.com\/index.php?rest_route=\/wp\/v2\/posts\/17176","targetHints":{"allow":["GET"]}}],"collection":[{"href":"https:\/\/noticiasveraces.com\/index.php?rest_route=\/wp\/v2\/posts"}],"about":[{"href":"https:\/\/noticiasveraces.com\/index.php?rest_route=\/wp\/v2\/types\/post"}],"author":[{"embeddable":true,"href":"https:\/\/noticiasveraces.com\/index.php?rest_route=\/wp\/v2\/users\/1"}],"replies":[{"embeddable":true,"href":"https:\/\/noticiasveraces.com\/index.php?rest_route=%2Fwp%2Fv2%2Fcomments&post=17176"}],"version-history":[{"count":0,"href":"https:\/\/noticiasveraces.com\/index.php?rest_route=\/wp\/v2\/posts\/17176\/revisions"}],"wp:featuredmedia":[{"embeddable":true,"href":"https:\/\/noticiasveraces.com\/index.php?rest_route=\/wp\/v2\/media\/17177"}],"wp:attachment":[{"href":"https:\/\/noticiasveraces.com\/index.php?rest_route=%2Fwp%2Fv2%2Fmedia&parent=17176"}],"wp:term":[{"taxonomy":"category","embeddable":true,"href":"https:\/\/noticiasveraces.com\/index.php?rest_route=%2Fwp%2Fv2%2Fcategories&post=17176"},{"taxonomy":"post_tag","embeddable":true,"href":"https:\/\/noticiasveraces.com\/index.php?rest_route=%2Fwp%2Fv2%2Ftags&post=17176"}],"curies":[{"name":"wp","href":"https:\/\/api.w.org\/{rel}","templated":true}]}}