{"id":17165,"date":"2025-03-04T11:16:29","date_gmt":"2025-03-04T15:16:29","guid":{"rendered":"https:\/\/noticiasveraces.com\/?p=17165"},"modified":"2025-03-04T11:16:29","modified_gmt":"2025-03-04T15:16:29","slug":"los-legisladores-de-la-oposicion-serbia-arrojan-granadas-de-humo-gas-lacrimogeno-en-el-parlamento","status":"publish","type":"post","link":"https:\/\/noticiasveraces.com\/?p=17165","title":{"rendered":"Los legisladores de la oposici\u00f3n serbia arrojan granadas de humo, gas lacrim\u00f3geno en el parlamento"},"content":{"rendered":"<p> \n<\/p>\n<div>\n<p class=\"speakable\">El caos estall\u00f3 en el parlamento de Serbia el martes con legisladores de la oposici\u00f3n desencadenando granadas de humo y gases lacrim\u00f3genos para protestar contra el gobierno y apoyar a los estudiantes demostrando a los estudiantes.<\/p>\n<p class=\"speakable\">Al menos tres legisladores resultaron heridos, uno en estado cr\u00edtico despu\u00e9s de sufrir un derrame cerebral, alimentando a\u00fan m\u00e1s las tensiones pol\u00edticas en el pa\u00eds balc\u00e1nico sin litoral, que se encuentra en la encrucijada del sudeste y central de Europa.<\/p>\n<p>Las im\u00e1genes de video del sal\u00f3n de la Asamblea mostraron un choque primero entre los legisladores y las bengalas y las bombas de humo que se est\u00e1n lanzando. Los medios serbios dijeron que tambi\u00e9n se arrojaron huevos y botellas de agua. Cientos de partidarios de la oposici\u00f3n se recuperaron fuera del edificio del Parlamento durante la sesi\u00f3n.<\/p>\n<div class=\"image-ct inline\">\n<div class=\"m\"><picture><source media=\"(max-width: 767px)\" srcset=\"https:\/\/a57.foxnews.com\/static.foxnews.com\/foxnews.com\/content\/uploads\/2025\/03\/343\/192\/serbia-protest.jpg?ve=1&amp;tl=1, https:\/\/a57.foxnews.com\/static.foxnews.com\/foxnews.com\/content\/uploads\/2025\/03\/686\/384\/serbia-protest.jpg?ve=1&amp;tl=1 2x\" height=\"192\" width=\"343\"><source media=\"(min-width: 768px) and (max-width: 1023px)\" srcset=\"https:\/\/a57.foxnews.com\/static.foxnews.com\/foxnews.com\/content\/uploads\/2025\/03\/672\/378\/serbia-protest.jpg?ve=1&amp;tl=1, https:\/\/a57.foxnews.com\/static.foxnews.com\/foxnews.com\/content\/uploads\/2025\/03\/1344\/756\/serbia-protest.jpg?ve=1&amp;tl=1 2x\" height=\"378\" width=\"672\"><source media=\"(min-width: 1024px) and (max-width: 1279px)\" srcset=\"https:\/\/a57.foxnews.com\/static.foxnews.com\/foxnews.com\/content\/uploads\/2025\/03\/931\/523\/serbia-protest.jpg?ve=1&amp;tl=1, https:\/\/a57.foxnews.com\/static.foxnews.com\/foxnews.com\/content\/uploads\/2025\/03\/1862\/1046\/serbia-protest.jpg?ve=1&amp;tl=1 2x\" height=\"523\" width=\"931\"><source media=\"(min-width: 1280px)\" srcset=\"https:\/\/a57.foxnews.com\/static.foxnews.com\/foxnews.com\/content\/uploads\/2025\/03\/720\/405\/serbia-protest.jpg?ve=1&amp;tl=1, https:\/\/a57.foxnews.com\/static.foxnews.com\/foxnews.com\/content\/uploads\/2025\/03\/1440\/810\/serbia-protest.jpg?ve=1&amp;tl=1 2x\" height=\"405\" width=\"720\"><img loading=\"lazy\" decoding=\"async\" src=\"https:\/\/a57.foxnews.com\/static.foxnews.com\/foxnews.com\/content\/uploads\/2025\/03\/1200\/675\/serbia-protest.jpg?ve=1&amp;tl=1\" alt=\"Los legisladores de la oposici\u00f3n serbia dejan ir a las granadas de humo \" width=\"1200\" height=\"675\"\/><\/source><\/source><\/source><\/source><\/picture><\/div>\n<div class=\"info\">\n<div class=\"caption\">\n<p><span>Los legisladores de la oposici\u00f3n serbia dejan ir a las granadas de humo dentro del parlamento serbio en Belgrado, el 4 de marzo de 2025.<\/span> <span>(Pool del Parlamento serbio \/ Videoplus \/ Folleto a trav\u00e9s de Reuters)<\/span><\/p>\n<\/div>\n<\/div>\n<\/div>\n<p><strong>Serbia sacudida por protestas anticorrupci\u00f3n despu\u00e9s de la tragedia de la construcci\u00f3n<\/strong><\/p>\n<p>Las feas escenas provienen de un colapso fatal de un dosel en una estaci\u00f3n de ferrocarril en noviembre. El incidente provoc\u00f3 protestas masivas cuando los manifestantes exigieron justicia y responsabilidad por la tragedia. <\/p>\n<p>Muchos en Serbia creen que el colapso fatal del dosel fue el resultado del trabajo descuidado y un desprecio por las regulaciones de seguridad debido a la corrupci\u00f3n del gobierno. El dosel en la estaci\u00f3n de ferrocarril se derrumb\u00f3 despu\u00e9s de renovaciones dirigidas por dos compa\u00f1\u00edas chinas. <\/p>\n<p>Las protestas llevaron a la renuncia del primer ministro serbio Milos Vucevic en enero. La renuncia del primer ministro lo convirti\u00f3 en el mejor funcionario del r\u00e9gimen en renunciar, pero no ha sofocado el levantamiento y las protestas masivas han continuado en Belgrado y en todo el pa\u00eds.<\/p>\n<p>El Parlamento a\u00fan debe confirmar la renuncia del primer ministro para que surja efecto.<\/p>\n<p>En la sesi\u00f3n legislativa del martes, los legisladores estaban programados para votar sobre una ley que aumentar\u00eda la financiaci\u00f3n de la educaci\u00f3n universitaria, una demanda clave de los estudiantes manifestantes. <\/p>\n<div class=\"image-ct inline\">\n<div class=\"m\"><picture><source media=\"(max-width: 767px)\" srcset=\"https:\/\/a57.foxnews.com\/static.foxnews.com\/foxnews.com\/content\/uploads\/2025\/03\/343\/192\/serbia-protest-2.jpg?ve=1&amp;tl=1, https:\/\/a57.foxnews.com\/static.foxnews.com\/foxnews.com\/content\/uploads\/2025\/03\/686\/384\/serbia-protest-2.jpg?ve=1&amp;tl=1 2x\" height=\"192\" width=\"343\"><source media=\"(min-width: 768px) and (max-width: 1023px)\" srcset=\"https:\/\/a57.foxnews.com\/static.foxnews.com\/foxnews.com\/content\/uploads\/2025\/03\/672\/378\/serbia-protest-2.jpg?ve=1&amp;tl=1, https:\/\/a57.foxnews.com\/static.foxnews.com\/foxnews.com\/content\/uploads\/2025\/03\/1344\/756\/serbia-protest-2.jpg?ve=1&amp;tl=1 2x\" height=\"378\" width=\"672\"><source media=\"(min-width: 1024px) and (max-width: 1279px)\" srcset=\"https:\/\/a57.foxnews.com\/static.foxnews.com\/foxnews.com\/content\/uploads\/2025\/03\/931\/523\/serbia-protest-2.jpg?ve=1&amp;tl=1, https:\/\/a57.foxnews.com\/static.foxnews.com\/foxnews.com\/content\/uploads\/2025\/03\/1862\/1046\/serbia-protest-2.jpg?ve=1&amp;tl=1 2x\" height=\"523\" width=\"931\"><source media=\"(min-width: 1280px)\" srcset=\"https:\/\/a57.foxnews.com\/static.foxnews.com\/foxnews.com\/content\/uploads\/2025\/03\/720\/405\/serbia-protest-2.jpg?ve=1&amp;tl=1, https:\/\/a57.foxnews.com\/static.foxnews.com\/foxnews.com\/content\/uploads\/2025\/03\/1440\/810\/serbia-protest-2.jpg?ve=1&amp;tl=1 2x\" height=\"405\" width=\"720\"><img loading=\"lazy\" decoding=\"async\" src=\"https:\/\/a57.foxnews.com\/static.foxnews.com\/foxnews.com\/content\/uploads\/2025\/03\/1200\/675\/serbia-protest-2.jpg?ve=1&amp;tl=1\" alt=\"Los legisladores de la oposici\u00f3n serbia dejan ir a las granadas de humo\" width=\"1200\" height=\"675\"\/><\/source><\/source><\/source><\/source><\/picture><\/div>\n<div class=\"info\">\n<div class=\"caption\">\n<p><span>El caos estall\u00f3 en el parlamento de Serbia el martes con legisladores de la oposici\u00f3n desencadenando granadas de humo y gases lacrim\u00f3genos para protestar contra el gobierno y apoyar a los estudiantes demostrando a los estudiantes. <\/span> <span>(Pool del Parlamento serbio \/ Videoplus \/ Folleto a trav\u00e9s de Reuters)<\/span><\/p>\n<\/div>\n<\/div>\n<\/div>\n<p><strong>Los conservadores se unen alrededor de Hegseth despu\u00e9s de convertir las mesas en Hillary Clinton con la foto de Rusia &#8216;Restablecer&#8217;<\/strong><\/p>\n<p>Pero los partidos de oposici\u00f3n dijeron que la mayor\u00eda gobernante tambi\u00e9n planeaba aprobar docenas de otras decisiones. Dijeron que esto era ilegal y que los legisladores primero deber\u00edan confirmar la renuncia de Vucevic y su gobierno.<\/p>\n<p>Despu\u00e9s de que la coalici\u00f3n gobernante liderada por el Partido Progresista Serbio (SNS) aprob\u00f3 la agenda, algunos pol\u00edticos de la oposici\u00f3n se salieron de sus asientos hacia el orador parlamentario y se pegaron con guardias de seguridad.<\/p>\n<p>Otros lanzaron granadas de humo y gases lacrim\u00f3genos, con humo negro y rosa que se elevaba dentro del parlamento, que tambi\u00e9n ha sido testigo de peleas y el lanzamiento de agua en las d\u00e9cadas posteriores a la introducci\u00f3n de la democracia m\u00faltiple en 1990.<\/p>\n<p>A medida que continuaba la sesi\u00f3n, los pol\u00edticos gobernantes de la coalici\u00f3n debat\u00edan mientras los legisladores de la oposici\u00f3n silbaban y explotaban cuernos.<\/p>\n<p>Los diputados de la oposici\u00f3n tambi\u00e9n ten\u00edan carteles que dec\u00edan \u00abhuelga general\u00bb y \u00abjusticia para los asesinados\u00bb, mientras que fuera de los manifestantes del edificio permanecieron en silencio para honrar a 15 personas asesinadas por un colapso del techo de la estaci\u00f3n de ferrocarril.<\/p>\n<p>La oradora del Parlamento, Ana Brnabic, acus\u00f3 a la oposici\u00f3n de ser una \u00abpandilla terrorista\u00bb. La coalici\u00f3n gobernante dice que las agencias de inteligencia occidentales est\u00e1n tratando de desestabilizar a Serbia y derrocar al gobierno respaldando las protestas.<\/p>\n<div class=\"image-ct inline\">\n<div class=\"m\"><picture><source media=\"(max-width: 767px)\" srcset=\"https:\/\/a57.foxnews.com\/static.foxnews.com\/foxnews.com\/content\/uploads\/2025\/01\/343\/192\/ap25030490198751-scaled.jpg?ve=1&amp;tl=1, https:\/\/a57.foxnews.com\/static.foxnews.com\/foxnews.com\/content\/uploads\/2025\/01\/686\/384\/ap25030490198751-scaled.jpg?ve=1&amp;tl=1 2x\" height=\"192\" width=\"343\"><source media=\"(min-width: 768px) and (max-width: 1023px)\" srcset=\"https:\/\/a57.foxnews.com\/static.foxnews.com\/foxnews.com\/content\/uploads\/2025\/01\/672\/378\/ap25030490198751-scaled.jpg?ve=1&amp;tl=1, https:\/\/a57.foxnews.com\/static.foxnews.com\/foxnews.com\/content\/uploads\/2025\/01\/1344\/756\/ap25030490198751-scaled.jpg?ve=1&amp;tl=1 2x\" height=\"378\" width=\"672\"><source media=\"(min-width: 1024px) and (max-width: 1279px)\" srcset=\"https:\/\/a57.foxnews.com\/static.foxnews.com\/foxnews.com\/content\/uploads\/2025\/01\/931\/523\/ap25030490198751-scaled.jpg?ve=1&amp;tl=1, https:\/\/a57.foxnews.com\/static.foxnews.com\/foxnews.com\/content\/uploads\/2025\/01\/1862\/1046\/ap25030490198751-scaled.jpg?ve=1&amp;tl=1 2x\" height=\"523\" width=\"931\"><source media=\"(min-width: 1280px)\" srcset=\"https:\/\/a57.foxnews.com\/static.foxnews.com\/foxnews.com\/content\/uploads\/2025\/01\/720\/405\/ap25030490198751-scaled.jpg?ve=1&amp;tl=1, https:\/\/a57.foxnews.com\/static.foxnews.com\/foxnews.com\/content\/uploads\/2025\/01\/1440\/810\/ap25030490198751-scaled.jpg?ve=1&amp;tl=1 2x\" height=\"405\" width=\"720\"><img loading=\"lazy\" decoding=\"async\" src=\"https:\/\/a57.foxnews.com\/static.foxnews.com\/foxnews.com\/content\/uploads\/2025\/01\/1200\/675\/ap25030490198751-scaled.jpg?ve=1&amp;tl=1\" alt=\"Los estudiantes protestan cerca de Belgrado\" width=\"1200\" height=\"675\"\/><\/source><\/source><\/source><\/source><\/picture><\/div>\n<div class=\"info\">\n<div class=\"caption\">\n<p><span>Los estudiantes caminan por la carretera hacia la ciudad norte de Novi Sad el 30 de enero para protestar por las muertes de 15 personas asesinadas en el colapso de noviembre de un dosel de la estaci\u00f3n de tren, cerca del suburbio de Batajnica, Serbia.<\/span> <span>(AP Photo\/Darko Vojinovic)<\/span><\/p>\n<\/div>\n<\/div>\n<\/div>\n<p><strong>Haga clic aqu\u00ed para obtener la aplicaci\u00f3n Fox News<\/strong><\/p>\n<p>El gobierno ha tratado de evadir el escrutinio minimizando la culpabilidad del gobierno en el colapso en la estaci\u00f3n. Al principio, el gobierno trat\u00f3 de ignorar las protestas, luego comenz\u00f3 a usar la fuerza y \u200b\u200bacus\u00f3 a las protestas de ser infiltradas por agitadores extranjeros. <\/p>\n<p>Algunos observadores se quejaron de que el incumplimiento del gobierno v\u00facico de actuar y proporcionar respuestas claras al p\u00fablico es end\u00e9mico de la corrupci\u00f3n institucional central de Serbia.<\/p>\n<p>Mientras tanto, los l\u00edderes de protestas pidieron una gran reuni\u00f3n en la capital Belgrado el 15 de marzo.<\/p>\n<p><i>Chris Massaro, Reuters y The Associated Press de Fox News contribuyeron a este informe. <\/i><\/p>\n<p> <!----> <\/p>\n<div class=\"article-meta\">\n<div class=\"author-bio\">\n<p>Michael Dorgan es escritor de Fox News Digital y Fox Business.<\/p>\n<p>Puede enviar consejos a Michael.dorgan@fox.com y seguirlo en Twitter @M_Dorgan.<\/p>\n<\/div>\n<\/div>\n<\/div>\n\n","protected":false},"excerpt":{"rendered":"<p>El caos estall\u00f3 en el parlamento de Serbia el martes con legisladores de la oposici\u00f3n desencadenando granadas de humo y gases lacrim\u00f3genos para protestar contra el gobierno y apoyar a los estudiantes demostrando a los estudiantes. Al menos tres legisladores resultaron heridos, uno en estado cr\u00edtico despu\u00e9s de sufrir un derrame cerebral, alimentando a\u00fan m\u00e1s &hellip;<\/p>\n","protected":false},"author":1,"featured_media":17167,"comment_status":"open","ping_status":"open","sticky":false,"template":"","format":"standard","meta":{"fifu_image_url":"https:\/\/static.foxnews.com\/foxnews.com\/content\/uploads\/2025\/03\/serbia-protest.jpg","fifu_image_alt":"","footnotes":""},"categories":[13],"tags":[],"class_list":["post-17165","post","type-post","status-publish","format-standard","has-post-thumbnail","","category-mundo"],"_links":{"self":[{"href":"https:\/\/noticiasveraces.com\/index.php?rest_route=\/wp\/v2\/posts\/17165","targetHints":{"allow":["GET"]}}],"collection":[{"href":"https:\/\/noticiasveraces.com\/index.php?rest_route=\/wp\/v2\/posts"}],"about":[{"href":"https:\/\/noticiasveraces.com\/index.php?rest_route=\/wp\/v2\/types\/post"}],"author":[{"embeddable":true,"href":"https:\/\/noticiasveraces.com\/index.php?rest_route=\/wp\/v2\/users\/1"}],"replies":[{"embeddable":true,"href":"https:\/\/noticiasveraces.com\/index.php?rest_route=%2Fwp%2Fv2%2Fcomments&post=17165"}],"version-history":[{"count":0,"href":"https:\/\/noticiasveraces.com\/index.php?rest_route=\/wp\/v2\/posts\/17165\/revisions"}],"wp:featuredmedia":[{"embeddable":true,"href":"https:\/\/noticiasveraces.com\/index.php?rest_route=\/wp\/v2\/media\/17167"}],"wp:attachment":[{"href":"https:\/\/noticiasveraces.com\/index.php?rest_route=%2Fwp%2Fv2%2Fmedia&parent=17165"}],"wp:term":[{"taxonomy":"category","embeddable":true,"href":"https:\/\/noticiasveraces.com\/index.php?rest_route=%2Fwp%2Fv2%2Fcategories&post=17165"},{"taxonomy":"post_tag","embeddable":true,"href":"https:\/\/noticiasveraces.com\/index.php?rest_route=%2Fwp%2Fv2%2Ftags&post=17165"}],"curies":[{"name":"wp","href":"https:\/\/api.w.org\/{rel}","templated":true}]}}