{"id":17162,"date":"2025-03-04T10:15:10","date_gmt":"2025-03-04T14:15:10","guid":{"rendered":"https:\/\/noticiasveraces.com\/?p=17162"},"modified":"2025-03-04T10:15:10","modified_gmt":"2025-03-04T14:15:10","slug":"directrices-de-la-escuela-federal-de-dei-aclarada-para-decir-que-el-mes-de-la-historia-negra-no-viola-la-orden","status":"publish","type":"post","link":"https:\/\/noticiasveraces.com\/?p=17162","title":{"rendered":"Directrices de la Escuela Federal de DEI aclarada para decir que el Mes de la Historia Negra no viola la Orden"},"content":{"rendered":"<p> \n<\/p>\n<div>\n<p class=\"speakable\">El Departamento de Educaci\u00f3n aclar\u00f3 que las observancias como el Mes de la Historia Negra no violan las pol\u00edticas de educaci\u00f3n estatal de una orden de advertencia de que deben eliminar las pol\u00edticas de diversidad, equidad e inclusi\u00f3n (DEI) o riesgo de perder fondos federales. <\/p>\n<p class=\"speakable\">La gu\u00eda se produjo despu\u00e9s de que la Oficina de Derechos Civiles del Departamento de Educaci\u00f3n envi\u00f3 una carta a los Departamentos de Educaci\u00f3n en los 50 estados a mediados de febrero notific\u00e1ndoles una fecha l\u00edmite del 28 de febrero para cumplir con la orden. <\/p>\n<p>\u00abEl T\u00edtulo VI proh\u00edbe a los beneficiarios de fondos federales por discriminar sobre la base de la raza, el color o el origen nacional\u00bb, dice la orientaci\u00f3n, que agrega \u00ablas escuelas pueden no operar pol\u00edticas o programas bajo ning\u00fan nombre que traten a los estudiantes de manera diferente en funci\u00f3n de la raza, participar en estereotipos raciales o crear entornos hostiles para estudiantes de razas particulares. <\/p>\n<p>\u00abPor ejemplo, las escuelas con programas se centraron en intereses en culturas particulares, patrimonio y \u00e1reas del mundo no violar\u00edan en s\u00ed mismas el T\u00edtulo VI, suponiendo que est\u00e9n abiertas a todos los estudiantes, independientemente de la raza\u00bb, continu\u00f3 la gu\u00eda. \u00abTampoco las observancias educativas, culturales o hist\u00f3ricas, como el Mes de la Historia Negra, el D\u00eda Internacional del Recuerdo del Holocausto, o eventos similares, que celebran o reconocen eventos y contribuciones hist\u00f3ricas, y promueven la conciencia, siempre que no participen en la exclusi\u00f3n o discriminaci\u00f3n racial\u00bb. <\/p>\n<p><strong>Oficinas de &#8216;Sunsets&#8217; de la Universidad Estatal de Ohio en medio de la revisi\u00f3n continua del trabajo DEI<\/strong><strong> <\/strong><\/p>\n<div class=\"image-ct inline\">\n<div class=\"m\"><picture><source media=\"(max-width: 767px)\" srcset=\"https:\/\/a57.foxnews.com\/static.foxnews.com\/foxnews.com\/content\/uploads\/2025\/03\/343\/192\/trump-black-history-month.jpg?ve=1&amp;tl=1, https:\/\/a57.foxnews.com\/static.foxnews.com\/foxnews.com\/content\/uploads\/2025\/03\/686\/384\/trump-black-history-month.jpg?ve=1&amp;tl=1 2x\" height=\"192\" width=\"343\"><source media=\"(min-width: 768px) and (max-width: 1023px)\" srcset=\"https:\/\/a57.foxnews.com\/static.foxnews.com\/foxnews.com\/content\/uploads\/2025\/03\/672\/378\/trump-black-history-month.jpg?ve=1&amp;tl=1, https:\/\/a57.foxnews.com\/static.foxnews.com\/foxnews.com\/content\/uploads\/2025\/03\/1344\/756\/trump-black-history-month.jpg?ve=1&amp;tl=1 2x\" height=\"378\" width=\"672\"><source media=\"(min-width: 1024px) and (max-width: 1279px)\" srcset=\"https:\/\/a57.foxnews.com\/static.foxnews.com\/foxnews.com\/content\/uploads\/2025\/03\/931\/523\/trump-black-history-month.jpg?ve=1&amp;tl=1, https:\/\/a57.foxnews.com\/static.foxnews.com\/foxnews.com\/content\/uploads\/2025\/03\/1862\/1046\/trump-black-history-month.jpg?ve=1&amp;tl=1 2x\" height=\"523\" width=\"931\"><source media=\"(min-width: 1280px)\" srcset=\"https:\/\/a57.foxnews.com\/static.foxnews.com\/foxnews.com\/content\/uploads\/2025\/03\/720\/405\/trump-black-history-month.jpg?ve=1&amp;tl=1, https:\/\/a57.foxnews.com\/static.foxnews.com\/foxnews.com\/content\/uploads\/2025\/03\/1440\/810\/trump-black-history-month.jpg?ve=1&amp;tl=1 2x\" height=\"405\" width=\"720\"><img loading=\"lazy\" decoding=\"async\" src=\"https:\/\/a57.foxnews.com\/static.foxnews.com\/foxnews.com\/content\/uploads\/2025\/03\/1200\/675\/trump-black-history-month.jpg?ve=1&amp;tl=1\" alt=\"Evento del Mes de la Historia Negra de Trump\" width=\"1200\" height=\"675\"\/><\/source><\/source><\/source><\/source><\/picture><\/div>\n<div class=\"info\">\n<div class=\"caption\">\n<p><span>El Secretario de Vivienda y el Desarrollo Urbano de los Estados Unidos, Eric Scott Turner, Center, habla junto al presidente Donald Trump, a la izquierda, y Tiger Woods durante una recepci\u00f3n en honor al Mes de la Historia Negra en la sala este de la Casa Blanca el 20 de febrero.<\/span> <span>(Reuters\/Kent Nishimura)<\/span><\/p>\n<\/div>\n<\/div>\n<\/div>\n<p>\u00abSi una pol\u00edtica o programa viola el T\u00edtulo VI no depende del uso de terminolog\u00eda espec\u00edfica como &#8216;Diversidad&#8217;, &#8216;Equidad&#8217; o &#8216;Inclusi\u00f3n'\u00bb, dijo la gu\u00eda, fechada el 28 de febrero. <\/p>\n<p>La carta en febrero de Craig Trainor, el Secretario Asistente de Derechos Civiles en el Departamento de Educaci\u00f3n, dijo: \u00abLas instituciones educativas tienen estudiantes adoctrinados t\u00f3xicamente con la falsa premisa de que Estados Unidos se basa en el\u00bb racismo sist\u00e9mico y estructural \u00aby pol\u00edticas y pr\u00e1cticas discriminatorias avanzadas\u00bb.<\/p>\n<p>\u00abLos defensores de estas pr\u00e1cticas discriminatorias han intentado justificarlos a\u00fan m\u00e1s, particularmente durante los \u00faltimos cuatro a\u00f1os, bajo la bandera de\u00bb diversidad, equidad e inclusi\u00f3n \u00ab(\u00bb dei \u00ab), contrabandeando los estereotipos raciales y expl\u00edcita la conciencia de la raza en la capacitaci\u00f3n cotidiana, la programaci\u00f3n y la disciplina\u00bb, escribi\u00f3. <\/p>\n<p><strong>Los hallazgos iniciales de DOGE en el Departamento de Defensa del gasto DEI podr\u00edan ahorrar $ 80 millones, dice la agencia<\/strong><strong> <\/strong><\/p>\n<div class=\"image-ct inline\">\n<div class=\"m\"><picture><source media=\"(max-width: 767px)\" srcset=\"https:\/\/a57.foxnews.com\/static.foxnews.com\/foxnews.com\/content\/uploads\/2025\/03\/343\/192\/department-of-education-building.jpg?ve=1&amp;tl=1, https:\/\/a57.foxnews.com\/static.foxnews.com\/foxnews.com\/content\/uploads\/2025\/03\/686\/384\/department-of-education-building.jpg?ve=1&amp;tl=1 2x\" height=\"192\" width=\"343\"><source media=\"(min-width: 768px) and (max-width: 1023px)\" srcset=\"https:\/\/a57.foxnews.com\/static.foxnews.com\/foxnews.com\/content\/uploads\/2025\/03\/672\/378\/department-of-education-building.jpg?ve=1&amp;tl=1, https:\/\/a57.foxnews.com\/static.foxnews.com\/foxnews.com\/content\/uploads\/2025\/03\/1344\/756\/department-of-education-building.jpg?ve=1&amp;tl=1 2x\" height=\"378\" width=\"672\"><source media=\"(min-width: 1024px) and (max-width: 1279px)\" srcset=\"https:\/\/a57.foxnews.com\/static.foxnews.com\/foxnews.com\/content\/uploads\/2025\/03\/931\/523\/department-of-education-building.jpg?ve=1&amp;tl=1, https:\/\/a57.foxnews.com\/static.foxnews.com\/foxnews.com\/content\/uploads\/2025\/03\/1862\/1046\/department-of-education-building.jpg?ve=1&amp;tl=1 2x\" height=\"523\" width=\"931\"><source media=\"(min-width: 1280px)\" srcset=\"https:\/\/a57.foxnews.com\/static.foxnews.com\/foxnews.com\/content\/uploads\/2025\/03\/720\/405\/department-of-education-building.jpg?ve=1&amp;tl=1, https:\/\/a57.foxnews.com\/static.foxnews.com\/foxnews.com\/content\/uploads\/2025\/03\/1440\/810\/department-of-education-building.jpg?ve=1&amp;tl=1 2x\" height=\"405\" width=\"720\"><img loading=\"lazy\" decoding=\"async\" src=\"https:\/\/a57.foxnews.com\/static.foxnews.com\/foxnews.com\/content\/uploads\/2025\/03\/1200\/675\/department-of-education-building.jpg?ve=1&amp;tl=1\" alt=\"Edificio del Departamento de Educaci\u00f3n\" width=\"1200\" height=\"675\"\/><\/source><\/source><\/source><\/source><\/picture><\/div>\n<div class=\"info\">\n<div class=\"caption\">\n<p><span>El edificio de la sede del Departamento de Educaci\u00f3n de los Estados Unidos en Washington, DC<\/span> <span>(J. David Ake\/Getty Images)<\/span><\/p>\n<\/div>\n<\/div>\n<\/div>\n<p>\u00abAll educational institutions are advised to: (1) ensure that their policies and actions comply with existing civil rights law; (2) cease all efforts to circumvent prohibitions on the use of race by relying on proxies or other indirect means to accomplish such ends; and (3) cease all reliance on third-party contractors, clearinghouses, or aggregators that are being used by institutions in an effort to circumvent prohibited uses of Race \u00ab, concluy\u00f3 Trainor. \u00abLas instituciones que no cumplen con la ley federal de derechos civiles pueden, consistentes con la ley aplicable, enfrentar una p\u00e9rdida potencial de fondos federales\u00bb. <\/p>\n<p>La carta se produce despu\u00e9s de que el presidente Donald Trump firm\u00f3 \u00f3rdenes ejecutivas que ordenaron a las agencias que proporcionen un plan para eliminar los fondos federales para el \u00abtratamiento ilegal y discriminatorio y el adoctrinamiento en las escuelas K-12, incluida la ideolog\u00eda de g\u00e9nero y la ideolog\u00eda de la equidad discriminatoria\u00bb. Tambi\u00e9n firm\u00f3 las \u00f3rdenes de poner fin a los programas DEI en agencias federales. <\/p>\n<div class=\"image-ct inline\">\n<div class=\"m\"><picture><source media=\"(max-width: 767px)\" srcset=\"https:\/\/a57.foxnews.com\/static.foxnews.com\/foxnews.com\/content\/uploads\/2025\/03\/343\/192\/department-of-education.jpg?ve=1&amp;tl=1, https:\/\/a57.foxnews.com\/static.foxnews.com\/foxnews.com\/content\/uploads\/2025\/03\/686\/384\/department-of-education.jpg?ve=1&amp;tl=1 2x\" height=\"192\" width=\"343\"><source media=\"(min-width: 768px) and (max-width: 1023px)\" srcset=\"https:\/\/a57.foxnews.com\/static.foxnews.com\/foxnews.com\/content\/uploads\/2025\/03\/672\/378\/department-of-education.jpg?ve=1&amp;tl=1, https:\/\/a57.foxnews.com\/static.foxnews.com\/foxnews.com\/content\/uploads\/2025\/03\/1344\/756\/department-of-education.jpg?ve=1&amp;tl=1 2x\" height=\"378\" width=\"672\"><source media=\"(min-width: 1024px) and (max-width: 1279px)\" srcset=\"https:\/\/a57.foxnews.com\/static.foxnews.com\/foxnews.com\/content\/uploads\/2025\/03\/931\/523\/department-of-education.jpg?ve=1&amp;tl=1, https:\/\/a57.foxnews.com\/static.foxnews.com\/foxnews.com\/content\/uploads\/2025\/03\/1862\/1046\/department-of-education.jpg?ve=1&amp;tl=1 2x\" height=\"523\" width=\"931\"><source media=\"(min-width: 1280px)\" srcset=\"https:\/\/a57.foxnews.com\/static.foxnews.com\/foxnews.com\/content\/uploads\/2025\/03\/720\/405\/department-of-education.jpg?ve=1&amp;tl=1, https:\/\/a57.foxnews.com\/static.foxnews.com\/foxnews.com\/content\/uploads\/2025\/03\/1440\/810\/department-of-education.jpg?ve=1&amp;tl=1 2x\" height=\"405\" width=\"720\"><img loading=\"lazy\" decoding=\"async\" src=\"https:\/\/a57.foxnews.com\/static.foxnews.com\/foxnews.com\/content\/uploads\/2025\/03\/1200\/675\/department-of-education.jpg?ve=1&amp;tl=1\" alt=\"Banderas fuera del edificio del Departamento de Educaci\u00f3n\" width=\"1200\" height=\"675\"\/><\/source><\/source><\/source><\/source><\/picture><\/div>\n<div class=\"info\">\n<div class=\"caption\">\n<p><span>Una bandera estadounidense y una bandera del Departamento de Educaci\u00f3n de los Estados Unidos vuela fuera del edificio del Departamento de Educaci\u00f3n de los Estados Unidos en Washington, DC, el 1 de febrero.<\/span> <span>(Reuters\/Annabelle Gordon)<\/span><\/p>\n<\/div>\n<\/div>\n<\/div>\n<p><strong>Haga clic aqu\u00ed para obtener la aplicaci\u00f3n Fox News<\/strong><strong> <\/strong><\/p>\n<p>El Departamento de Educaci\u00f3n anunci\u00f3 previamente la eliminaci\u00f3n de la menci\u00f3n de DEI de documentos y sitios web. El departamento tambi\u00e9n coloc\u00f3 a los empleados que dirigieron iniciativas de DEI con licencia y disolvieron su Consejo de Diversidad e Inclusi\u00f3n. <\/p>\n<p><i>Landon Mion de Fox News contribuy\u00f3 a este informe.<\/i><\/p>\n<p> <!----> <\/p>\n<div class=\"article-meta\">\n<div class=\"author-bio\">\n<p>Greg Norman es reportero de Fox News Digital.<\/p>\n<\/div>\n<\/div>\n<\/div>\n\n","protected":false},"excerpt":{"rendered":"<p>El Departamento de Educaci\u00f3n aclar\u00f3 que las observancias como el Mes de la Historia Negra no violan las pol\u00edticas de educaci\u00f3n estatal de una orden de advertencia de que deben eliminar las pol\u00edticas de diversidad, equidad e inclusi\u00f3n (DEI) o riesgo de perder fondos federales. La gu\u00eda se produjo despu\u00e9s de que la Oficina de &hellip;<\/p>\n","protected":false},"author":1,"featured_media":17164,"comment_status":"open","ping_status":"open","sticky":false,"template":"","format":"standard","meta":{"fifu_image_url":"https:\/\/static.foxnews.com\/foxnews.com\/content\/uploads\/2025\/03\/department-of-education.jpg","fifu_image_alt":"","footnotes":""},"categories":[13],"tags":[],"class_list":["post-17162","post","type-post","status-publish","format-standard","has-post-thumbnail","","category-mundo"],"_links":{"self":[{"href":"https:\/\/noticiasveraces.com\/index.php?rest_route=\/wp\/v2\/posts\/17162","targetHints":{"allow":["GET"]}}],"collection":[{"href":"https:\/\/noticiasveraces.com\/index.php?rest_route=\/wp\/v2\/posts"}],"about":[{"href":"https:\/\/noticiasveraces.com\/index.php?rest_route=\/wp\/v2\/types\/post"}],"author":[{"embeddable":true,"href":"https:\/\/noticiasveraces.com\/index.php?rest_route=\/wp\/v2\/users\/1"}],"replies":[{"embeddable":true,"href":"https:\/\/noticiasveraces.com\/index.php?rest_route=%2Fwp%2Fv2%2Fcomments&post=17162"}],"version-history":[{"count":0,"href":"https:\/\/noticiasveraces.com\/index.php?rest_route=\/wp\/v2\/posts\/17162\/revisions"}],"wp:featuredmedia":[{"embeddable":true,"href":"https:\/\/noticiasveraces.com\/index.php?rest_route=\/wp\/v2\/media\/17164"}],"wp:attachment":[{"href":"https:\/\/noticiasveraces.com\/index.php?rest_route=%2Fwp%2Fv2%2Fmedia&parent=17162"}],"wp:term":[{"taxonomy":"category","embeddable":true,"href":"https:\/\/noticiasveraces.com\/index.php?rest_route=%2Fwp%2Fv2%2Fcategories&post=17162"},{"taxonomy":"post_tag","embeddable":true,"href":"https:\/\/noticiasveraces.com\/index.php?rest_route=%2Fwp%2Fv2%2Ftags&post=17162"}],"curies":[{"name":"wp","href":"https:\/\/api.w.org\/{rel}","templated":true}]}}