{"id":17159,"date":"2025-03-04T09:12:55","date_gmt":"2025-03-04T13:12:55","guid":{"rendered":"https:\/\/noticiasveraces.com\/?p=17159"},"modified":"2025-03-04T09:12:55","modified_gmt":"2025-03-04T13:12:55","slug":"papa-francisco-de-ventilacion-mecanica-despues-de-crisis-respiratorias-fuentes-del-vaticano","status":"publish","type":"post","link":"https:\/\/noticiasveraces.com\/?p=17159","title":{"rendered":"Papa Francisco de ventilaci\u00f3n mec\u00e1nica despu\u00e9s de crisis respiratorias: fuentes del Vaticano"},"content":{"rendered":"<p> \n<\/p>\n<div>\n<p class=\"speakable\">El Papa Francisco fue sacado de la ventilaci\u00f3n mec\u00e1nica y se est\u00e1 estabilizando el martes despu\u00e9s de un par de crisis de respiraci\u00f3n el d\u00eda anterior, dijeron fuentes del Vaticano a Fox News. <\/p>\n<p class=\"speakable\">La perspectiva general del jugador de 88 a\u00f1os permanece \u00abvigilada\u00bb y a\u00fan no est\u00e1 fuera de peligro, agregaron las fuentes. <\/p>\n<p>El Papa fue ingresado en el Hospital Gemelli de Roma el 14 de febrero. Los m\u00e9dicos primero diagnosticaron una compleja infecci\u00f3n del tracto respiratorio viral, bacteriano y f\u00fangico y, posteriormente, el inicio de la neumon\u00eda en ambos pulmones. <\/p>\n<p>El Papa Francisco sufri\u00f3 dos crisis respiratorias agudas el lunes, una situaci\u00f3n m\u00e9dica compleja que era menos peligrosa que el broncoespasmo del viernes, anunci\u00f3 el Vaticano. Los desarrollos llevaron a Francis a reanudar la \u00abventilaci\u00f3n mec\u00e1nica no invasiva\u00bb. <\/p>\n<p><strong>El Papa Francisco sufre 2 crisis respiratorias agudas, dice el Vaticano<\/strong><strong> <\/strong><\/p>\n<div class=\"image-ct inline\">\n<div class=\"m\"><picture><source media=\"(max-width: 767px)\" srcset=\"https:\/\/a57.foxnews.com\/static.foxnews.com\/foxnews.com\/content\/uploads\/2025\/03\/343\/192\/pope-francis.jpg?ve=1&amp;tl=1, https:\/\/a57.foxnews.com\/static.foxnews.com\/foxnews.com\/content\/uploads\/2025\/03\/686\/384\/pope-francis.jpg?ve=1&amp;tl=1 2x\" height=\"192\" width=\"343\"><source media=\"(min-width: 768px) and (max-width: 1023px)\" srcset=\"https:\/\/a57.foxnews.com\/static.foxnews.com\/foxnews.com\/content\/uploads\/2025\/03\/672\/378\/pope-francis.jpg?ve=1&amp;tl=1, https:\/\/a57.foxnews.com\/static.foxnews.com\/foxnews.com\/content\/uploads\/2025\/03\/1344\/756\/pope-francis.jpg?ve=1&amp;tl=1 2x\" height=\"378\" width=\"672\"><source media=\"(min-width: 1024px) and (max-width: 1279px)\" srcset=\"https:\/\/a57.foxnews.com\/static.foxnews.com\/foxnews.com\/content\/uploads\/2025\/03\/931\/523\/pope-francis.jpg?ve=1&amp;tl=1, https:\/\/a57.foxnews.com\/static.foxnews.com\/foxnews.com\/content\/uploads\/2025\/03\/1862\/1046\/pope-francis.jpg?ve=1&amp;tl=1 2x\" height=\"523\" width=\"931\"><source media=\"(min-width: 1280px)\" srcset=\"https:\/\/a57.foxnews.com\/static.foxnews.com\/foxnews.com\/content\/uploads\/2025\/03\/720\/405\/pope-francis.jpg?ve=1&amp;tl=1, https:\/\/a57.foxnews.com\/static.foxnews.com\/foxnews.com\/content\/uploads\/2025\/03\/1440\/810\/pope-francis.jpg?ve=1&amp;tl=1 2x\" height=\"405\" width=\"720\"><img loading=\"lazy\" decoding=\"async\" src=\"https:\/\/a57.foxnews.com\/static.foxnews.com\/foxnews.com\/content\/uploads\/2025\/03\/1200\/675\/pope-francis.jpg?ve=1&amp;tl=1\" alt=\"El Papa Francisco asiste a la audiencia general\" width=\"1200\" height=\"675\"\/><\/source><\/source><\/source><\/source><\/picture><\/div>\n<div class=\"info\">\n<div class=\"caption\">\n<p><span>El Papa Francisco asiste a la audiencia general semanal en el Vaticano el 12 de febrero de 2025. <\/span> <span>(Massimo Valicchia\/Nurphoto a trav\u00e9s de Getty Images)<\/span><\/p>\n<\/div>\n<\/div>\n<\/div>\n<p>El martes por la ma\u00f1ana, el Papa regres\u00f3 a un tubo de nariz de flujo de alto ox\u00edgeno, y ahora est\u00e1 despierto y contin\u00faa ejercicios de respiraci\u00f3n, seg\u00fan las fuentes. <\/p>\n<p>Tambi\u00e9n dijeron que es \u00ab[p]Rematura para pensar \u00abSi Francis tiene un orden no resucitar. <\/p>\n<p><strong>El Papa Francisco cree que \u00abel papado es para la vida\u00bb, dice el historiador-biografante<\/strong><strong> <\/strong><\/p>\n<div class=\"image-ct inline\">\n<div class=\"m\"><picture><source media=\"(max-width: 767px)\" srcset=\"https:\/\/a57.foxnews.com\/static.foxnews.com\/foxnews.com\/content\/uploads\/2025\/03\/343\/192\/pope-francis-prayers.jpg?ve=1&amp;tl=1, https:\/\/a57.foxnews.com\/static.foxnews.com\/foxnews.com\/content\/uploads\/2025\/03\/686\/384\/pope-francis-prayers.jpg?ve=1&amp;tl=1 2x\" height=\"192\" width=\"343\"><source media=\"(min-width: 768px) and (max-width: 1023px)\" srcset=\"https:\/\/a57.foxnews.com\/static.foxnews.com\/foxnews.com\/content\/uploads\/2025\/03\/672\/378\/pope-francis-prayers.jpg?ve=1&amp;tl=1, https:\/\/a57.foxnews.com\/static.foxnews.com\/foxnews.com\/content\/uploads\/2025\/03\/1344\/756\/pope-francis-prayers.jpg?ve=1&amp;tl=1 2x\" height=\"378\" width=\"672\"><source media=\"(min-width: 1024px) and (max-width: 1279px)\" srcset=\"https:\/\/a57.foxnews.com\/static.foxnews.com\/foxnews.com\/content\/uploads\/2025\/03\/931\/523\/pope-francis-prayers.jpg?ve=1&amp;tl=1, https:\/\/a57.foxnews.com\/static.foxnews.com\/foxnews.com\/content\/uploads\/2025\/03\/1862\/1046\/pope-francis-prayers.jpg?ve=1&amp;tl=1 2x\" height=\"523\" width=\"931\"><source media=\"(min-width: 1280px)\" srcset=\"https:\/\/a57.foxnews.com\/static.foxnews.com\/foxnews.com\/content\/uploads\/2025\/03\/720\/405\/pope-francis-prayers.jpg?ve=1&amp;tl=1, https:\/\/a57.foxnews.com\/static.foxnews.com\/foxnews.com\/content\/uploads\/2025\/03\/1440\/810\/pope-francis-prayers.jpg?ve=1&amp;tl=1 2x\" height=\"405\" width=\"720\"><img loading=\"lazy\" decoding=\"async\" src=\"https:\/\/a57.foxnews.com\/static.foxnews.com\/foxnews.com\/content\/uploads\/2025\/03\/1200\/675\/pope-francis-prayers.jpg?ve=1&amp;tl=1\" alt=\"Oraciones por el Papa Francisco\" width=\"1200\" height=\"675\"\/><\/source><\/source><\/source><\/source><\/picture><\/div>\n<div class=\"info\">\n<div class=\"caption\">\n<p><span>Una mujer sostiene una vela cuando el cardenal Robert Francis Prevost, el prefecto del dicasterio para los obispos, lidera la recitaci\u00f3n del Rosario Santo para la Salud del Papa Francisco en la Plaza de San Pedro en el Vaticano el lunes 3 de marzo.<\/span> <span>(AP\/Kirsty Wigglesworth)<\/span><\/p>\n<\/div>\n<\/div>\n<\/div>\n<p>\u00abMe gustar\u00eda agradecerles por sus oraciones, que se elevan al Se\u00f1or de los corazones de tantos fieles de muchas partes del mundo\u00bb, dijo el Papa Francisco en un mensaje publicado en su cuenta X el domingo.  <\/p>\n<div class=\"image-ct inline\">\n<div class=\"m\"><picture><source media=\"(max-width: 767px)\" srcset=\"https:\/\/a57.foxnews.com\/static.foxnews.com\/foxnews.com\/content\/uploads\/2025\/03\/343\/192\/pope-francis-mass.jpg?ve=1&amp;tl=1, https:\/\/a57.foxnews.com\/static.foxnews.com\/foxnews.com\/content\/uploads\/2025\/03\/686\/384\/pope-francis-mass.jpg?ve=1&amp;tl=1 2x\" height=\"192\" width=\"343\"><source media=\"(min-width: 768px) and (max-width: 1023px)\" srcset=\"https:\/\/a57.foxnews.com\/static.foxnews.com\/foxnews.com\/content\/uploads\/2025\/03\/672\/378\/pope-francis-mass.jpg?ve=1&amp;tl=1, https:\/\/a57.foxnews.com\/static.foxnews.com\/foxnews.com\/content\/uploads\/2025\/03\/1344\/756\/pope-francis-mass.jpg?ve=1&amp;tl=1 2x\" height=\"378\" width=\"672\"><source media=\"(min-width: 1024px) and (max-width: 1279px)\" srcset=\"https:\/\/a57.foxnews.com\/static.foxnews.com\/foxnews.com\/content\/uploads\/2025\/03\/931\/523\/pope-francis-mass.jpg?ve=1&amp;tl=1, https:\/\/a57.foxnews.com\/static.foxnews.com\/foxnews.com\/content\/uploads\/2025\/03\/1862\/1046\/pope-francis-mass.jpg?ve=1&amp;tl=1 2x\" height=\"523\" width=\"931\"><source media=\"(min-width: 1280px)\" srcset=\"https:\/\/a57.foxnews.com\/static.foxnews.com\/foxnews.com\/content\/uploads\/2025\/03\/720\/405\/pope-francis-mass.jpg?ve=1&amp;tl=1, https:\/\/a57.foxnews.com\/static.foxnews.com\/foxnews.com\/content\/uploads\/2025\/03\/1440\/810\/pope-francis-mass.jpg?ve=1&amp;tl=1 2x\" height=\"405\" width=\"720\"><img loading=\"lazy\" decoding=\"async\" src=\"https:\/\/a57.foxnews.com\/static.foxnews.com\/foxnews.com\/content\/uploads\/2025\/03\/1200\/675\/pope-francis-mass.jpg?ve=1&amp;tl=1\" alt=\"Retrato del Papa Francisco\" width=\"1200\" height=\"675\"\/><\/source><\/source><\/source><\/source><\/picture><\/div>\n<div class=\"info\">\n<div class=\"caption\">\n<p><span>Una mujer toca un retrato del Papa Francisco despu\u00e9s de una misa cat\u00f3lica sostenida para rezar por el pont\u00edfice enfermo el 24 de febrero, en Buenos Aires, Argentina. <\/span> <span>(John Moore\/Getty Images)<\/span><\/p>\n<\/div>\n<\/div>\n<\/div>\n<p><strong>Haga clic aqu\u00ed para obtener la aplicaci\u00f3n Fox News<\/strong><strong>    <\/strong><\/p>\n<p>\u00abSiento todo su afecto y cercan\u00eda y, en este momento en particular, siento que soy &#8216;llevado&#8217; y apoyado por todo el pueblo de Dios\u00bb, agreg\u00f3. <\/p>\n<p><i>Melissa Chrise, Courtney Walsh y Landon Mion de Fox News contribuyeron a este informe. <\/i><\/p>\n<p> <!----> <\/p>\n<div class=\"article-meta\">\n<div class=\"author-bio\">\n<p>Greg Norman es reportero de Fox News Digital.<\/p>\n<\/div>\n<\/div>\n<\/div>\n\n","protected":false},"excerpt":{"rendered":"<p>El Papa Francisco fue sacado de la ventilaci\u00f3n mec\u00e1nica y se est\u00e1 estabilizando el martes despu\u00e9s de un par de crisis de respiraci\u00f3n el d\u00eda anterior, dijeron fuentes del Vaticano a Fox News. La perspectiva general del jugador de 88 a\u00f1os permanece \u00abvigilada\u00bb y a\u00fan no est\u00e1 fuera de peligro, agregaron las fuentes. El Papa &hellip;<\/p>\n","protected":false},"author":1,"featured_media":17161,"comment_status":"open","ping_status":"open","sticky":false,"template":"","format":"standard","meta":{"fifu_image_url":"https:\/\/static.foxnews.com\/foxnews.com\/content\/uploads\/2025\/03\/pope-francis.jpg","fifu_image_alt":"","footnotes":""},"categories":[13],"tags":[],"class_list":["post-17159","post","type-post","status-publish","format-standard","has-post-thumbnail","","category-mundo"],"_links":{"self":[{"href":"https:\/\/noticiasveraces.com\/index.php?rest_route=\/wp\/v2\/posts\/17159","targetHints":{"allow":["GET"]}}],"collection":[{"href":"https:\/\/noticiasveraces.com\/index.php?rest_route=\/wp\/v2\/posts"}],"about":[{"href":"https:\/\/noticiasveraces.com\/index.php?rest_route=\/wp\/v2\/types\/post"}],"author":[{"embeddable":true,"href":"https:\/\/noticiasveraces.com\/index.php?rest_route=\/wp\/v2\/users\/1"}],"replies":[{"embeddable":true,"href":"https:\/\/noticiasveraces.com\/index.php?rest_route=%2Fwp%2Fv2%2Fcomments&post=17159"}],"version-history":[{"count":0,"href":"https:\/\/noticiasveraces.com\/index.php?rest_route=\/wp\/v2\/posts\/17159\/revisions"}],"wp:featuredmedia":[{"embeddable":true,"href":"https:\/\/noticiasveraces.com\/index.php?rest_route=\/wp\/v2\/media\/17161"}],"wp:attachment":[{"href":"https:\/\/noticiasveraces.com\/index.php?rest_route=%2Fwp%2Fv2%2Fmedia&parent=17159"}],"wp:term":[{"taxonomy":"category","embeddable":true,"href":"https:\/\/noticiasveraces.com\/index.php?rest_route=%2Fwp%2Fv2%2Fcategories&post=17159"},{"taxonomy":"post_tag","embeddable":true,"href":"https:\/\/noticiasveraces.com\/index.php?rest_route=%2Fwp%2Fv2%2Ftags&post=17159"}],"curies":[{"name":"wp","href":"https:\/\/api.w.org\/{rel}","templated":true}]}}