{"id":17146,"date":"2025-03-04T06:05:10","date_gmt":"2025-03-04T10:05:10","guid":{"rendered":"https:\/\/noticiasveraces.com\/?p=17146"},"modified":"2025-03-04T06:05:10","modified_gmt":"2025-03-04T10:05:10","slug":"las-amenazas-de-trump-contra-canada-impulsan-el-partido-liberal-de-trudeau-en-las-encuestas","status":"publish","type":"post","link":"https:\/\/noticiasveraces.com\/?p=17146","title":{"rendered":"Las amenazas de Trump contra Canad\u00e1 impulsan el partido liberal de Trudeau en las encuestas"},"content":{"rendered":"<p> \n<\/p>\n<div>\n<p class=\"speakable\">OTTAWA, Canad\u00e1 &#8211; A medida que los nuevos aranceles entraron en vigencia el martes, los analistas dicen que si el partido liberal de Canad\u00e1 se mantiene en el poder, el partido puede agradecer al presidente Donald Trump en parte por tal reversi\u00f3n de la fortuna pol\u00edtica.<\/p>\n<p class=\"speakable\">Desde la inauguraci\u00f3n de Trump, el Partido Conservador Official de la Oposici\u00f3n de Canad\u00e1, una vez liderando a los liberales gobernantes por un amplio margen, ha visto disminuir gradualmente su popularidad en las encuestas de opiniones p\u00fablicos. <\/p>\n<p>Una encuesta de IPSOS publicada la semana pasada encontr\u00f3 que, por primera vez desde que los liberales ganaron las \u00faltimas elecciones federales en 2021, est\u00e1n por delante de los conservadores por dos puntos, con un 38% de popularidad en comparaci\u00f3n con los conservadores con el 36%. Seis semanas antes, los conservadores lideraron a los liberales por 26 puntos. Se espera que una elecci\u00f3n general se convierta en esta primavera por el sucesor de Trudeau, quien ser\u00e1 anunciado el domingo.<\/p>\n<p>Darrell Bricker, CEO de IPSOS Global Public Affairs, le dijo a Fox News Digital que nunca ha visto una fiesta de fiesta una ca\u00edda tan r\u00e1pida y dram\u00e1tica durante su carrera en las cuatro d\u00e9cadas en las encuestas.<\/p>\n<p><strong>\u00bfQui\u00e9n es Pierre Poilievre? El l\u00edder conservador de Canad\u00e1 que busca convertirse en el pr\u00f3ximo primer ministro despu\u00e9s de la salida de Trudeau<\/strong><\/p>\n<div class=\"image-ct inline\">\n<div class=\"m\"><picture><source media=\"(max-width: 767px)\" srcset=\"https:\/\/a57.foxnews.com\/static.foxnews.com\/foxnews.com\/content\/uploads\/2025\/01\/343\/192\/ap24336609281996-scaled.jpg?ve=1&amp;tl=1, https:\/\/a57.foxnews.com\/static.foxnews.com\/foxnews.com\/content\/uploads\/2025\/01\/686\/384\/ap24336609281996-scaled.jpg?ve=1&amp;tl=1 2x\" height=\"192\" width=\"343\"><source media=\"(min-width: 768px) and (max-width: 1023px)\" srcset=\"https:\/\/a57.foxnews.com\/static.foxnews.com\/foxnews.com\/content\/uploads\/2025\/01\/672\/378\/ap24336609281996-scaled.jpg?ve=1&amp;tl=1, https:\/\/a57.foxnews.com\/static.foxnews.com\/foxnews.com\/content\/uploads\/2025\/01\/1344\/756\/ap24336609281996-scaled.jpg?ve=1&amp;tl=1 2x\" height=\"378\" width=\"672\"><source media=\"(min-width: 1024px) and (max-width: 1279px)\" srcset=\"https:\/\/a57.foxnews.com\/static.foxnews.com\/foxnews.com\/content\/uploads\/2025\/01\/931\/523\/ap24336609281996-scaled.jpg?ve=1&amp;tl=1, https:\/\/a57.foxnews.com\/static.foxnews.com\/foxnews.com\/content\/uploads\/2025\/01\/1862\/1046\/ap24336609281996-scaled.jpg?ve=1&amp;tl=1 2x\" height=\"523\" width=\"931\"><source media=\"(min-width: 1280px)\" srcset=\"https:\/\/a57.foxnews.com\/static.foxnews.com\/foxnews.com\/content\/uploads\/2025\/01\/720\/405\/ap24336609281996-scaled.jpg?ve=1&amp;tl=1, https:\/\/a57.foxnews.com\/static.foxnews.com\/foxnews.com\/content\/uploads\/2025\/01\/1440\/810\/ap24336609281996-scaled.jpg?ve=1&amp;tl=1 2x\" height=\"405\" width=\"720\"><img loading=\"lazy\" decoding=\"async\" src=\"https:\/\/a57.foxnews.com\/static.foxnews.com\/foxnews.com\/content\/uploads\/2025\/01\/1200\/675\/ap24336609281996-scaled.jpg?ve=1&amp;tl=1\" alt=\"El l\u00edder conservador de Canad\u00e1, Pierre Poilievre, celebra una conferencia de prensa en un sal\u00f3n de baile del hotel en Ottawa el 1 de diciembre de 2024.\" width=\"1200\" height=\"675\"\/><\/source><\/source><\/source><\/source><\/picture><\/div>\n<div class=\"info\">\n<div class=\"caption\">\n<p><span>El l\u00edder conservador de Canad\u00e1, Pierre Poilievre, celebra una conferencia de prensa en un sal\u00f3n de baile del hotel en Ottawa el 1 de diciembre de 2024.<\/span> <span>(Justin Tang\/The Canadian Press a trav\u00e9s de AP)<\/span><\/p>\n<\/div>\n<\/div>\n<\/div>\n<p>\u00c9l cree que el declive de los conservadores es atribuible a dos factores.<\/p>\n<p>Justin Trudeau, cuya popularidad personal se ha desplomado desde que se convirti\u00f3 en el 23\u00ba primer ministro de Canad\u00e1 en 2015, renunciar\u00e1 como jefe del gobierno canadiense y el Partido Liberal el 9 de marzo; \u00abY la amenaza de Trump para usar la fuerza econ\u00f3mica en Canad\u00e1 para doblarnos a su rodilla y posiblemente absorbernos como un estado 51\u00bb, explic\u00f3 Bricker, sobre las tarifas planificadas del presidente contra Canad\u00e1 y sus repetidas referencias con respecto a la anexi\u00f3n.<\/p>\n<p>A lo largo de febrero, la investigaci\u00f3n de Nanos encontr\u00f3 el estrechamiento de la brecha entre los liberales y los conservadores, quienes el mes anterior estaban listos para formar un gobierno de \u00absuperalidad\u00bb con hasta 240 miembros del Parlamento (parlamentarios) en una casa de los Comunes de 343 asientos expandidas que entra en vigencia despu\u00e9s de la pr\u00f3xima elecci\u00f3n general.<\/p>\n<p>\u00abEso est\u00e1 completamente fuera de la ventana ahora\u00bb, dijo Nik Nanos, fundador y jefe cient\u00edfico de datos de la firma de votaci\u00f3n canadiense, quien tambi\u00e9n cree que la inminente partida de Trudeau y la ret\u00f3rica de Trump contra Canad\u00e1 han contribuido al aumento de los liberales en las encuestas.<\/p>\n<p>El presidente \u00abha cambiado efectivamente la pregunta de la boleta electoral de: \u00bfes hora de un cambio?, Que fue una mala noticia para los liberales, a qui\u00e9n puede tratar mejor con Donald Trump, la nueva amenaza existencial para la econom\u00eda canadiense?\u00bb ofrecido nanos.<\/p>\n<div class=\"image-ct inline\">\n<div class=\"m\"><picture><source media=\"(max-width: 767px)\" srcset=\"https:\/\/a57.foxnews.com\/static.foxnews.com\/foxnews.com\/content\/uploads\/2025\/02\/343\/192\/mark-carney-scaled.jpg?ve=1&amp;tl=1, https:\/\/a57.foxnews.com\/static.foxnews.com\/foxnews.com\/content\/uploads\/2025\/02\/686\/384\/mark-carney-scaled.jpg?ve=1&amp;tl=1 2x\" height=\"192\" width=\"343\"><source media=\"(min-width: 768px) and (max-width: 1023px)\" srcset=\"https:\/\/a57.foxnews.com\/static.foxnews.com\/foxnews.com\/content\/uploads\/2025\/02\/672\/378\/mark-carney-scaled.jpg?ve=1&amp;tl=1, https:\/\/a57.foxnews.com\/static.foxnews.com\/foxnews.com\/content\/uploads\/2025\/02\/1344\/756\/mark-carney-scaled.jpg?ve=1&amp;tl=1 2x\" height=\"378\" width=\"672\"><source media=\"(min-width: 1024px) and (max-width: 1279px)\" srcset=\"https:\/\/a57.foxnews.com\/static.foxnews.com\/foxnews.com\/content\/uploads\/2025\/02\/931\/523\/mark-carney-scaled.jpg?ve=1&amp;tl=1, https:\/\/a57.foxnews.com\/static.foxnews.com\/foxnews.com\/content\/uploads\/2025\/02\/1862\/1046\/mark-carney-scaled.jpg?ve=1&amp;tl=1 2x\" height=\"523\" width=\"931\"><source media=\"(min-width: 1280px)\" srcset=\"https:\/\/a57.foxnews.com\/static.foxnews.com\/foxnews.com\/content\/uploads\/2025\/02\/720\/405\/mark-carney-scaled.jpg?ve=1&amp;tl=1, https:\/\/a57.foxnews.com\/static.foxnews.com\/foxnews.com\/content\/uploads\/2025\/02\/1440\/810\/mark-carney-scaled.jpg?ve=1&amp;tl=1 2x\" height=\"405\" width=\"720\"><img loading=\"lazy\" decoding=\"async\" src=\"https:\/\/a57.foxnews.com\/static.foxnews.com\/foxnews.com\/content\/uploads\/2025\/02\/1200\/675\/mark-carney-scaled.jpg?ve=1&amp;tl=1\" alt=\"Mark Carney lanza la campa\u00f1a para el liderazgo liberal federal\" width=\"1200\" height=\"675\"\/><\/source><\/source><\/source><\/source><\/picture><\/div>\n<div class=\"info\">\n<div class=\"caption\">\n<p><span>Mark Carney, el ex gobernador del Banco de Canad\u00e1, anunci\u00f3 oficialmente su oferta por el liderazgo federal del Partido Liberal en Edmonton, Canad\u00e1, el 16 de enero de 2025.<\/span> <span>(Artur Widak\/Nurphoto a trav\u00e9s de Getty Images)<\/span><\/p>\n<\/div>\n<\/div>\n<\/div>\n<p>Explic\u00f3 que el l\u00edder de la oposici\u00f3n oficial conservadora canadiense Pierre Poilievre y su partido desempe\u00f1aron un papel en el impulso de los liberales al \u00abdemostrar que estaban un poco fuera de contacto\u00bb al centrarse en el impuesto del gobierno liberal sobre las emisiones de carbono y prometiendo eliminarlo mientras los canadienses se preocuparon cada vez m\u00e1s por las amenazas de Trump. <\/p>\n<p>\u00abEn retrospectiva, cuando los conservadores ten\u00edan una ventaja de 27 puntos en nuestras encuestas, no ten\u00eda nada que ver con que Pierre Poilievre fuera fuerte o les guste, o los conservadores eran estrategas brillantes\u00bb, dijo Nanos. \u00abTodo ten\u00eda que ver con la disgusto por Justin Trudeau y las personas que quer\u00edan cambios y los conservadores son el agente del cambio\u00bb.<\/p>\n<p>Seg\u00fan la encuesta de IPSOS, el 86% de los 1,000 encuestados dijo que quieren que una elecci\u00f3n general \u00abinmediatamente\u00bb tenga un gobierno federal \u00abcon un mandato fuerte\u00bb para lidiar con la amenaza arancelaria de Trump. <\/p>\n<p>Bricker dijo que el liderazgo de los liberales en las encuestas, particularmente en las provincias m\u00e1s pobladas de Canad\u00e1 de Ontario y Quebec, sobre los conservadores incluso podr\u00eda ampliarse si Mark Carney, el ex gobernador de los bancos centrales de Inglaterra y Canad\u00e1 y el Frontrunner en la carrera de liderazgo liberal, suceda a Trudeau como primer ministro.<\/p>\n<p><strong>El l\u00edder influyente de la provincia de Ontario de Canad\u00e1 busca Trump, Musk Meeting: Estados Unidos nos necesita como los necesitamos \u00ab<\/strong><\/p>\n<div class=\"image-ct inline\">\n<div class=\"m\"><picture><source media=\"(max-width: 767px)\" srcset=\"https:\/\/a57.foxnews.com\/static.foxnews.com\/foxnews.com\/content\/uploads\/2025\/02\/343\/192\/ap25056812814521.jpg?ve=1&amp;tl=1, https:\/\/a57.foxnews.com\/static.foxnews.com\/foxnews.com\/content\/uploads\/2025\/02\/686\/384\/ap25056812814521.jpg?ve=1&amp;tl=1 2x\" height=\"192\" width=\"343\"><source media=\"(min-width: 768px) and (max-width: 1023px)\" srcset=\"https:\/\/a57.foxnews.com\/static.foxnews.com\/foxnews.com\/content\/uploads\/2025\/02\/672\/378\/ap25056812814521.jpg?ve=1&amp;tl=1, https:\/\/a57.foxnews.com\/static.foxnews.com\/foxnews.com\/content\/uploads\/2025\/02\/1344\/756\/ap25056812814521.jpg?ve=1&amp;tl=1 2x\" height=\"378\" width=\"672\"><source media=\"(min-width: 1024px) and (max-width: 1279px)\" srcset=\"https:\/\/a57.foxnews.com\/static.foxnews.com\/foxnews.com\/content\/uploads\/2025\/02\/931\/523\/ap25056812814521.jpg?ve=1&amp;tl=1, https:\/\/a57.foxnews.com\/static.foxnews.com\/foxnews.com\/content\/uploads\/2025\/02\/1862\/1046\/ap25056812814521.jpg?ve=1&amp;tl=1 2x\" height=\"523\" width=\"931\"><source media=\"(min-width: 1280px)\" srcset=\"https:\/\/a57.foxnews.com\/static.foxnews.com\/foxnews.com\/content\/uploads\/2025\/02\/720\/405\/ap25056812814521.jpg?ve=1&amp;tl=1, https:\/\/a57.foxnews.com\/static.foxnews.com\/foxnews.com\/content\/uploads\/2025\/02\/1440\/810\/ap25056812814521.jpg?ve=1&amp;tl=1 2x\" height=\"405\" width=\"720\"><img loading=\"lazy\" decoding=\"async\" src=\"https:\/\/a57.foxnews.com\/static.foxnews.com\/foxnews.com\/content\/uploads\/2025\/02\/1200\/675\/ap25056812814521.jpg?ve=1&amp;tl=1\" alt=\"Trump firma la orden ejecutiva en la Casa Blanca\" width=\"1200\" height=\"675\"\/><\/source><\/source><\/source><\/source><\/picture><\/div>\n<div class=\"info\">\n<div class=\"caption\">\n<p><span>El presidente Donald Trump firma una orden ejecutiva en la Oficina Oval el 25 de febrero de 2025.<\/span> <span>(Piscina)<\/span><\/p>\n<\/div>\n<\/div>\n<\/div>\n<p>El veterano encuestador canadiense Angus Reid dijo que las \u00faltimas encuestas de su compa\u00f1\u00eda descubrieron que el 51% dijo que Carney y los liberales eran m\u00e1s adecuados para mejorar las relaciones con los Estados Unidos, incluso en tarifas, en comparaci\u00f3n con el 35% que eligieron a los conservadores bajo Poilievre, a quienes muchos canadienses tienen una \u00abagenda ligera de Trump\u00bb.<\/p>\n<p>Desde el sur de la frontera, el presidente \u00aberosion\u00f3 el apoyo conservador porque cambi\u00f3 por completo la din\u00e1mica pol\u00edtica en Canad\u00e1, cambi\u00f3 por completo lo que podr\u00eda considerarse la pregunta de votaci\u00f3n m\u00e1s importante que se trataba de deshacerse de parte del equipaje de la era de Trudeau\u00bb, explic\u00f3 Reid, fundador y presidente del Instituto Angus Reid.<\/p>\n<p>\u00abAhora es uno de defender la soberan\u00eda y la econom\u00eda del pa\u00eds\u00bb.<\/p>\n<p>Otra encuesta de Angus Reid encontr\u00f3 que con Carney como l\u00edder liberal, su partido est\u00e1 pr\u00e1cticamente vinculado al 44% con los conservadores, con un 45% en la intenci\u00f3n de votaci\u00f3n. En Quebec, un partido liberal dirigido por Carney disfruta del 31% de apoyo en comparaci\u00f3n con los conservadores con el 22%.<\/p>\n<div class=\"image-ct inline\">\n<div class=\"m\"><picture><source media=\"(max-width: 767px)\" srcset=\"https:\/\/a57.foxnews.com\/static.foxnews.com\/foxnews.com\/content\/uploads\/2025\/02\/343\/192\/canada-flag-day-scaled.jpg?ve=1&amp;tl=1, https:\/\/a57.foxnews.com\/static.foxnews.com\/foxnews.com\/content\/uploads\/2025\/02\/686\/384\/canada-flag-day-scaled.jpg?ve=1&amp;tl=1 2x\" height=\"192\" width=\"343\"><source media=\"(min-width: 768px) and (max-width: 1023px)\" srcset=\"https:\/\/a57.foxnews.com\/static.foxnews.com\/foxnews.com\/content\/uploads\/2025\/02\/672\/378\/canada-flag-day-scaled.jpg?ve=1&amp;tl=1, https:\/\/a57.foxnews.com\/static.foxnews.com\/foxnews.com\/content\/uploads\/2025\/02\/1344\/756\/canada-flag-day-scaled.jpg?ve=1&amp;tl=1 2x\" height=\"378\" width=\"672\"><source media=\"(min-width: 1024px) and (max-width: 1279px)\" srcset=\"https:\/\/a57.foxnews.com\/static.foxnews.com\/foxnews.com\/content\/uploads\/2025\/02\/931\/523\/canada-flag-day-scaled.jpg?ve=1&amp;tl=1, https:\/\/a57.foxnews.com\/static.foxnews.com\/foxnews.com\/content\/uploads\/2025\/02\/1862\/1046\/canada-flag-day-scaled.jpg?ve=1&amp;tl=1 2x\" height=\"523\" width=\"931\"><source media=\"(min-width: 1280px)\" srcset=\"https:\/\/a57.foxnews.com\/static.foxnews.com\/foxnews.com\/content\/uploads\/2025\/02\/720\/405\/canada-flag-day-scaled.jpg?ve=1&amp;tl=1, https:\/\/a57.foxnews.com\/static.foxnews.com\/foxnews.com\/content\/uploads\/2025\/02\/1440\/810\/canada-flag-day-scaled.jpg?ve=1&amp;tl=1 2x\" height=\"405\" width=\"720\"><img loading=\"lazy\" decoding=\"async\" src=\"https:\/\/a57.foxnews.com\/static.foxnews.com\/foxnews.com\/content\/uploads\/2025\/02\/1200\/675\/canada-flag-day-scaled.jpg?ve=1&amp;tl=1\" alt=\"Los canadienses marcan el 60 aniversario de su bandera\" width=\"1200\" height=\"675\"\/><\/source><\/source><\/source><\/source><\/picture><\/div>\n<div class=\"info\">\n<div class=\"caption\">\n<p><span>Los invitados muestran una bandera gigante canadiense antes de una ceremonia de recaudaci\u00f3n de banderas el 15 de febrero de 2025 en Toronto.<\/span> <span>(Servicio de noticias de Yu Ruidong\/China\/VCG a trav\u00e9s de AP)<\/span><\/p>\n<\/div>\n<\/div>\n<\/div>\n<p>Reid dijo que el problema de la anexi\u00f3n y los aranceles resuenan especialmente con los quebequeros m\u00e1s que cualquier otra regi\u00f3n en Canad\u00e1.<\/p>\n<p>El desaf\u00edo adicional de Carney para Poilievre es que el antiguo \u00aben el papel, parece un conservador\u00bb, dijo Nanos.<\/p>\n<p>\u00abEl tipo trabajaba en el sector bancario y el sector privado, como Goldman Sachs, y presidi\u00f3, hasta hace poco, grandes empresas como Bloomberg y Brookfield [Asset Management]. Camina y habla como un conservador \u00ab.<\/p>\n<p>Se espera que Carney, un economista educado en Oxford que nunca haya ocupado un cargo electo, llame a una elecci\u00f3n r\u00e1pida en caso de que sea elegido como el sucesor de Trudeau.<\/p>\n<p><strong><u>Haga clic aqu\u00ed para obtener la aplicaci\u00f3n Fox News<\/u><\/strong><\/p>\n<p>Si los n\u00fameros de encuestas contin\u00faan aumentando a favor de los liberales, no solo podr\u00edan ganar el voto nacional en tal concurso sino formar un gobierno mayoritario, agreg\u00f3 Reid. <\/p>\n<p>Actualmente, los liberales tienen 153 parlamentarios en la Casa de los Comunes de 338 asientos, que constituye un gobierno minoritario.<\/p>\n<p> <!----> <\/p>\n<div class=\"article-meta\">\n<div class=\"author-bio\">\n<p>Christopher Guly es un periodista con sede en Ottawa y miembro de la galer\u00eda de prensa parlamentaria canadiense. Ha informado desde Canad\u00e1 para varios medios de comunicaci\u00f3n en los Estados Unidos y el Reino Unido que puede ser seguido en X @christopherguly<\/p>\n<\/div>\n<\/div>\n<\/div>\n\n","protected":false},"excerpt":{"rendered":"<p>OTTAWA, Canad\u00e1 &#8211; A medida que los nuevos aranceles entraron en vigencia el martes, los analistas dicen que si el partido liberal de Canad\u00e1 se mantiene en el poder, el partido puede agradecer al presidente Donald Trump en parte por tal reversi\u00f3n de la fortuna pol\u00edtica. Desde la inauguraci\u00f3n de Trump, el Partido Conservador Official &hellip;<\/p>\n","protected":false},"author":1,"featured_media":17148,"comment_status":"open","ping_status":"open","sticky":false,"template":"","format":"standard","meta":{"fifu_image_url":"https:\/\/static.foxnews.com\/foxnews.com\/content\/uploads\/2025\/02\/trump-trudeau.jpg","fifu_image_alt":"","footnotes":""},"categories":[13],"tags":[],"class_list":["post-17146","post","type-post","status-publish","format-standard","has-post-thumbnail","","category-mundo"],"_links":{"self":[{"href":"https:\/\/noticiasveraces.com\/index.php?rest_route=\/wp\/v2\/posts\/17146","targetHints":{"allow":["GET"]}}],"collection":[{"href":"https:\/\/noticiasveraces.com\/index.php?rest_route=\/wp\/v2\/posts"}],"about":[{"href":"https:\/\/noticiasveraces.com\/index.php?rest_route=\/wp\/v2\/types\/post"}],"author":[{"embeddable":true,"href":"https:\/\/noticiasveraces.com\/index.php?rest_route=\/wp\/v2\/users\/1"}],"replies":[{"embeddable":true,"href":"https:\/\/noticiasveraces.com\/index.php?rest_route=%2Fwp%2Fv2%2Fcomments&post=17146"}],"version-history":[{"count":0,"href":"https:\/\/noticiasveraces.com\/index.php?rest_route=\/wp\/v2\/posts\/17146\/revisions"}],"wp:featuredmedia":[{"embeddable":true,"href":"https:\/\/noticiasveraces.com\/index.php?rest_route=\/wp\/v2\/media\/17148"}],"wp:attachment":[{"href":"https:\/\/noticiasveraces.com\/index.php?rest_route=%2Fwp%2Fv2%2Fmedia&parent=17146"}],"wp:term":[{"taxonomy":"category","embeddable":true,"href":"https:\/\/noticiasveraces.com\/index.php?rest_route=%2Fwp%2Fv2%2Fcategories&post=17146"},{"taxonomy":"post_tag","embeddable":true,"href":"https:\/\/noticiasveraces.com\/index.php?rest_route=%2Fwp%2Fv2%2Ftags&post=17146"}],"curies":[{"name":"wp","href":"https:\/\/api.w.org\/{rel}","templated":true}]}}