{"id":17132,"date":"2025-03-04T05:04:22","date_gmt":"2025-03-04T09:04:22","guid":{"rendered":"https:\/\/noticiasveraces.com\/?p=17132"},"modified":"2025-03-04T05:04:22","modified_gmt":"2025-03-04T09:04:22","slug":"papa-francisco-durmio-toda-la-noche-tras-ultima-recaida-dw-04-04-2025","status":"publish","type":"post","link":"https:\/\/noticiasveraces.com\/?p=17132","title":{"rendered":"Papa Francisco \u00abDurmio Toda la Noche\u00bb Tras \u00daltima Reca\u00edda &#8211; DW &#8211; 04\/04\/2025"},"content":{"rendered":"<p> \n<\/p>\n<div>\n<p>El Papa Francisco, Hospitalizado Desde Hace 19 D\u00edas, Pudo Descansar, Indic\u00f3 El Vaticano Este Martes (04.03.2025), Un D\u00eda Despu\u00e9s que el Jesuita Argentino de 88 A\u00f1os, Que Padece una Neumon\u00eda Bilateral, Sufriera Una Nueva Reca\u00edda.<\/p>\n<p>\u00abEl Papa Durmio Toda la Noche. Ahora Descansa\u00bb, Se\u00f1al\u00f3 la Santa Sede en un Escueto Comunicado.<\/p>\n<p>El L\u00edder Espiritual de 1.400 Millones de Cat\u00f3licos en El Mundo Fue Ingresado en el Hospital Gemelli de Roma El 14 de Febero por una bronquitis, que deriv\u00f3 en una neumon\u00eda. Pero Su Estado Sufre Altibajos.<\/p>\n<p>La Crisis Respiratoria M\u00e1s Fuerte la Tuvo El 22 de Febero, Cuando Necesit\u00f3 Tambi\u00e9n una Transfusi\u00f3n de SANGRE.<\/p>\n<p>PERO SEIS D\u00cdAS DESPU\u00c9S, TRAS VARIOS D\u00cdAS DE MEJORIA, SUFRI\u00d3 Un Broncoespasmo (Contracci\u00f3 de la musculata que recubre los bronquios), lo que provoc\u00f3 Dificultades para respirador.<\/p>\n<p>Y el Lunes, Tras dos d\u00edas Con Estado \u00abestable\u00bb, sufri\u00f3 \u00abdos episodios de insuficiencia respiratoria aguda\u00bb, Seg\u00fan El Vaticano.<\/p>\n<p>La Situaci\u00f3 HA REABIERTO INTERROGANTES SOBRE LA CAPACIDAD DE FRANCISCO PARA DESEMPEARNAR SUS Funciones. El Pont\u00edfice, Que en los \u00daltimos Tiempos Descarart\u00f3 la Idea de Renunciar, no ha Hecho ninguna Aparici\u00f3n P\u00fablica desde su Ingeso en el Hospital.<\/p>\n<p>RR (AFP\/Reuters)<\/p>\n<\/div>\n\n","protected":false},"excerpt":{"rendered":"<p>El Papa Francisco, Hospitalizado Desde Hace 19 D\u00edas, Pudo Descansar, Indic\u00f3 El Vaticano Este Martes (04.03.2025), Un D\u00eda Despu\u00e9s que el Jesuita Argentino de 88 A\u00f1os, Que Padece una Neumon\u00eda Bilateral, Sufriera Una Nueva Reca\u00edda. \u00abEl Papa Durmio Toda la Noche. Ahora Descansa\u00bb, Se\u00f1al\u00f3 la Santa Sede en un Escueto Comunicado. El L\u00edder Espiritual de &hellip;<\/p>\n","protected":false},"author":1,"featured_media":17133,"comment_status":"open","ping_status":"open","sticky":false,"template":"","format":"standard","meta":{"fifu_image_url":"https:\/\/static.dw.com\/image\/68705906_6.jpg","fifu_image_alt":"","footnotes":""},"categories":[13],"tags":[],"class_list":["post-17132","post","type-post","status-publish","format-standard","has-post-thumbnail","","category-mundo"],"_links":{"self":[{"href":"https:\/\/noticiasveraces.com\/index.php?rest_route=\/wp\/v2\/posts\/17132","targetHints":{"allow":["GET"]}}],"collection":[{"href":"https:\/\/noticiasveraces.com\/index.php?rest_route=\/wp\/v2\/posts"}],"about":[{"href":"https:\/\/noticiasveraces.com\/index.php?rest_route=\/wp\/v2\/types\/post"}],"author":[{"embeddable":true,"href":"https:\/\/noticiasveraces.com\/index.php?rest_route=\/wp\/v2\/users\/1"}],"replies":[{"embeddable":true,"href":"https:\/\/noticiasveraces.com\/index.php?rest_route=%2Fwp%2Fv2%2Fcomments&post=17132"}],"version-history":[{"count":0,"href":"https:\/\/noticiasveraces.com\/index.php?rest_route=\/wp\/v2\/posts\/17132\/revisions"}],"wp:featuredmedia":[{"embeddable":true,"href":"https:\/\/noticiasveraces.com\/index.php?rest_route=\/wp\/v2\/media\/17133"}],"wp:attachment":[{"href":"https:\/\/noticiasveraces.com\/index.php?rest_route=%2Fwp%2Fv2%2Fmedia&parent=17132"}],"wp:term":[{"taxonomy":"category","embeddable":true,"href":"https:\/\/noticiasveraces.com\/index.php?rest_route=%2Fwp%2Fv2%2Fcategories&post=17132"},{"taxonomy":"post_tag","embeddable":true,"href":"https:\/\/noticiasveraces.com\/index.php?rest_route=%2Fwp%2Fv2%2Ftags&post=17132"}],"curies":[{"name":"wp","href":"https:\/\/api.w.org\/{rel}","templated":true}]}}