{"id":17130,"date":"2025-03-04T04:32:09","date_gmt":"2025-03-04T08:32:09","guid":{"rendered":"https:\/\/noticiasveraces.com\/?p=17130"},"modified":"2025-03-04T04:32:09","modified_gmt":"2025-03-04T08:32:09","slug":"realme-hay-una-verdad-escondida-en-su-signo-zodiacal","status":"publish","type":"post","link":"https:\/\/noticiasveraces.com\/?p=17130","title":{"rendered":"\u00bfRealme Hay una Verdad escondida en su signo zodiacal?"},"content":{"rendered":"<p> \n<\/p>\n<div id=\"\">\n<figure class=\"bbc-1qn0xuy\">\n<div class=\"bbc-j1srjl\" style=\"padding-bottom:56.25%\"><img loading=\"lazy\" decoding=\"async\" srcset=\"https:\/\/ichef.bbci.co.uk\/ace\/ws\/240\/amz\/worldservice\/live\/assets\/images\/2014\/09\/05\/140905153728_velas_624x351_thinkstock.jpg.webp 240w, https:\/\/ichef.bbci.co.uk\/ace\/ws\/320\/amz\/worldservice\/live\/assets\/images\/2014\/09\/05\/140905153728_velas_624x351_thinkstock.jpg.webp 320w, https:\/\/ichef.bbci.co.uk\/ace\/ws\/480\/amz\/worldservice\/live\/assets\/images\/2014\/09\/05\/140905153728_velas_624x351_thinkstock.jpg.webp 480w, https:\/\/ichef.bbci.co.uk\/ace\/ws\/624\/amz\/worldservice\/live\/assets\/images\/2014\/09\/05\/140905153728_velas_624x351_thinkstock.jpg.webp 624w\" sizes=\"auto, (min-width: 1008px) 760px, 100vw\" alt=\"\" width=\"624\" height=\"351\" src=\"aspect-ratio:624 \/ 351\" class=\"bbc-139onq\"\/><\/p>\n<p class=\"bbc-by8ykd\" role=\"text\"><span class=\"bbc-m04vo2\">Fuente de la Imagen, <\/span><span lang=\"en-GB\">Thinkstock<\/span><\/p>\n<\/div>\n<\/figure>\n<section role=\"region\" aria-labelledby=\"article-byline\" class=\"bbc-1vjaf6b\"><strong id=\"article-byline\" aria-hidden=\"true\" class=\"bbc-m04vo2\">Informaci\u00f3n del Art\u00edculo<\/strong><\/p>\n<ul role=\"list\" class=\"bbc-1rvtlej\">\n<li><span role=\"text\"><span class=\"bbc-m04vo2\">Autor, <\/span><span class=\"bbc-1ypcc2\">David Robson<\/span><\/span><\/li>\n<li><span role=\"text\"><span class=\"bbc-m04vo2\">T\u00edtulo del Autor, <!-- --> <\/span><span class=\"bbc-1y5sx98\">Futuro de la BBC<\/span><\/span><\/li>\n<li class=\"bbc-v8pmqw\">\n<p><time datetime=\"2014-09-06\" class=\"bbc-1dafq0j e1mklfmt0\">6 de septiembre 2014<\/time><\/p>\n<\/li>\n<\/ul>\n<\/section>\n<div dir=\"ltr\" class=\"bbc-19j92fr ebmt73l0\">\n<p dir=\"ltr\" class=\"bbc-hhl7in e17g058b0\"><b>Al ser mi CUMPLEARES EN LA PRIMERA SEMANA DE OCTUBRE, EL HOROSCOPO ME DICE QUE YEDBER\u00cdA SER EQUILIBRADO IPARCIAL Y EQUILIBRADO; Valiente Pero indeciso.<\/b><\/p>\n<\/div>\n<div dir=\"ltr\" class=\"bbc-19j92fr ebmt73l0\">\n<p dir=\"ltr\" class=\"bbc-hhl7in e17g058b0\">Incluso Hasta Puede Describir Mis Caracter\u00ednsticas f\u00edsicas. Seg\u00fan Raphael, Un Astrr\u00f3logo del Siglo XIX, Yo Deber\u00eda ser \u00abBastante Elegante en Persona, Con una Hermosa Cara Redonda, Rojiza en la Juventud, Pero con Rasgos Sencillos y Con tendenencia a erupciones que desfigurar\u00e1n la Cara Cuando Viejo Viejo\u00bb.<\/p>\n<\/div>\n<div dir=\"ltr\" class=\"bbc-19j92fr ebmt73l0\">\n<p dir=\"ltr\" class=\"bbc-hhl7in e17g058b0\">Yo Deber\u00eda Ofenderme, Hasta que me di cuenta que zac effron y gwen stefani supuestamento tienen los mismos rasgos.<\/p>\n<\/div>\n<div dir=\"ltr\" class=\"bbc-19j92fr ebmt73l0\">\n<p dir=\"ltr\" class=\"bbc-hhl7in e17g058b0\">De M\u00e1s Est\u00e1 Decir que los Estudios Cient\u00edficos Han Desprestigiado Este Tipo de Predicciones Hace Tiempo.<\/p>\n<\/div>\n<section aria-label=\"Publicidad 2\" aria-hidden=\"true\" role=\"region\" data-e2e=\"advertisement\" class=\"bbc-geybui\"\/>\n<div dir=\"ltr\" class=\"bbc-19j92fr ebmt73l0\">\n<p dir=\"ltr\" class=\"bbc-hhl7in e17g058b0\">Aunque un Estudio Psicol\u00f3gico de la D\u00e9cada de 1970 Encontr\u00f3 que Ciertos Signos del Zod\u00edaco Pueden Correlactionario Con Algunos Rasgos de la Personalidad, Los Cient\u00edficos Concluiron M\u00c1S ADELANTE QUE ESTO CASI SEGURENTE REFLEJA EL PODER DE LAS VERSICIAS.<\/p>\n<\/div>\n<div dir=\"ltr\" class=\"bbc-19j92fr ebmt73l0\">\n<p dir=\"ltr\" class=\"bbc-hhl7in e17g058b0\">Si Crecemos Escuchando que Seremos Justos y EquitantiT los, Tercos o Apasionados, Entonces Actuaremos Seg\u00fan El Gui\u00f3n. Fundamentalmental, Los Cient\u00edficos Hallaron que Las Personas que no Saben Nada de Su Hor\u00f3scopo no coinciden con las predicciones.<\/p>\n<\/div>\n<div dir=\"ltr\" class=\"bbc-19j92fr ebmt73l0\">\n<p dir=\"ltr\" class=\"bbc-hhl7in e17g058b0\">Las previsaciones de las especies de los hor\u00f3scopos pueden estar equivocadas, Pero tienen una pizca de verdad; A LARGO DE LOS \u00daTIMOS A\u00f1os, Los Cient\u00edficos Han empezado un notar que el mes de Nacimiento Puede Realmento Predecir Su Destino.<\/p>\n<\/div>\n<p><h2 id=\"Longevidad\" tabindex=\"-1\" class=\"bbc-1lgzob2 eglt09e0\">Longevidad<\/h2>\n<\/p>\n<div dir=\"ltr\" class=\"bbc-19j92fr ebmt73l0\">\n<p dir=\"ltr\" class=\"bbc-hhl7in e17g058b0\">Los efectos m\u00e1s obvios tienen que ver las calificaciones escolares: los ni\u00f1os nacidos al final del a\u00f1o escolar tienen un rendimiento un poco peor que los nacidos al comienzo, aunque lasferencias tiend un desaparector cons a\u00f1os. Pero otros Patrones, M\u00c1s Sorprendentes, que no se expl\u00edcano Tan F\u00e1cilmental.<\/p>\n<\/div>\n<div dir=\"ltr\" class=\"bbc-19j92fr ebmt73l0\">\n<p dir=\"ltr\" class=\"bbc-hhl7in e17g058b0\">A Finales de la D\u00e9cada de los 90, por Ejemplo, Leonid Gavrilov de la Universidad de Chicago Encontr\u00f3 que la Gente Nacida en El Oto\u00f1o Tiende A Vivir por M\u00e1s Tiempo.<\/p>\n<\/div>\n<figure class=\"bbc-1qn0xuy\">\n<div class=\"bbc-j1srjl\" style=\"padding-bottom:56.25%\"><img decoding=\"async\" srcset=\"https:\/\/ichef.bbci.co.uk\/ace\/ws\/240\/amz\/worldservice\/live\/assets\/images\/2014\/09\/05\/140905161516_ancianos_464x261_thinkstock.jpg.webp 240w, https:\/\/ichef.bbci.co.uk\/ace\/ws\/320\/amz\/worldservice\/live\/assets\/images\/2014\/09\/05\/140905161516_ancianos_464x261_thinkstock.jpg.webp 320w, https:\/\/ichef.bbci.co.uk\/ace\/ws\/464\/amz\/worldservice\/live\/assets\/images\/2014\/09\/05\/140905161516_ancianos_464x261_thinkstock.jpg.webp 464w\" sizes=\"auto, (min-width: 1008px) 760px, 100vw\" alt=\"Las Personas que Nacen en oto\u00f1o tienden a vivir m\u00e1s tiempo.\" loading=\"lazy\" width=\"464\" height=\"261\" src=\"aspect-ratio:464 \/ 261\" class=\"bbc-139onq\"\/><\/p>\n<p class=\"bbc-by8ykd\" role=\"text\"><span class=\"bbc-m04vo2\">Fuente de la Imagen, <\/span><span lang=\"en-GB\">Thinkstock<\/span><\/p>\n<\/div><figcaption class=\"bbc-15f1ujd\" dir=\"ltr\"><span role=\"text\"><span class=\"bbc-m04vo2\">Pie de Foto, <\/span><span data-testid=\"caption-paragraph\">Las Personas que Nacen en oto\u00f1o tienden a vivir m\u00e1s tiempo.<\/span><\/span><\/figcaption><\/figure>\n<div dir=\"ltr\" class=\"bbc-19j92fr ebmt73l0\">\n<p dir=\"ltr\" class=\"bbc-hhl7in e17g058b0\">Desde entonces, ha confirmado su descubrimiento con muchos estudios diferentes y al observar a personas centenarias, su \u00faltima investigaci\u00f3n encontr\u00f3 que los beb\u00e9s de oto\u00f1o tienen alrededor de un 40% m\u00e1s de probabilidades de vivir hasta los 100 a\u00f1os que las personas nacidas en marzo.<\/p>\n<\/div>\n<div dir=\"ltr\" class=\"bbc-19j92fr ebmt73l0\">\n<p dir=\"ltr\" class=\"bbc-hhl7in e17g058b0\">Al Principio, Los Descubrimientos de Gavrilov Fueron Mirados con incomprensi\u00f3n. \u00abLas persona que no est\u00e1n familiarizadas con los m\u00e1s recientes estudios cient\u00edficos Sobre este tema Siguen Sido esc\u00e9ticos, Asociando al Estudio con la astrolog\u00eda\u00bb, Dice.<\/p>\n<\/div>\n<div dir=\"ltr\" class=\"bbc-19j92fr ebmt73l0\">\n<p dir=\"ltr\" class=\"bbc-hhl7in e17g058b0\">\u00abPero Realmente, Cuando Presentamos Nuestros Hallazgos en Revistas Revisadas por Colgas Profesionales, \u00c9stos Son Muy Bien Recibidos por Los Expertos\u00bb.<\/p>\n<\/div>\n<div dir=\"ltr\" class=\"bbc-19j92fr ebmt73l0\">\n<p dir=\"ltr\" class=\"bbc-hhl7in e17g058b0\">Sreeram Ramagopalan, de la Universidad de Oxford, Concuerda en que El \u00c1rea Est\u00e1 Ganando Terreno. Se\u00f1ala que en algunos de los estudios anteriormente s\u00f3lo se hab\u00eda examinado un peque\u00f1o n\u00famero de participantes por la \u00e9poca muy dif\u00edcil asegunrar que el resultado resultados no fuera simplementa un golpe de suerte.<\/p>\n<\/div>\n<div dir=\"ltr\" class=\"bbc-19j92fr ebmt73l0\">\n<p dir=\"ltr\" class=\"bbc-hhl7in e17g058b0\">\u00abSolo en Los \u00c1ltimos Cuatro o Cinco A\u00f1os, Se Han Realizado Estudios Grandes para Investigar Dichos Asuntos de Manera Integral\u00bb, Dice.<\/p>\n<\/div>\n<p><h2 id=\"Beb\u00e9s-de-invierno-o-de-verano\" tabindex=\"-1\" class=\"bbc-1lgzob2 eglt09e0\">\u00bfBeb\u00e9s de Invierno o de Verano?<\/h2>\n<\/p>\n<div dir=\"ltr\" class=\"bbc-19j92fr ebmt73l0\">\n<p dir=\"ltr\" class=\"bbc-hhl7in e17g058b0\">Algunos de los \u00daltimos Hallazgos Fueron Obtenidos Un Partir del Estudio de Miles de participantes. LOS PROPIOS ESTUDIOS DE RAMAGOPALAN, por Ejemplo, Analizaron Los Registros de Salud de Casi 60.000 Pacientes en Inglaterra, Demostrando Que los Beb\u00e9s Nacidos en Invierno y Primavera Tienen Uncalor Riesgo de Padecer Esquizofrenia, depresio y trastorno bipolar.<\/p>\n<\/div>\n<figure class=\"bbc-1qn0xuy\">\n<div class=\"bbc-j1srjl\" style=\"padding-bottom:56.25%\"><img decoding=\"async\" srcset=\"https:\/\/ichef.bbci.co.uk\/ace\/ws\/240\/amz\/worldservice\/live\/assets\/images\/2014\/09\/05\/140905154708_bebe_464x261_thinkstock.jpg.webp 240w, https:\/\/ichef.bbci.co.uk\/ace\/ws\/320\/amz\/worldservice\/live\/assets\/images\/2014\/09\/05\/140905154708_bebe_464x261_thinkstock.jpg.webp 320w, https:\/\/ichef.bbci.co.uk\/ace\/ws\/464\/amz\/worldservice\/live\/assets\/images\/2014\/09\/05\/140905154708_bebe_464x261_thinkstock.jpg.webp 464w\" sizes=\"auto, (min-width: 1008px) 760px, 100vw\" alt=\"Los Beb\u00e9s Nacidos Durante el Verano Hijo Menos Propensos A Las Alergias.\" loading=\"lazy\" width=\"464\" height=\"261\" src=\"aspect-ratio:464 \/ 261\" class=\"bbc-139onq\"\/><\/p>\n<p class=\"bbc-by8ykd\" role=\"text\"><span class=\"bbc-m04vo2\">Fuente de la Imagen, <\/span><span lang=\"en-GB\">Thinkstock<\/span><\/p>\n<\/div><figcaption class=\"bbc-15f1ujd\" dir=\"ltr\"><span role=\"text\"><span class=\"bbc-m04vo2\">Pie de Foto, <\/span><span data-testid=\"caption-paragraph\">Los Beb\u00e9s Nacidos Durante el Verano Hijo Menos Propensos A Las Alergias.<\/span><\/span><\/figcaption><\/figure>\n<div dir=\"ltr\" class=\"bbc-19j92fr ebmt73l0\">\n<p dir=\"ltr\" class=\"bbc-hhl7in e17g058b0\">OTROS Rasgos Influenciados por la \u00e9poca del Nacimiento parecen Ser la Vista (Los Beb\u00e9s de Invierno Son Los Menos Propensos A SER Cortos de Vista) y El Riesgo de Alergias (Las Personas Nacidas en Verano Son Menos susceptibles).<\/p>\n<\/div>\n<div dir=\"ltr\" class=\"bbc-19j92fr ebmt73l0\">\n<p dir=\"ltr\" class=\"bbc-hhl7in e17g058b0\">Es Cierto que los Mecanismos Derr\u00e1s de Estas Tendencias Son Un Poco Turbios. Es factible que los Cambios en la Dieta y Las Olas Infecciosas Puedan Influir en el Crecimiento del Beb\u00e9 en Desarrollo, Con un efecto persistente Sobre Su Salud Despu\u00e9s de D\u00e9cadas.<\/p>\n<\/div>\n<div dir=\"ltr\" class=\"bbc-19j92fr ebmt73l0\">\n<p dir=\"ltr\" class=\"bbc-hhl7in e17g058b0\">Usted Tambi\u00e9n Puede Estar Expuesto A Diferentes Tipos de Al\u00e9rganos seg\u00fan las Diferentes Estatos del A\u00f1o. Alternativamento, Podr\u00eda SER Tan simple como LongitiDud del D\u00eda.<\/p>\n<\/div>\n<div dir=\"ltr\" class=\"bbc-19j92fr ebmt73l0\">\n<p dir=\"ltr\" class=\"bbc-hhl7in e17g058b0\">Cuando Se Trata de la Vista, por Ejemplo, Los Estudios Han Demostrado que los Per\u00edodos de Oscuridad Pueden Ayudo Un ocular regular El Crecimento del Globo.<\/p>\n<\/div>\n<div dir=\"ltr\" class=\"bbc-19j92fr ebmt73l0\">\n<p dir=\"ltr\" class=\"bbc-hhl7in e17g058b0\">Por lo que los Largos D\u00edas de Verano Tambi\u00e9n Pueden Llevar A Que Los Ojos de Un Beb\u00e9 Crezcan Fuer de Forma, Lo Que Hace Percer El Foco, Mientras que los Beb\u00e9s de Invierno Son Menos Propensos A NECESitar Gafas a Medida Que Crecen.<\/p>\n<\/div>\n<p><h2 id=\"Vitamina-D-y-embarazo\" tabindex=\"-1\" class=\"bbc-1lgzob2 eglt09e0\">Vitamina d y embarazo<\/h2>\n<\/p>\n<div dir=\"ltr\" class=\"bbc-19j92fr ebmt73l0\">\n<p dir=\"ltr\" class=\"bbc-hhl7in e17g058b0\">Tambi\u00e9n est\u00e1 la vitamina D, que se produce cuando la piel se Expone al Sol. Hace tiempo sabemos que una deficiencia de dicha vitamina pude debilitar los huesos y causar raquitismo, Pero ahora se sabe que la vitamina d es crucial para el desarrollo del sistema inmune, el cual tambi\u00e9n podr\u00eda influyen en elergias de alergias y el sistema.<\/p>\n<\/div>\n<div dir=\"ltr\" class=\"bbc-19j92fr ebmt73l0\">\n<p dir=\"ltr\" class=\"bbc-hhl7in e17g058b0\">\u00abEn estudios con animales se encontr\u00f3 que si se restringe la vitamina d Durante el Emarazo, la descendencia tiene graves anormalidades neurol\u00f3gicas\u00bb, Dice ramagopalan.<\/p>\n<\/div>\n<figure class=\"bbc-1qn0xuy\">\n<div class=\"bbc-j1srjl\" style=\"padding-bottom:56.25%\"><img decoding=\"async\" srcset=\"https:\/\/ichef.bbci.co.uk\/ace\/ws\/240\/amz\/worldservice\/live\/assets\/images\/2014\/09\/05\/140905154436_invierno_464x261_thinkstock.jpg.webp 240w, https:\/\/ichef.bbci.co.uk\/ace\/ws\/320\/amz\/worldservice\/live\/assets\/images\/2014\/09\/05\/140905154436_invierno_464x261_thinkstock.jpg.webp 320w, https:\/\/ichef.bbci.co.uk\/ace\/ws\/464\/amz\/worldservice\/live\/assets\/images\/2014\/09\/05\/140905154436_invierno_464x261_thinkstock.jpg.webp 464w\" sizes=\"auto, (min-width: 1008px) 760px, 100vw\" alt=\"La deficiencia de vitamina d es m\u00e1s frecuente en Los Meses de Invierno.\" loading=\"lazy\" width=\"464\" height=\"261\" src=\"aspect-ratio:464 \/ 261\" class=\"bbc-139onq\"\/><\/p>\n<p class=\"bbc-by8ykd\" role=\"text\"><span class=\"bbc-m04vo2\">Fuente de la Imagen, <\/span><span lang=\"en-GB\">Thinkstock<\/span><\/p>\n<\/div><figcaption class=\"bbc-15f1ujd\" dir=\"ltr\"><span role=\"text\"><span class=\"bbc-m04vo2\">Pie de Foto, <\/span><span data-testid=\"caption-paragraph\">La deficiencia de vitamina d es m\u00e1s frecuente en Los Meses de Invierno.<\/span><\/span><\/figcaption><\/figure>\n<div dir=\"ltr\" class=\"bbc-19j92fr ebmt73l0\">\n<p dir=\"ltr\" class=\"bbc-hhl7in e17g058b0\">Por est\u00e1 Raz\u00f3n, Los Niveles M\u00e1s Bajos de Vitamina d Podr\u00eda Ocionarsar Diferencias en el Desarrollo de la Red Neuronal, que a Su Vez Podr\u00edan Explicar las LAS Elevadas Tasas de Enfirmedades Mentales Como la Esquizofenia de la depresios de entre las personas nacedas nacedas.<\/p>\n<\/div>\n<div dir=\"ltr\" class=\"bbc-19j92fr ebmt73l0\">\n<p dir=\"ltr\" class=\"bbc-hhl7in e17g058b0\">ESTA IDEA ES TODAVIA UNA HIP\u00d3TESIS, AUNQUE SE HAN ENCONTRADO ALGUNAS PRUEBAS FORTUITAS EN DINAMARCA. POCO DESPU\u00c9S DE NACER, CADA BEB\u00c9 DAN\u00c9S ES PINCRIMA EN SU TAL\u00d3N Y SE Conserva una Peque\u00f1a Mancha de SANGRE COMO UN REGISTRO DE SU SALUD EN EL MOTIO EN EL QUE LLEGAN AL MUNDO.<\/p>\n<\/div>\n<div dir=\"ltr\" class=\"bbc-19j92fr ebmt73l0\">\n<p dir=\"ltr\" class=\"bbc-hhl7in e17g058b0\">Al analizar ESTOS datos para las -las personas nacidas en la decada de 1980 ya principios de la decada de 1990, Los investigadores de los investigadores que se encuentran en aquelos que se presentaron los niveles m\u00e1s baajos de vitamina d al nacer, ten\u00edan m\u00e1s probabilidades de desarrollar Esquizefrenera posterietariero sarteriero.<\/p>\n<\/div>\n<div dir=\"ltr\" class=\"bbc-19j92fr ebmt73l0\">\n<p dir=\"ltr\" class=\"bbc-hhl7in e17g058b0\">Seg\u00fan Estas Fechas, Los Futuros Padres Podr\u00edos preocuparse y Tratar de Planificar la Concept, PERO es IMPORTANTE RECORDAR QUE LOS EFECTOS TIENDEN A SER RELATIVIME PEQUEROS.<\/p>\n<\/div>\n<div dir=\"ltr\" class=\"bbc-19j92fr ebmt73l0\">\n<p dir=\"ltr\" class=\"bbc-hhl7in e17g058b0\">A\u00fan as\u00ed, dados ramagopalanos que, con el Tiempo, Podremos ser capaces de intervenciones encontrarios sencillas que suavicen esas diferencias estacionarias, como eJemplo dar suplementos de vitamina d a los beb\u00e9s de invierno.<\/p>\n<\/div>\n<div dir=\"ltr\" class=\"bbc-19j92fr ebmt73l0\">\n<p dir=\"ltr\" class=\"bbc-hhl7in e17g058b0\">Por lo Menos, Los resultados nos dan una idea de la idea de la rica variedad de influencias que gu\u00edan un nuestro desestino. Es evidente que nuestros genes y nuestra educaci\u00f3n hijo factores primordiales, Pero si algo tan aleatorio como el mes de nacimiento pued dar forma a nuestra salud mental ya laesperza de vida, \u00bfootros factores podr\u00edan determina nuestinar fortuna?<\/p>\n<\/div>\n<div dir=\"ltr\" class=\"bbc-19j92fr ebmt73l0\">\n<p dir=\"ltr\" class=\"bbc-hhl7in e17g058b0\">Puede que nuestros Destinos no Est\u00e9n escritos en Las Estrellas, Pero Estamos Comenzando, un tentador de muchas otras Fuerzas Invisibles que dirigen el Camino de Nuestra Vida desde el Mismo d\u00eda en Que Somos Fuctosidos.<\/p>\n<\/div>\n<div dir=\"ltr\" class=\"bbc-19j92fr ebmt73l0\">\n<p dir=\"ltr\" class=\"bbc-hhl7in e17g058b0\"><i class=\"bbc-h1y5j7 eih42320\">Si Quiere Leer El Art\u00edculo original en Ingl\u00e9s, vaya a http:\/\/www.bbc.com\/future\/story\/20140820-the-hidden-truth-of-star-signs<\/i><\/p>\n<\/div>\n<\/div>\n\n","protected":false},"excerpt":{"rendered":"<p>Fuente de la Imagen, Thinkstock Informaci\u00f3n del Art\u00edculo Autor, David Robson T\u00edtulo del Autor, Futuro de la BBC 6 de septiembre 2014 Al ser mi CUMPLEARES EN LA PRIMERA SEMANA DE OCTUBRE, EL HOROSCOPO ME DICE QUE YEDBER\u00cdA SER EQUILIBRADO IPARCIAL Y EQUILIBRADO; Valiente Pero indeciso. Incluso Hasta Puede Describir Mis Caracter\u00ednsticas f\u00edsicas. Seg\u00fan Raphael, &hellip;<\/p>\n","protected":false},"author":1,"featured_media":17131,"comment_status":"open","ping_status":"open","sticky":false,"template":"","format":"standard","meta":{"fifu_image_url":"aspect-ratio:624%20\/%20351","fifu_image_alt":"","footnotes":""},"categories":[8],"tags":[],"class_list":["post-17130","post","type-post","status-publish","format-standard","has-post-thumbnail","","category-salud"],"_links":{"self":[{"href":"https:\/\/noticiasveraces.com\/index.php?rest_route=\/wp\/v2\/posts\/17130","targetHints":{"allow":["GET"]}}],"collection":[{"href":"https:\/\/noticiasveraces.com\/index.php?rest_route=\/wp\/v2\/posts"}],"about":[{"href":"https:\/\/noticiasveraces.com\/index.php?rest_route=\/wp\/v2\/types\/post"}],"author":[{"embeddable":true,"href":"https:\/\/noticiasveraces.com\/index.php?rest_route=\/wp\/v2\/users\/1"}],"replies":[{"embeddable":true,"href":"https:\/\/noticiasveraces.com\/index.php?rest_route=%2Fwp%2Fv2%2Fcomments&post=17130"}],"version-history":[{"count":0,"href":"https:\/\/noticiasveraces.com\/index.php?rest_route=\/wp\/v2\/posts\/17130\/revisions"}],"wp:featuredmedia":[{"embeddable":true,"href":"https:\/\/noticiasveraces.com\/index.php?rest_route=\/wp\/v2\/media\/17131"}],"wp:attachment":[{"href":"https:\/\/noticiasveraces.com\/index.php?rest_route=%2Fwp%2Fv2%2Fmedia&parent=17130"}],"wp:term":[{"taxonomy":"category","embeddable":true,"href":"https:\/\/noticiasveraces.com\/index.php?rest_route=%2Fwp%2Fv2%2Fcategories&post=17130"},{"taxonomy":"post_tag","embeddable":true,"href":"https:\/\/noticiasveraces.com\/index.php?rest_route=%2Fwp%2Fv2%2Ftags&post=17130"}],"curies":[{"name":"wp","href":"https:\/\/api.w.org\/{rel}","templated":true}]}}