{"id":17120,"date":"2025-03-04T02:00:13","date_gmt":"2025-03-04T06:00:13","guid":{"rendered":"https:\/\/noticiasveraces.com\/?p=17120"},"modified":"2025-03-04T02:00:13","modified_gmt":"2025-03-04T06:00:13","slug":"atropello-masivo-de-mannheim-no-tenderria-trasfondo-politico-dw-03-03-2025","status":"publish","type":"post","link":"https:\/\/noticiasveraces.com\/?p=17120","title":{"rendered":"Atropello Masivo de Mannheim no tenderr\u00eda Trasfondo Pol\u00cdtico &#8211; DW &#8211; 03\/03\/2025"},"content":{"rendered":"<p> \n<\/p>\n<div>\n<p>Las Autoridadas de LasManas consideran que el Atropello Masivo Perpetrado Este Lunes (03.03.2025) Por Un Ciudadano Alem\u00e1n en Mannheim (Surote de Alemania), que se ha Ha Ha Cobrado al Menos dos Muertos, no Tuvo un Trasfondo Pol\u00cdTICO, Mientras de Mientas Mientan APUNTAN Posible trastorno psiqui\u00e1trico.<\/p>\n<p>\u00abSobre la motivaci\u00f3n concreta del acti\u00f3n no hay indios de un trasfondo extremista ni religioso. La motivaci\u00f3n podr\u00eda estar relacionada con la personalidad del autora, pero este es todav\u00eda objet\u00f3n de la investigaci\u00f3n de la investigaci\u00f3n\u00bb, Declar\u00f3 en una comparaci\u00f3n el MinistromiStro Delistry Interiior de Del Interior de Del Interior de Estado de la Investigaci\u00f3n de la Investigaci\u00f3n \u00ab, Declare en la comparaci\u00f3n del Ministro del Ministro del Interior de Delisterio de Del Interior de Del Interior de Del Interior de Estado de la Investigaci\u00f3n de la Investigaci\u00f3n\u00bb, Delistrom\u00e9reo de DelistromiStro Delistry Interiior de Del Interior de Del Interior de Del Interior de Del Interior de Del Interior de Del Interior de Del Interior de Del Interior de Delisterado de Estado de Delisterado de Estado de Delister Baden-W\u00fcrttemberg (Donde se Encuentra Mannhein), Thomas Strobl.<\/p>\n<p>\u00abSeg\u00fan Las informaciones que tenemosas es Acto del Tipo Contra El Que no puede Haber una protecci\u00f3n al 100 %\u00bb, Afirm\u00f3 por su parte El Primer Ministro de deSado Federado, Winfried Kretschmann, Quien Agreg\u00f3 que veces vecos lo ocurro \u00abSolamento\u00bb un episodio \u00abTraguico\u00bb Traguic \u00aby huya AutorsuToguic\u00bb y huya Autorsuorres \u00bb Est\u00e1n \u00abEnfermos y Confusos\u00bb.<\/p>\n<p>Dos personajes Murieron y cuatro se Hallan Ingresadas con pron\u00f3stico tumba, Mientras que otras seis sufreron Heridas Leves, inform\u00f3 por su parte el Alcalde de Mannheim, Christian Specht.<\/p>\n<p>Las Autoridadas de Las Regales Excluyon Que El Atropello Est\u00e9 Rel -Rel -RELA CON LAS MULTITUDURIAS CARSCELAS DE CARNAVAL EN EL OESTE DE ALEMANIA, Ante las que se, incrementado las medidas de Seguridad por El El Riesgo de Atas de Corte yihadista.<\/p>\n<p><strong>Un sospechoso con antecedentes psiqui\u00e1tricos <\/strong><\/p>\n<p>El Detenido, de 40 A\u00f1os y Residente en la Vecina Localidad de Ludwigsburg, Donde Ya Ha Sido Registada Su Vivienda, Actu\u00f3 en Solitario.<\/p>\n<p>Seg\u00fan la reconstrucci\u00f3n de los Hechos Elaborada por los investigadores, El Sospechoso Embisti\u00f3 con Veh\u00edculo Contra Los Transe\u00fates de Una Calle Comercial de Mannheim Poco Antes de Las 12.15 Horas (11.15 GMT).<\/p>\n<p>Los desprendidos abandonaron el Coche y al ser abordado por una patrulla se dispar\u00f3 en la boca conun arma de aire comprimido, de acuerdo con el presidente de la oficina de investigaciones criminales regionales, Andreas Stenger.<\/p>\n<p>Su Estado se est\u00e1 estabilizando Pero todav\u00eda no se le ha le ha podido Interrogar, A\u00f1adi\u00f3 el Polic\u00eda en una rueda de Prensa.<\/p>\n<p>Un Portavoz de la fiscal\u00eda Agreg\u00f3 que el Detenido hab\u00eda Sido Condenado A UNA Pena de Prisi\u00f3n por Un Un Delito de lesiones Hace M\u00e1s de Diez A\u00f1os y en 2018 Al Pago de Una Multa Por Un delito de Odio en Internet, Al Publicar Un Comentario en Facebook Cuyido CONTENIDO CON CONTENIDO CONTENO CONTENCI\u00d3N CONTENCI\u00d3O APEF\u00cdO.<\/p>\n<p>Adem\u00e1s, hab\u00eda recibido tratamiento psiqui\u00e1trico y el A\u00f1o pasado Hab\u00eda Solicitado Ser Ingresado en una cl\u00ednica porque Sent\u00eda El Impulso de Rociarse de Gasolina y prenderse Fuego, Seg\u00fanst Esta.<\/p>\n<p>(Efe, AFP)<\/p>\n<\/p>\n<\/div>\n\n","protected":false},"excerpt":{"rendered":"<p>Las Autoridadas de LasManas consideran que el Atropello Masivo Perpetrado Este Lunes (03.03.2025) Por Un Ciudadano Alem\u00e1n en Mannheim (Surote de Alemania), que se ha Ha Ha Cobrado al Menos dos Muertos, no Tuvo un Trasfondo Pol\u00cdTICO, Mientras de Mientas Mientan APUNTAN Posible trastorno psiqui\u00e1trico. \u00abSobre la motivaci\u00f3n concreta del acti\u00f3n no hay indios de &hellip;<\/p>\n","protected":false},"author":1,"featured_media":17121,"comment_status":"open","ping_status":"open","sticky":false,"template":"","format":"standard","meta":{"fifu_image_url":"https:\/\/static.dw.com\/image\/71817151_6.jpg","fifu_image_alt":"","footnotes":""},"categories":[13],"tags":[],"class_list":["post-17120","post","type-post","status-publish","format-standard","has-post-thumbnail","","category-mundo"],"_links":{"self":[{"href":"https:\/\/noticiasveraces.com\/index.php?rest_route=\/wp\/v2\/posts\/17120","targetHints":{"allow":["GET"]}}],"collection":[{"href":"https:\/\/noticiasveraces.com\/index.php?rest_route=\/wp\/v2\/posts"}],"about":[{"href":"https:\/\/noticiasveraces.com\/index.php?rest_route=\/wp\/v2\/types\/post"}],"author":[{"embeddable":true,"href":"https:\/\/noticiasveraces.com\/index.php?rest_route=\/wp\/v2\/users\/1"}],"replies":[{"embeddable":true,"href":"https:\/\/noticiasveraces.com\/index.php?rest_route=%2Fwp%2Fv2%2Fcomments&post=17120"}],"version-history":[{"count":0,"href":"https:\/\/noticiasveraces.com\/index.php?rest_route=\/wp\/v2\/posts\/17120\/revisions"}],"wp:featuredmedia":[{"embeddable":true,"href":"https:\/\/noticiasveraces.com\/index.php?rest_route=\/wp\/v2\/media\/17121"}],"wp:attachment":[{"href":"https:\/\/noticiasveraces.com\/index.php?rest_route=%2Fwp%2Fv2%2Fmedia&parent=17120"}],"wp:term":[{"taxonomy":"category","embeddable":true,"href":"https:\/\/noticiasveraces.com\/index.php?rest_route=%2Fwp%2Fv2%2Fcategories&post=17120"},{"taxonomy":"post_tag","embeddable":true,"href":"https:\/\/noticiasveraces.com\/index.php?rest_route=%2Fwp%2Fv2%2Ftags&post=17120"}],"curies":[{"name":"wp","href":"https:\/\/api.w.org\/{rel}","templated":true}]}}