{"id":17087,"date":"2025-03-03T20:30:15","date_gmt":"2025-03-04T00:30:15","guid":{"rendered":"https:\/\/noticiasveraces.com\/?p=17087"},"modified":"2025-03-03T20:30:15","modified_gmt":"2025-03-04T00:30:15","slug":"aumta-la-sordera-y-problema-de-audicion-en-todo-el-mundo-alerta-la-oms","status":"publish","type":"post","link":"https:\/\/noticiasveraces.com\/?p=17087","title":{"rendered":"Aumta la Sordera y Problema de Audici\u00f3n en TODO El Mundo, alerta la oms"},"content":{"rendered":"<p> \n<br \/><img decoding=\"async\" src=\"https:\/\/gdb.voanews.com\/2b1491c0-6dde-4124-0708-08dd4a817621_cx0_cy10_cw0_w800_h450.jpg\" \/><\/p>\n<div>\n<span class=\"dateline\">Washington &#8211; <\/span><\/p>\n<p>Yesenia, una inmigrante salvadorena en Estados Unidos, no entend\u00eda por qu\u00e9 hijo no pronuncia bien las palabras a pesar del empe\u00f1o en ensenarlo a hablar; Pasados \u200b\u200bLos Tres A\u00f1os S\u00f3lo emit\u00eda Sonidos IndeciBrables, Un examen de audici\u00f3nica confirm\u00f3 un problema de deficit del o\u00eddo por lo que comenz\u00f3 desde temprana Edad a utilizar un aparato amplificador.<\/p>\n<p>El Peque\u00f1o Oscar Ha Logrado Adaptarse Bien y Lleva una Vida \u00abNormal\u00bb, Sobre para Do en la Escuela, Pero depende toDo el Tiempo del Dispositivo para Escuchar Bien y Poder Mantener la Comunicaci\u00f3n. Yesenia setea el desaf\u00edo prodigando cuidados un su hijo y ponianto atenga al aparato, cuya bater\u00eda Debe recargar Cada noche.<\/p>\n<p>Seg\u00fan la Organizaci\u00f3n Mundial de la Salud (OMS) para 2050 SE C\u00e1lculo que Habr\u00e1 Unos 2.500 MILLONES DE PERSONAS \u00abCon alg\u00fan Grado de P\u00e9rdida de Audici\u00f3n Y Que M\u00e1s de 700 Millones Requerir\u00e1n Rehabilitaci\u00f3n\u00bb.<\/p>\n<p>Teniendo en cuenta este y que los casos Sordera y P\u00e9rdida Auditiva Aumentan Cadada A\u00f1o en TODO El Mundo, Lo Que Genera Un Problema de Salud Global, La Organizaci\u00f3n de Conmemora Este 3 de Marzo el <em><strong>D\u00eda Mundial de la Audici\u00f3n<\/strong><\/em>.<\/p>\n<p>Aparte de Problemas Cong\u00e9nitos y Algunas Enfirmedades Causantes de la Sordera, La Oms Considere que las <strong><em>Pr\u00e1cticas y el Descuido del Sentido de O\u00eddo<\/em><\/strong>  Est\u00e1n Derr\u00e1s del Creciente Problema.<\/p>\n<p>\u00abDebido un no asas pr\u00e1ctico de audici\u00f3nico seguras, M\u00c1s de 1.000 Millones de J\u00f3venes Adultos Corren El Riesgo de Sufrir Una P\u00e9rdida de Audici\u00f3n Evitable y Permanente\u00bb, Seg\u00fan la oms, este de la falta de Protecio extremo.<\/p>\n<p>As\u00ed tambi\u00e9n la exposici\u00f3nis a Altos decibeles en espacios de entreteniMiento en ambientes de color, discotecas, conciertos son propicios a mantener el sonido en altos decibeles, inclusi\u00f3n dentro del hogar.<\/p>\n<h3 class=\"wsw__h3\">Niveles tolerables<\/h3>\n<p>Seg\u00fan la Hearing Health Foundation (HHF) en Estados Unidos, Cualquier Sonido que se Perciba como Fuerte, de Hecho lo es para El O\u00eddo, Pues \u201cLOS Sonidos de 70 Decibeles (DB) o Menos se considera Seguros para nuestra Audici\u00f3non. ESE ES EL Sonido de Una Conversaci\u00f3n Normal Entre dos Personas (&#8230;) Los Sonidos Superiores A 70 dB PUEDEN DA\u00d1AR LA AUDICI\u00d3N CON EL TIempo \u201d.<\/p>\n<p>Esta Instituci\u00f3n Explica que la Medici\u00f3nica del Sonido es Igual a la escala que mide los terremotos \u00ablogar\u00edtmica\u00bb, lo que indica que la sonorida \u00abno es directamle proporcio a la intensidad del sonido\u00bb y que \u00abla intensidad de unido crece muy r\u00e1pido\u00bb \u00ab.<\/p>\n<p>\u201cSi necesitamos gritarle a un amigo que est\u00e1 a un brazo de distancia, o podemos escuchar la m\u00fasica saliendo de los auriculares de otra persona, el volumen es de al menos 85 dB, que es el &#8216;nivel seguro&#8217; m\u00e1ximo de exposici\u00f3n al ruido en el lugar de trabajo a lo largo de una Jornada de Ocho Horas \u201d, Explica La HHF.<\/p>\n<p>Con el Uso de Auriculares y Aud\u00edfonos f\u00e1cilmento se Puede Alcanzar un volumen de \u00abHasta 100 db o m\u00e1s, por lo que un nivel seguro es del 50 al 60 por ciento del volumen m\u00e1xi Audici\u00f3n \u201d.<\/p>\n<h3 class=\"wsw__h3\">Datos real<\/h3>\n<p>La Oms Calculula Que Un 5 % de la Poblacia Mundial, ES Decir Unos 430 Millones, Requilen Alg\u00fan Tipo de Procedimiento \u201cPara corregir una p\u00e9rdida auditiva\u201d por Discapacidad permanente, entre Estos 34 Millones de Ni\u00f1os.<\/p>\n<p>La Terminolog\u00eda M\u00e9dica considera que una P\u00e9rdida de Audici\u00f3n Superior A 35 Decibeles en El O\u00eddo que oye mejor se Considera Discapacidad. LA Mayor Proporci\u00f3n de Personas Con Problemas de Audici\u00f3nis -Hasta Un 80 % &#8211; Viven en Pa\u00edses de Bajos Ingresos.<\/p>\n<p>La oms considere que a la P\u00e9rdida de Audici\u00f3na le Siguen OTROS Problemas y Limitantes para la persona que Padece la Discapacidad.<\/p>\n<p>La Primera es la Limitacia para Comunicarse, El Aislamiente Social, La Soledad y El Estigma Ante El Problema; Adem\u00e1s de las consecias Socioecon\u00f3micos Asociadas al Problema, y \u200b\u200bno se digan las limitaciones para la educaci\u00f3n y el Empleso.<\/p>\n<p>Los Centros para el control y Prevenci\u00f3n de Enfermedades de Estados Unidos (CDC) Considera <em><strong>IMPORTANTE Generar Conciencia<\/strong><\/em>  Sobre \u00abLa Exposici\u00f3n a Sonidos Fuertes\u00bb, lo que se pude prevenir Siguiendo Algunas Pautas.<\/p>\n<p>Primero Identificando Las Fuentes de Sonido, Sobre y de Herramientas y Utensilios Dom\u00e9micos Que Operan Con Motores; LUEGO PASA POR EVITER LA EXPOSICI\u00d3N PROLONGADA A LOS RUIDOS FUERTES, BAJAR EL VOLUMEN DE LOS EQUIPOS DE SONIDO, Y MUY IMPORTANTE ALEJARSE DE LA LA FUENTE DE SONIDO CUANDO SEAN DEMASIADO FUERTES.<\/p>\n<p><em><strong>\u00a1Con9Cate Con la Voz de Am\u00e9rica! Suscr\u00edbete un canales de nuestros de<\/strong><strong>  YouTube<\/strong><strong>, <\/strong><strong>Whatsapp<\/strong><strong>  Y al <\/strong><strong>hoja informativa<\/strong><strong>. Activa las Notificaciones y s\u00edguenos en <\/strong><strong>Facebook<\/strong><strong>, <\/strong><a class=\"wsw__a\" href=\"https:\/\/nam10.safelinks.protection.outlook.com\/?url=https%3A%2F%2Ftwitter.com%2FVozdeAmerica&amp;data=05%7C02%7Cwserrano%40voanews.com%7C0b9cfda59f52447b0ed708dc07d64451%7Cba99e87c673541c2b1c1354eee3a8659%7C0%7C0%7C638393864063639904%7CUnknown%7CTWFpbGZsb3d8eyJWIjoiMC4wLjAwMDAiLCJQIjoiV2luMzIiLCJBTiI6Ik1haWwiLCJXVCI6Mn0%3D%7C3000%7C%7C%7C&amp;sdata=unLJDFixL8cjTiSip1dC8ViP8otjrQyzq1ziP2g1PMo%3D&amp;reserved=0\" target=\"_blank\"><strong>inc\u00f3gnita<\/strong><\/a><strong>  mi <\/strong><strong>Instagram<\/strong><strong>.<\/strong><\/em><\/p>\n<\/div>\n<p><script async src=\"https:\/\/platform.twitter.com\/widgets.js\" charset=\"utf-8\"><\/script><script async src=\"\/\/www.instagram.com\/embed.js\"><\/script><br \/>\n<br \/>\n","protected":false},"excerpt":{"rendered":"<p>Washington &#8211; Yesenia, una inmigrante salvadorena en Estados Unidos, no entend\u00eda por qu\u00e9 hijo no pronuncia bien las palabras a pesar del empe\u00f1o en ensenarlo a hablar; Pasados \u200b\u200bLos Tres A\u00f1os S\u00f3lo emit\u00eda Sonidos IndeciBrables, Un examen de audici\u00f3nica confirm\u00f3 un problema de deficit del o\u00eddo por lo que comenz\u00f3 desde temprana Edad a utilizar &hellip;<\/p>\n","protected":false},"author":1,"featured_media":17089,"comment_status":"open","ping_status":"open","sticky":false,"template":"","format":"standard","meta":{"fifu_image_url":"https:\/\/gdb.voanews.com\/2b1491c0-6dde-4124-0708-08dd4a817621_cx0_cy10_cw0_w800_h450.jpg","fifu_image_alt":"","footnotes":""},"categories":[8],"tags":[],"class_list":["post-17087","post","type-post","status-publish","format-standard","has-post-thumbnail","","category-salud"],"_links":{"self":[{"href":"https:\/\/noticiasveraces.com\/index.php?rest_route=\/wp\/v2\/posts\/17087","targetHints":{"allow":["GET"]}}],"collection":[{"href":"https:\/\/noticiasveraces.com\/index.php?rest_route=\/wp\/v2\/posts"}],"about":[{"href":"https:\/\/noticiasveraces.com\/index.php?rest_route=\/wp\/v2\/types\/post"}],"author":[{"embeddable":true,"href":"https:\/\/noticiasveraces.com\/index.php?rest_route=\/wp\/v2\/users\/1"}],"replies":[{"embeddable":true,"href":"https:\/\/noticiasveraces.com\/index.php?rest_route=%2Fwp%2Fv2%2Fcomments&post=17087"}],"version-history":[{"count":0,"href":"https:\/\/noticiasveraces.com\/index.php?rest_route=\/wp\/v2\/posts\/17087\/revisions"}],"wp:featuredmedia":[{"embeddable":true,"href":"https:\/\/noticiasveraces.com\/index.php?rest_route=\/wp\/v2\/media\/17089"}],"wp:attachment":[{"href":"https:\/\/noticiasveraces.com\/index.php?rest_route=%2Fwp%2Fv2%2Fmedia&parent=17087"}],"wp:term":[{"taxonomy":"category","embeddable":true,"href":"https:\/\/noticiasveraces.com\/index.php?rest_route=%2Fwp%2Fv2%2Fcategories&post=17087"},{"taxonomy":"post_tag","embeddable":true,"href":"https:\/\/noticiasveraces.com\/index.php?rest_route=%2Fwp%2Fv2%2Ftags&post=17087"}],"curies":[{"name":"wp","href":"https:\/\/api.w.org\/{rel}","templated":true}]}}