{"id":17085,"date":"2025-03-03T19:48:25","date_gmt":"2025-03-03T23:48:25","guid":{"rendered":"https:\/\/noticiasveraces.com\/?p=17085"},"modified":"2025-03-03T19:48:25","modified_gmt":"2025-03-03T23:48:25","slug":"como-reacciona-alemania-al-escandalo-en-la-casa-blanca-dw-03-03-2025","status":"publish","type":"post","link":"https:\/\/noticiasveraces.com\/?p=17085","title":{"rendered":"\u00bfC\u00d3MO REACCIONA ALEMANIA AL ESC\u00c1NDALO EN LA Casa Blanca? &#8211; DW &#8211; 03\/03\/2025"},"content":{"rendered":"<p> \n<\/p>\n<div>\n<p>Alemania, \u00bfParalizada por la Conmoci\u00f3n? Podr\u00eda Decirtse Que S\u00ed, Luego de Un Fin de Semana en El Que El Pa\u00eds Econ\u00f3micamme M\u00e1s Fuerte de Europa Vio Con su Propios ojos c\u00f3mo y Con Cu\u00e1lta Velocidad Est\u00e1 Cambiando la Situaci\u00f3n Geopol\u00edtical Mundial.<\/p>\n<p>Un Partir de ESE Momento, Pol\u00cdticos Alemanes intentan Agitadamento adaptario a Los Nueva Tiempos. ESO Significar, Sobre TODO, TOMAR UNA POSTURA M\u00c1S CLARA HACIA ESTADOS UNIDOS Y RUSIA, Y AUMAR SU GASTO EN DEFENSA.<\/p>\n<h2>\u00abEstados Unidos ya no ser\u00e1 confiable un largo plazo\u00bb<\/h2>\n<p>El Renombado Analista Pol\u00edta Carlo Masala Parte de Que Ee. Uu. \u00abNo Ser\u00e1 Un socio confiable de Valores e intereses\u00bb Para Europa en el Futuro. As\u00ed Lo Afirm\u00f3 Este Lunes (3.03.2025) en la emisora <em>Deutschlandfunk<\/em> El Profesor de la Universidad del Ej\u00e9rcito Alem\u00e1n, en M\u00fanich.<\/p>\n<p>Y A\u00f1adi\u00f3: \u00abPero segurete, en algunos casos, tendern m\u00e1s intereses en com\u00fan con nosotros que con otros. Creo que una europa independiente y soberana ser\u00e1 entonces m\u00e1s atractiva como socio para. Uu. En tales casos\u00bb.<\/p>\n<h2>\u00abEe. Uu. Se convierte en un riesgo de seguridad para europa\u00bb<\/h2>\n<p>El Trasfondo es El Esc\u00e1ndalo que se produco El Viernes (28.02.2025) en la Casa Blanca, en Washington, Cuando el Presidente Estadounidense, Donald Trump, Represdi\u00f3 al Presidente Ucraniano, Volodimir Zelenski, Frente A Las C\u00e1maras y Le RetroR\u00f3 Su Solidad.<\/p>\n<figure class=\"placeholder-image master_landscape big\"><img data-format=\"MASTER_LANDSCAPE\" data-id=\"71789612\" data-url=\"https:\/\/static.dw.com\/image\/71789612_${formatId}.jpg\" data-aspect-ratio=\"16\/9\" alt=\"Donald Trump Ataca al Presidente Ucraniano, Volodimir Zelenski.\" style=\"padding-bottom: 56.25%; height: 0; max-height: 0;\"\/><figcaption class=\"img-caption\">Precedentes de pecado: El Presidente Estadounidense, Donald Trump, Ataca Al Presidente Ucraniano, Volodimir Zelenski.<small class=\"copyright\">Imagen: Saul Loeb\/AFP\/Getty Images<\/small><\/figcaption><\/figure>\n<p>Claudia Mayor, de la Fundaci\u00f3n Ciencia y Pol\u00edtica, Dijo Tambi\u00e9n A <em>Deutschlandfunk<\/em>: \u00abReconocer de Tenemos que nuestro aliado m\u00e1s importante ya no se comporta como un aliado, sino se se convierte en un riesgo para la seguridad de europa\u00bb.<\/p>\n<h2>Scholz en Londres, a la Sombron y Starmer<\/h2>\n<p>Y TODO ESTE SUCE EN UN MOMENTO EN EL QUEMANIA, LUEGO DE LAS ELECCIONES anticipadas, Hace Ocho D\u00edas, Busca Formar Un Nuevo Gobierno de Coalici\u00f3n, Probablent\u00e9 Bajo Bajo El Liderazgo de Friedrich Merz, de la Unon Conservadora Cdu\/Csu, Un Pol\u00ed CicOUNGACUCHACHICH MERON, MEROM P\u00fablico.<\/p>\n<p>El TODAV\u00cdA CANCILER ALEM\u00c1N OLAF SCHOLZ, del Partido Socialdem\u00f3crata Alem\u00e1n (SPD), No Estuvo en El Centro de la Atencia Cuando, El Domingo, Se veieron en Londres el Presidente France, Emmanuel Macron, Y El Premier Brit\u00e1n, Kearir Starmer, Para JaJaJa JaJ\u00e9, Emman, y El Premier Brit\u00e1n, Keir Starmer, Para JaJaJa JaJaJ de Rute, Emmanuel, Y El Premier Brit\u00e1n, Keir Starmer, Para JaJar FiJ\u00e9s, EMMANEME, EMMANILE, Y EL EL PRINCIPAL BRIT\u00c1NTO, KEAIR STARMER, PARERA ALTRA: respaltar a un proponente de considerador de consideraci\u00f3n de Zelenski un Alto el FUEGO Entre Rusia y Ucrania por iniciativa propia. El Motivo: COMO Canciller Saliente, Scholz DeBer\u00eda Abstenerse de Tomar Decisiones y Declaraciones Pol\u00cdticas de Gran Alcance, como Costumbre en Alemania. Y TODO lo que se podr\u00eda decir solia rusia, ucrania y estados unidos es de gran alcance.<\/p>\n<p>Si Bien Este Lunes (3.03.2025) se desminti\u00f3 que Hubiera ya un Acuerdo, El L\u00edder del Spd, Lars Klingbeil, Dijo Que Alemania no se Queda al Margen en Estos Tiempos Convulsionados. Y y y \u00abEl Promo Gobierno Federal tenderr\u00e1 una Gran Responsabilidad en la Pol\u00edta Europea. Junto Con Polonia y Francia, Ser\u00e1 IMPORTANTE DE ESTOS TRES TRES PA\u00cdSES Creen Estabilidad en Europa\u00bb. Klingbeil, Cuyo Nombre resuena en Berl\u00edn como el Pr\u00f3pmoMo Ministro de Relaciones Exteriores, Calific\u00f3 El Esc\u00e1ndalo en Washington como una \u00abLlamada de Atenci\u00f3n\u00bb.<\/p>\n<figure class=\"placeholder-image master_landscape big\"><img data-format=\"MASTER_LANDSCAPE\" data-id=\"71800149\" data-url=\"https:\/\/static.dw.com\/image\/71800149_${formatId}.jpg\" data-aspect-ratio=\"16\/9\" alt=\"Olaf Scholz, en la Fila de Atr\u00e1s de la Reuni\u00f3n de Jefes de Gobierno Europeos Con El Presidente Ucraniano, Volodimir Zelenski.\" style=\"padding-bottom: 56.25%; height: 0; max-height: 0;\"\/><figcaption class=\"img-caption\">Olaf Scholz, en la Fila de Atr\u00e1s de la Reuni\u00f3n de Jefes de Gobierno Europeos Con El Presidente Ucraniano, Volodimir Zelenski, en Londres.<small class=\"copyright\">Imagen: Justin Tallis\/AFP\/Getty Images<\/small><\/figcaption><\/figure>\n<h2>\u00bf400 mil milones para el Ej\u00e9rcito Alem\u00e1n?<\/h2>\n<p>De Hecho, El Berl\u00edn Pol\u00cdtico Parece Haberseberse Desteredado de Golpe, y Se Habla de Nuevo Programas Millonarios Para Que El Ej\u00e9rcito Alem\u00e1n Capaz de Defensor A Alemania Sin Estados Unidos, y en conjunto Con Otros Pa\u00edses Europeos.<\/p>\n<p>Y Para Seguir apoyando a Ucrania en su Lucha contra Rusia, El Agresor, Si El Apoyo Masivo de Estados Unidos Hasta la Fecha SE Eliminasa Total O Parcialment. Se Habla de Sumas de Hasta 400.000 Millones de Euros. Un Dinero Que Alemania, Sea Cual Sea El Importe Final, No Puede Financiar Con El Presupesto Estatal, Sino Que para Ello DeBe Tomar Nueva Deuda. Por ello se habla de un \u00abfondo especial\u00bb.<\/p>\n<p>Embargo de pecado, El Parlamento Alem\u00e1n tenderr\u00eda que aprrobar la medida con una mayor\u00eda de dos tercios. Podr\u00eda Hacerlo el Parlamento Saliente, ya que en el Nueva Bundestag no ser\u00eda lograr factible una mayor\u00eda tal debido, Sobre todo, al gran n\u00fanmero de votos obtenidos por el partido de ultraderecha alternativa alemania () y por el parido la partido la parido.<\/p>\n<p>Para Ello Todav\u00eda Quedan Algunos D\u00edas; El Nueva Bundestag se Reunir\u00e1 por Primera Vez el 24 de Marzo. Y Friedrich Merz Quiere Tener Formado Para Entonces Su Nuevo Gobierno. Pero, Primero, Debe Se\u00edgir Negociando con el Spd Sobre una coaliciaci\u00f3n posible. El Lunes Dijo: \u00abQueremos Hacer algo por la Bundeswehr, y este Qued\u00f3 a\u00fan M\u00e1s Claro Despu\u00e9s de los Acontecimientos del Viernes Pasado en la Casa Blanca, en Washington. Pero a\u00fan no Hemos Llegado a un Acuerdo. No Puedo Predecir nada\u00bb.<\/p>\n<p><span data-slot-id=\"Article_InContent-1\" class=\"rich-text-ad\"\/><\/p>\n<h2>Merz y Scholz Conversar\u00e1n El Mi\u00e9rcoles<\/h2>\n<p>Merz Tambi\u00e9n Neg\u00f3 las informaciones de que el Bundestag decidir\u00eda el Pr\u00f3ximo Lunes (10.03.2025), Es Decir, Dentro de Una Semana, El Nuevo R\u00e9cord de Miles de Millones para el Ej\u00e9rcito. La Presi\u00f3n para Llegar A Un AcUerdo de Este Tipo es Mayor Que Nunca. Los Socialdem\u00f3cratas Han Cancelado Todas Las Dem\u00e1s Reuniones de Esta Semana y Quieren Concentrarse Exclusivamento en Las Conversaciones para Formar un Nuevo Gobierno de Coalici\u00f3n.<\/p>\n<p>El Mi\u00e9rcoles (5.03.2025), El Canciller Saliente, Olaf Scholz, Invitar\u00e1 A Su probable Sucesor, Friedrich Merz, A la Canciller\u00eda para Discutir Confidencialmenta Todos los Pasos a Seguir. Tambi\u00e9n Surge la Pregunta M\u00e1s IMPORTANTE DE PREOCUPA REALMENTE A Alemania: \u00bfC\u00d3MO PUEDE EL PA\u00cd GARANTIZAR SU PROPIA SEGURIDAD, ALGO QUE Ha Hecho Especialme Ee. Uu. Desde El Final de la II Guerra Mundial, en 1945?<\/p>\n<p>(CP\/ER)<\/p>\n<\/div>\n\n","protected":false},"excerpt":{"rendered":"<p>Alemania, \u00bfParalizada por la Conmoci\u00f3n? Podr\u00eda Decirtse Que S\u00ed, Luego de Un Fin de Semana en El Que El Pa\u00eds Econ\u00f3micamme M\u00e1s Fuerte de Europa Vio Con su Propios ojos c\u00f3mo y Con Cu\u00e1lta Velocidad Est\u00e1 Cambiando la Situaci\u00f3n Geopol\u00edtical Mundial. Un Partir de ESE Momento, Pol\u00cdticos Alemanes intentan Agitadamento adaptario a Los Nueva Tiempos. &hellip;<\/p>\n","protected":false},"author":1,"featured_media":17086,"comment_status":"open","ping_status":"open","sticky":false,"template":"","format":"standard","meta":{"fifu_image_url":"https:\/\/static.dw.com\/image\/71675064_6.jpg","fifu_image_alt":"","footnotes":""},"categories":[13],"tags":[],"class_list":["post-17085","post","type-post","status-publish","format-standard","has-post-thumbnail","","category-mundo"],"_links":{"self":[{"href":"https:\/\/noticiasveraces.com\/index.php?rest_route=\/wp\/v2\/posts\/17085","targetHints":{"allow":["GET"]}}],"collection":[{"href":"https:\/\/noticiasveraces.com\/index.php?rest_route=\/wp\/v2\/posts"}],"about":[{"href":"https:\/\/noticiasveraces.com\/index.php?rest_route=\/wp\/v2\/types\/post"}],"author":[{"embeddable":true,"href":"https:\/\/noticiasveraces.com\/index.php?rest_route=\/wp\/v2\/users\/1"}],"replies":[{"embeddable":true,"href":"https:\/\/noticiasveraces.com\/index.php?rest_route=%2Fwp%2Fv2%2Fcomments&post=17085"}],"version-history":[{"count":0,"href":"https:\/\/noticiasveraces.com\/index.php?rest_route=\/wp\/v2\/posts\/17085\/revisions"}],"wp:featuredmedia":[{"embeddable":true,"href":"https:\/\/noticiasveraces.com\/index.php?rest_route=\/wp\/v2\/media\/17086"}],"wp:attachment":[{"href":"https:\/\/noticiasveraces.com\/index.php?rest_route=%2Fwp%2Fv2%2Fmedia&parent=17085"}],"wp:term":[{"taxonomy":"category","embeddable":true,"href":"https:\/\/noticiasveraces.com\/index.php?rest_route=%2Fwp%2Fv2%2Fcategories&post=17085"},{"taxonomy":"post_tag","embeddable":true,"href":"https:\/\/noticiasveraces.com\/index.php?rest_route=%2Fwp%2Fv2%2Ftags&post=17085"}],"curies":[{"name":"wp","href":"https:\/\/api.w.org\/{rel}","templated":true}]}}