{"id":17064,"date":"2025-03-03T15:29:48","date_gmt":"2025-03-03T19:29:48","guid":{"rendered":"https:\/\/noticiasveraces.com\/?p=17064"},"modified":"2025-03-03T15:29:48","modified_gmt":"2025-03-03T19:29:48","slug":"el-papa-sufrio-dos-episodios-de-insuficiencia-respiratoria-dw-03-03-2025","status":"publish","type":"post","link":"https:\/\/noticiasveraces.com\/?p=17064","title":{"rendered":"El Papa Sufri\u00f3 \u00abDos Episodios de Insuficiencia Respiratoria\u00bb &#8211; DW &#8211; 03\/03\/2025"},"content":{"rendered":"<p> \n<\/p>\n<div>\n<p>El Papa Francisco, Hospitalizado Desde Hace 18 D\u00edas por Una Doble Neumon\u00eda, Sufri\u00f3 Este Lunes (03.03.2025) \u00abDos Episodios de insuficiencia Respiratoria aguda\u00bb, Inform\u00f3 El Vaticano, precisando que permaneci\u00f3 Conceptiente en el momento.<\/p>\n<p>Esta Nueva crisis estuvo causa \u00abpor una un importante acumulacia de moco endobronquial y el consiguiente broncoespasmo\u00bb, por lo que los m\u00e9dicos le realizaron dos \u00abbroncoscopias\u00bb para aspirar las \u00ababundantes secreciones\u00bb, precis\u00f3 la sarte.<\/p>\n<p>El Jesuita Argentino de 88 A\u00f1os, Que \u00abPermaneci\u00f3 Alerta, Orientado y Cooperativo en TODO Momento\u00bb, Reanud\u00f3 en ConseCuencia \u00abLa Ventilaci\u00f3n Mec\u00e1nica no Invasiva\u00bb y su \u00abPron\u00f3sico Sigue Sido Reserve\u00bb, Seg\u00fan ESTTIMO PARTE M\u00c9DICO.<\/p>\n<p>METRO<strong>\u00e1s de dos semanas internado<\/strong><\/p>\n<p>El L\u00edder Espiritual de 1.400 Millones de Cat\u00f3licos en el Mundo se Encuentra Ingresado en el Hospital Gemelli de Roma Desde el 14 de Febero por una bronquitis, que deriv\u00f3 en una doble neumon\u00eda.<\/p>\n<p>El \u00daltimo parte M\u00e9dico, Difundido por la Santa Sede El Domingo por la Noche, Inform\u00f3 que su estado era \u00abestable\u00bb 48 HORAS DESPU\u00c9S DE SU PUNTOR RECA\u00cdDA EL VIERNES, CUANDO YA SUFRI\u00d3 UNA CRISIS APRIRATORIA DE \u00abBRONCOESMAS\u00bb. El Broncoespasmo se produce cuando se contrae la musculata que recubre los bronquios, Provocando Dificultades para respirar.<\/p>\n<p>ESTA Hospitalizaci\u00f3n, la cuta y m\u00e1s Larga desde 2021, G\u00e9nero preocupaci\u00f3n por los problemas previos que debilitaron la salud de jorge bergoglio en los \u00daltimos a\u00f1os: operaciones en el colon y el abdomen, y dificultades para caminar.<\/p>\n<p>La situaci\u00f3n ha reabierto adem\u00e1s los interrogantes SOBRE Su capacidad para desempe\u00f1a sus funciones, m\u00e1xime cuando el derecho puede no prev\u00e9 ninguna disposici\u00f3n en caso de un problema grave que pueda afectar a su lucidaz.<\/p>\n<p>El Pont\u00edfice, Que en los \u00daltimos Tiempos Descarart\u00f3 la Idea de Renunciar, no ha Hecho ninguna Aparici\u00f3n P\u00fablica desde su Ingeso en el Hospital. El Domingo dio las \u00abGracias\u00bb A Los Fieles por sus oraciones, en un mensaje escrito con motivo del \u00e1ngelus.<\/p>\n<p>CT (AFP, Efe)<\/p>\n<\/p>\n<\/div>\n\n","protected":false},"excerpt":{"rendered":"<p>El Papa Francisco, Hospitalizado Desde Hace 18 D\u00edas por Una Doble Neumon\u00eda, Sufri\u00f3 Este Lunes (03.03.2025) \u00abDos Episodios de insuficiencia Respiratoria aguda\u00bb, Inform\u00f3 El Vaticano, precisando que permaneci\u00f3 Conceptiente en el momento. Esta Nueva crisis estuvo causa \u00abpor una un importante acumulacia de moco endobronquial y el consiguiente broncoespasmo\u00bb, por lo que los m\u00e9dicos le &hellip;<\/p>\n","protected":false},"author":1,"featured_media":17065,"comment_status":"open","ping_status":"open","sticky":false,"template":"","format":"standard","meta":{"fifu_image_url":"https:\/\/static.dw.com\/image\/71755616_6.jpg","fifu_image_alt":"","footnotes":""},"categories":[13],"tags":[],"class_list":["post-17064","post","type-post","status-publish","format-standard","has-post-thumbnail","","category-mundo"],"_links":{"self":[{"href":"https:\/\/noticiasveraces.com\/index.php?rest_route=\/wp\/v2\/posts\/17064","targetHints":{"allow":["GET"]}}],"collection":[{"href":"https:\/\/noticiasveraces.com\/index.php?rest_route=\/wp\/v2\/posts"}],"about":[{"href":"https:\/\/noticiasveraces.com\/index.php?rest_route=\/wp\/v2\/types\/post"}],"author":[{"embeddable":true,"href":"https:\/\/noticiasveraces.com\/index.php?rest_route=\/wp\/v2\/users\/1"}],"replies":[{"embeddable":true,"href":"https:\/\/noticiasveraces.com\/index.php?rest_route=%2Fwp%2Fv2%2Fcomments&post=17064"}],"version-history":[{"count":0,"href":"https:\/\/noticiasveraces.com\/index.php?rest_route=\/wp\/v2\/posts\/17064\/revisions"}],"wp:featuredmedia":[{"embeddable":true,"href":"https:\/\/noticiasveraces.com\/index.php?rest_route=\/wp\/v2\/media\/17065"}],"wp:attachment":[{"href":"https:\/\/noticiasveraces.com\/index.php?rest_route=%2Fwp%2Fv2%2Fmedia&parent=17064"}],"wp:term":[{"taxonomy":"category","embeddable":true,"href":"https:\/\/noticiasveraces.com\/index.php?rest_route=%2Fwp%2Fv2%2Fcategories&post=17064"},{"taxonomy":"post_tag","embeddable":true,"href":"https:\/\/noticiasveraces.com\/index.php?rest_route=%2Fwp%2Fv2%2Ftags&post=17064"}],"curies":[{"name":"wp","href":"https:\/\/api.w.org\/{rel}","templated":true}]}}