{"id":17061,"date":"2025-03-03T14:27:00","date_gmt":"2025-03-03T18:27:00","guid":{"rendered":"https:\/\/noticiasveraces.com\/?p=17061"},"modified":"2025-03-03T14:27:00","modified_gmt":"2025-03-03T18:27:00","slug":"el-papa-francisco-sufre-2-episodios-de-insuficiencia-respiratoria-aguda","status":"publish","type":"post","link":"https:\/\/noticiasveraces.com\/?p=17061","title":{"rendered":"El Papa Francisco sufre 2 episodios de &#8216;insuficiencia respiratoria aguda&#8217;,"},"content":{"rendered":"<p> \n<\/p>\n<div>\n<p class=\"speakable\">El Papa Francisco sufri\u00f3 \u00abdos episodios de insuficiencia respiratoria aguda\u00bb el lunes, anunci\u00f3 el Vaticano.<\/p>\n<p class=\"speakable\">\u00abPor la tarde, se reanud\u00f3 la ventilaci\u00f3n mec\u00e1nica no invasiva\u00bb, agreg\u00f3 en un comunicado. \u00abEl Santo Padre siempre ha permanecido atento, orientado y colaborativo. El pron\u00f3stico sigue vigilado\u00bb.<\/p>\n<div class=\"image-ct inline\">\n<div class=\"m\"><picture><source media=\"(max-width: 767px)\" srcset=\"https:\/\/a57.foxnews.com\/static.foxnews.com\/foxnews.com\/content\/uploads\/2025\/03\/343\/192\/pope-francis-candles.jpg?ve=1&amp;tl=1, https:\/\/a57.foxnews.com\/static.foxnews.com\/foxnews.com\/content\/uploads\/2025\/03\/686\/384\/pope-francis-candles.jpg?ve=1&amp;tl=1 2x\" height=\"192\" width=\"343\"><source media=\"(min-width: 768px) and (max-width: 1023px)\" srcset=\"https:\/\/a57.foxnews.com\/static.foxnews.com\/foxnews.com\/content\/uploads\/2025\/03\/672\/378\/pope-francis-candles.jpg?ve=1&amp;tl=1, https:\/\/a57.foxnews.com\/static.foxnews.com\/foxnews.com\/content\/uploads\/2025\/03\/1344\/756\/pope-francis-candles.jpg?ve=1&amp;tl=1 2x\" height=\"378\" width=\"672\"><source media=\"(min-width: 1024px) and (max-width: 1279px)\" srcset=\"https:\/\/a57.foxnews.com\/static.foxnews.com\/foxnews.com\/content\/uploads\/2025\/03\/931\/523\/pope-francis-candles.jpg?ve=1&amp;tl=1, https:\/\/a57.foxnews.com\/static.foxnews.com\/foxnews.com\/content\/uploads\/2025\/03\/1862\/1046\/pope-francis-candles.jpg?ve=1&amp;tl=1 2x\" height=\"523\" width=\"931\"><source media=\"(min-width: 1280px)\" srcset=\"https:\/\/a57.foxnews.com\/static.foxnews.com\/foxnews.com\/content\/uploads\/2025\/03\/720\/405\/pope-francis-candles.jpg?ve=1&amp;tl=1, https:\/\/a57.foxnews.com\/static.foxnews.com\/foxnews.com\/content\/uploads\/2025\/03\/1440\/810\/pope-francis-candles.jpg?ve=1&amp;tl=1 2x\" height=\"405\" width=\"720\"><img loading=\"lazy\" decoding=\"async\" src=\"https:\/\/a57.foxnews.com\/static.foxnews.com\/foxnews.com\/content\/uploads\/2025\/03\/1200\/675\/pope-francis-candles.jpg?ve=1&amp;tl=1\" alt=\"Velas para el Papa Francisco\" width=\"1200\" height=\"675\"\/><\/source><\/source><\/source><\/source><\/picture><\/div>\n<div class=\"info\">\n<div class=\"caption\">\n<p><span>Las velas salieron fuera del Agostino Gemelli Polyclinic, en Roma, el lunes 3 de marzo de 2025, donde el Papa Francisco ha sido hospitalizado desde el viernes 14 de febrero. <\/span> <span>(AP\/Mosa&#8217;ab Elshamy)<\/span><\/p>\n<\/div>\n<\/div>\n<\/div>\n<p><i>Melissa Chrise de Fox News contribuy\u00f3 a este informe.<\/i><\/p>\n<p><i>Esta es una historia en desarrollo. Vuelva a consultar las actualizaciones.<\/i><\/p>\n<p> <!----> <\/p>\n<div class=\"article-meta\">\n<div class=\"author-bio\">\n<p>Greg Norman es reportero de Fox News Digital.<\/p>\n<\/div>\n<\/div>\n<\/div>\n\n","protected":false},"excerpt":{"rendered":"<p>El Papa Francisco sufri\u00f3 \u00abdos episodios de insuficiencia respiratoria aguda\u00bb el lunes, anunci\u00f3 el Vaticano. \u00abPor la tarde, se reanud\u00f3 la ventilaci\u00f3n mec\u00e1nica no invasiva\u00bb, agreg\u00f3 en un comunicado. \u00abEl Santo Padre siempre ha permanecido atento, orientado y colaborativo. El pron\u00f3stico sigue vigilado\u00bb. Las velas salieron fuera del Agostino Gemelli Polyclinic, en Roma, el lunes &hellip;<\/p>\n","protected":false},"author":1,"featured_media":17063,"comment_status":"open","ping_status":"open","sticky":false,"template":"","format":"standard","meta":{"fifu_image_url":"https:\/\/static.foxnews.com\/foxnews.com\/content\/uploads\/2025\/03\/pope-francis-candles.jpg","fifu_image_alt":"","footnotes":""},"categories":[13],"tags":[],"class_list":["post-17061","post","type-post","status-publish","format-standard","has-post-thumbnail","","category-mundo"],"_links":{"self":[{"href":"https:\/\/noticiasveraces.com\/index.php?rest_route=\/wp\/v2\/posts\/17061","targetHints":{"allow":["GET"]}}],"collection":[{"href":"https:\/\/noticiasveraces.com\/index.php?rest_route=\/wp\/v2\/posts"}],"about":[{"href":"https:\/\/noticiasveraces.com\/index.php?rest_route=\/wp\/v2\/types\/post"}],"author":[{"embeddable":true,"href":"https:\/\/noticiasveraces.com\/index.php?rest_route=\/wp\/v2\/users\/1"}],"replies":[{"embeddable":true,"href":"https:\/\/noticiasveraces.com\/index.php?rest_route=%2Fwp%2Fv2%2Fcomments&post=17061"}],"version-history":[{"count":0,"href":"https:\/\/noticiasveraces.com\/index.php?rest_route=\/wp\/v2\/posts\/17061\/revisions"}],"wp:featuredmedia":[{"embeddable":true,"href":"https:\/\/noticiasveraces.com\/index.php?rest_route=\/wp\/v2\/media\/17063"}],"wp:attachment":[{"href":"https:\/\/noticiasveraces.com\/index.php?rest_route=%2Fwp%2Fv2%2Fmedia&parent=17061"}],"wp:term":[{"taxonomy":"category","embeddable":true,"href":"https:\/\/noticiasveraces.com\/index.php?rest_route=%2Fwp%2Fv2%2Fcategories&post=17061"},{"taxonomy":"post_tag","embeddable":true,"href":"https:\/\/noticiasveraces.com\/index.php?rest_route=%2Fwp%2Fv2%2Ftags&post=17061"}],"curies":[{"name":"wp","href":"https:\/\/api.w.org\/{rel}","templated":true}]}}