{"id":17046,"date":"2025-03-03T12:57:32","date_gmt":"2025-03-03T16:57:32","guid":{"rendered":"https:\/\/noticiasveraces.com\/?p=17046"},"modified":"2025-03-03T12:57:32","modified_gmt":"2025-03-03T16:57:32","slug":"quiero-renovar-lo-antes-posible-aqui-todo-el-mundo-me-ama","status":"publish","type":"post","link":"https:\/\/noticiasveraces.com\/?p=17046","title":{"rendered":"\u00abQuiero renovar lo antes posible, aqu\u00ed todo el Mundo me ama\u00bb"},"content":{"rendered":"<p> \n<\/p>\n<div id=\"intext\">\n<p>Vinicius Jr dej\u00f3 Claro en Rueda de Prensa Que Quiere<b> renovar \u00ablo antes posible\u00bb el contrato<\/b> que le une al real madrid haasta 2027, y tambi\u00e9n valor\u00f3 la decisi\u00f3n de su club de no ir a la \u00daltima Gala del Bal\u00f3n de Oro.<\/p>\n<h2 class=\"title-h2\">\u00abQuiero Renovar lo Antes posible, Estoy Cumplido MIS Sue\u00f1os\u00bb<\/h2>\n<p>Sobre Su Futuro en El Club y Los Constantes Rumores del Inter\u00e9s de Arabia Saud\u00ed, El Brasile\u00f1o Dict\u00f3 Sentencia \u00ab:\u00bb<b>Estoy Cumpliito Mis Sue\u00f1os<\/b>Estoy Tranquilo y Quiero Renovar lo Antes posibles, Todos me quieren Mucho y <u>No Puedo estar en un sitio mejor que este.<\/u> Quiero se guirdo Historia, Ojal\u00e1 Marcar M\u00e1s Goles y Seguir Jugando Partidos Aqu\u00ed \u00ab, Empez\u00f3 Diciendo el Carioca.<\/p>\n<h2 class=\"title-h2\">\u00bfLo de no viajar a la gala? \u00abEl club me pidio que me quedara\u00bb<\/h2>\n<p>&#8216;Acallados&#8217; Ya Los Rumores Sobre Su ContinuiDad en Chamart\u00edn -habr\u00e1 Que Ver Este Verano- Tambi\u00e9n Respondi\u00f3 a la Pol\u00e9mica Sobre la \u00dasttima Gala del <b>Bal\u00f3n de Oro<\/b>: \u00abNo me siento Enga\u00f1ado por no Ganarlo, yo ten\u00eda mis puensamientos Pero ganarlo nunca fue mi sue\u00f1o\u00bb. Sobre la decisi\u00f3n de no viajar a par\u00eds &#8230; \u00abYo hugo lo que el club manda y <b>el club me pidio quedarme en madrid<\/b>\u00ab.<\/p>\n<p>ACERCA del DOLO Europa y <b>de su reciente nivel<\/b> (1 gol y 1 asistencia en los \u00faltimos 9 partidos): \u00abContra el Betis falt\u00f3 de todo, pero al menos pas\u00f3 ah\u00ed y no ma\u00f1ana, que si fallas te vas a casa. Estoy jugando bien y lo bueno es que cuando llega el tramo m\u00e1s importante de la temporada nosotros jugamos mejor\u00bb.<\/p>\n<p>Tras el Ariete Lleg\u00f3 El Turno de Ancelotti, Que Tiene Claro Que la Eliminatoria se sentenciar en el Metropolitano y Que no Cambiar\u00e1 la forma de Jugar: \u00ab<b>Quiero Mantener la Misma Idea<\/b>\u00ab, Responde el Italiano Acerca de la Duda de Formar Con 4-4-2 y 4-3-3 Sabirdo Que <u>No Contar\u00e1 Con Bellingham y Ceballos<\/u>Pudido Sustituir a Estos por Brahim y Modric. Parece que no ser\u00e1 as\u00ed. Dio Buenas Noticias Sobre la Presencia o no de Valverde (se ha perdidos los \u00daltimos tres): \u00abDespu\u00e9s del atrenamiento de Hoy Tomaremos la decisi\u00f3n pero Ayer Tuvo Buenas Sensaciones\u00bb. El Italiano Asegur\u00f3 Que de No Estar Valverde Ser\u00e1 Lucas El Lateral. Camavi\u00f1ando y Asencio Ganan MUERCA ENTEROS PARA PARTIR COMO Titulares.<\/p>\n<h2 class=\"title-h2\">\u00abHay Dos Tipos de Jugadores: Los Que Corren y Los Que Marcan La Diferencia\u00bb<\/h2>\n<p>Tambi\u00e9n Ech\u00f3 Un Capote A Su Tridente Ofensivo, Objeto de Cryticas Sobre Su Poca Participaci\u00f3n en Defensa: \u00ab<b>Hay dos Tipos de Jugadores: Los Que Corren y Los Que Marcan La Diferencia<\/b>Si Alguien Quiere estar en el Medio No Puede ser. O Corres o Marcas la Diferencia \u00ab.<\/p>\n<p>Concluy\u00f3 Rindi\u00e9ndosa a Su Hom\u00f3nimo en el Atl\u00e9tico: \u00bfSimeone? Lo Ha Hecho Muy Bien en El Atleti, Lo Ha Llevado Al M\u00e1ximo Nivel en Europa. De \u00e9l me gusta la lectura que hace de los partidos, c\u00f3mo mete al upoPo en el Campo, la estrategia, el compromiso que tiene a nivel defensivo el upoquio. TODO ESTO ME GUSTA MUCHO \u00ab.<\/p>\n<p><i>S\u00edguenos en nuestro canal de whatsapp y no te Pierdas la \u00daLtima Hora y Toda la actualidad de antena3noticias.com<\/i><\/p>\n<div class=\"recirculation-video\" data-mod=\"a3mod_recirculation_video\">\n<div class=\"recirculation-video-wrapper\">\n<div>\n<div class=\"video-wrapper\">\n  <picture class=\"video-main-picture\"><source media=\"(min-width: 481px)\" srcset=\"https:\/\/fotografias.antena3.com\/clipping\/cmsimages01\/2025\/03\/02\/9FF150BB-F386-47F5-AE0F-10AB3730A923\/aidan-croft-piloto-que-sufrio-avalancha_94.jpg?crop=1614,908,x144,y0&amp;width=800&amp;height=450&amp;optimize=medium&amp;format=webply\" width=\"800\" height=\"450\"><source media=\"(min-width: 391px) and (max-width: 480px)\" srcset=\"https:\/\/fotografias.antena3.com\/clipping\/cmsimages01\/2025\/03\/02\/9FF150BB-F386-47F5-AE0F-10AB3730A923\/aidan-croft-piloto-que-sufrio-avalancha_70.jpg?crop=1614,908,x144,y0&amp;width=480&amp;height=270&amp;optimize=high&amp;format=webply\" width=\"480\" height=\"270\"><source media=\"(min-width: 321px) and (max-width: 390px)\" srcset=\"https:\/\/fotografias.antena3.com\/clipping\/cmsimages01\/2025\/03\/02\/9FF150BB-F386-47F5-AE0F-10AB3730A923\/aidan-croft-piloto-que-sufrio-avalancha_92.jpg?crop=1617,908,x141,y0&amp;width=390&amp;height=219&amp;optimize=high&amp;format=webply\" width=\"390\" height=\"219\"><source media=\"(max-width: 320px)\" srcset=\"https:\/\/fotografias.antena3.com\/clipping\/cmsimages01\/2025\/03\/02\/9FF150BB-F386-47F5-AE0F-10AB3730A923\/aidan-croft-piloto-que-sufrio-avalancha_52.jpg?crop=1614,908,x144,y0&amp;width=320&amp;height=180&amp;optimize=high&amp;format=webply\" width=\"320\" height=\"180\"><img decoding=\"async\" title=\"Aidan Croft, piloto que sufri\u00f3 una avalancha\" alt=\"Aidan Croft, piloto que sufri\u00f3 una avalancha\" width=\"480\" height=\"270\" src=\"https:\/\/fotografias.antena3.com\/clipping\/cmsimages01\/2025\/03\/02\/9FF150BB-F386-47F5-AE0F-10AB3730A923\/aidan-croft-piloto-que-sufrio-avalancha_70.jpg?crop=1614,908,x144,y0&amp;width=480&amp;height=270&amp;optimize=high&amp;format=webply\" loading=\"lazy\" class=\"lazy\"\/><br \/>\n  <\/source><\/source><\/source><\/source><\/picture>\n <\/div>\n<\/div><\/div>\n<\/p><\/div>\n<\/div>\n\n","protected":false},"excerpt":{"rendered":"<p>Vinicius Jr dej\u00f3 Claro en Rueda de Prensa Que Quiere renovar \u00ablo antes posible\u00bb el contrato que le une al real madrid haasta 2027, y tambi\u00e9n valor\u00f3 la decisi\u00f3n de su club de no ir a la \u00daltima Gala del Bal\u00f3n de Oro. \u00abQuiero Renovar lo Antes posible, Estoy Cumplido MIS Sue\u00f1os\u00bb Sobre Su Futuro &hellip;<\/p>\n","protected":false},"author":1,"featured_media":17048,"comment_status":"open","ping_status":"open","sticky":false,"template":"","format":"standard","meta":{"fifu_image_url":"https:\/\/fotografias.antena3.com\/clipping\/cmsimages02\/2025\/03\/03\/BC9BC428-CBE0-4853-A3DA-7030517A9A5F\/vinicius-rueda-prensa_69.jpg?crop=3560,2003,x0,y372&width=1280&height=720&optimize=low&format=jpg","fifu_image_alt":"","footnotes":""},"categories":[6],"tags":[],"class_list":["post-17046","post","type-post","status-publish","format-standard","has-post-thumbnail","","category-deportes"],"_links":{"self":[{"href":"https:\/\/noticiasveraces.com\/index.php?rest_route=\/wp\/v2\/posts\/17046","targetHints":{"allow":["GET"]}}],"collection":[{"href":"https:\/\/noticiasveraces.com\/index.php?rest_route=\/wp\/v2\/posts"}],"about":[{"href":"https:\/\/noticiasveraces.com\/index.php?rest_route=\/wp\/v2\/types\/post"}],"author":[{"embeddable":true,"href":"https:\/\/noticiasveraces.com\/index.php?rest_route=\/wp\/v2\/users\/1"}],"replies":[{"embeddable":true,"href":"https:\/\/noticiasveraces.com\/index.php?rest_route=%2Fwp%2Fv2%2Fcomments&post=17046"}],"version-history":[{"count":0,"href":"https:\/\/noticiasveraces.com\/index.php?rest_route=\/wp\/v2\/posts\/17046\/revisions"}],"wp:featuredmedia":[{"embeddable":true,"href":"https:\/\/noticiasveraces.com\/index.php?rest_route=\/wp\/v2\/media\/17048"}],"wp:attachment":[{"href":"https:\/\/noticiasveraces.com\/index.php?rest_route=%2Fwp%2Fv2%2Fmedia&parent=17046"}],"wp:term":[{"taxonomy":"category","embeddable":true,"href":"https:\/\/noticiasveraces.com\/index.php?rest_route=%2Fwp%2Fv2%2Fcategories&post=17046"},{"taxonomy":"post_tag","embeddable":true,"href":"https:\/\/noticiasveraces.com\/index.php?rest_route=%2Fwp%2Fv2%2Ftags&post=17046"}],"curies":[{"name":"wp","href":"https:\/\/api.w.org\/{rel}","templated":true}]}}