{"id":17023,"date":"2025-03-03T10:21:06","date_gmt":"2025-03-03T14:21:06","guid":{"rendered":"https:\/\/noticiasveraces.com\/?p=17023"},"modified":"2025-03-03T10:21:06","modified_gmt":"2025-03-03T14:21:06","slug":"sospechoso-de-los-carneros-del-vehiculo-a-la-multitud-en-mannheim-alemania-dejando-1-muerto-multiples-heridos-informes","status":"publish","type":"post","link":"https:\/\/noticiasveraces.com\/?p=17023","title":{"rendered":"Sospechoso de los carneros del veh\u00edculo a la multitud en Mannheim, Alemania, dejando 1 muerto, m\u00faltiples heridos: informes"},"content":{"rendered":"<p> \n<\/p>\n<div>\n<p class=\"speakable\">Un sospechoso meti\u00f3 un autom\u00f3vil en una multitud de personas en Mannheim, Alemania, el lunes, matando a una persona e hiriendo a varias otras, seg\u00fan los informes.<\/p>\n<p class=\"speakable\">La polic\u00eda dijo que el sospechoso est\u00e1 bajo custodia. Los medios locales informaron que un autom\u00f3vil conduc\u00eda a una alta velocidad de velocidad en la multitud en la Plaza Paradeplatz de Mannheim, seg\u00fan Reuters. <\/p>\n<p>Ahora se insta a los lugare\u00f1os a evitar el centro de la ciudad en Mannheim debido a la actividad policial.  <\/p>\n<p>\u00abPodemos confirmar que un autor fue arrestado\u00bb, dijo el portavoz de la polic\u00eda Stefan Wilhelm a The Associated Press. \u00abTodav\u00eda no podemos dar informaci\u00f3n sobre si hab\u00eda m\u00e1s perpetradores\u00bb. <\/p>\n<p><strong>Sospechoso en el ataque automovil\u00edstico de Munich ten\u00eda &#8216;motivaci\u00f3n islamista&#8217;, dice el fiscal<\/strong><\/p>\n<div class=\"image-ct inline\">\n<div class=\"m\"><picture><source media=\"(max-width: 767px)\" srcset=\"https:\/\/a57.foxnews.com\/static.foxnews.com\/foxnews.com\/content\/uploads\/2025\/03\/343\/192\/mannheim-germany-3.jpg?ve=1&amp;tl=1, https:\/\/a57.foxnews.com\/static.foxnews.com\/foxnews.com\/content\/uploads\/2025\/03\/686\/384\/mannheim-germany-3.jpg?ve=1&amp;tl=1 2x\" height=\"192\" width=\"343\"><source media=\"(min-width: 768px) and (max-width: 1023px)\" srcset=\"https:\/\/a57.foxnews.com\/static.foxnews.com\/foxnews.com\/content\/uploads\/2025\/03\/672\/378\/mannheim-germany-3.jpg?ve=1&amp;tl=1, https:\/\/a57.foxnews.com\/static.foxnews.com\/foxnews.com\/content\/uploads\/2025\/03\/1344\/756\/mannheim-germany-3.jpg?ve=1&amp;tl=1 2x\" height=\"378\" width=\"672\"><source media=\"(min-width: 1024px) and (max-width: 1279px)\" srcset=\"https:\/\/a57.foxnews.com\/static.foxnews.com\/foxnews.com\/content\/uploads\/2025\/03\/931\/523\/mannheim-germany-3.jpg?ve=1&amp;tl=1, https:\/\/a57.foxnews.com\/static.foxnews.com\/foxnews.com\/content\/uploads\/2025\/03\/1862\/1046\/mannheim-germany-3.jpg?ve=1&amp;tl=1 2x\" height=\"523\" width=\"931\"><source media=\"(min-width: 1280px)\" srcset=\"https:\/\/a57.foxnews.com\/static.foxnews.com\/foxnews.com\/content\/uploads\/2025\/03\/720\/405\/mannheim-germany-3.jpg?ve=1&amp;tl=1, https:\/\/a57.foxnews.com\/static.foxnews.com\/foxnews.com\/content\/uploads\/2025\/03\/1440\/810\/mannheim-germany-3.jpg?ve=1&amp;tl=1 2x\" height=\"405\" width=\"720\"><img loading=\"lazy\" decoding=\"async\" src=\"https:\/\/a57.foxnews.com\/static.foxnews.com\/foxnews.com\/content\/uploads\/2025\/03\/1200\/675\/mannheim-germany-3.jpg?ve=1&amp;tl=1\" alt=\"Escena de ataque de embalsado de autos de Alemania\" width=\"1200\" height=\"675\"\/><\/source><\/source><\/source><\/source><\/picture><\/div>\n<div class=\"info\">\n<div class=\"caption\">\n<p><span>Los oficiales de polic\u00eda se paran junto a un veh\u00edculo da\u00f1ado en el centro de la ciudad de Mannheim, Alemania, el lunes 3 de marzo.<\/span> <span>(Boris Roessler\/DPA a trav\u00e9s de AP)<\/span><\/p>\n<\/div>\n<\/div>\n<\/div>\n<p>La ministra del Interior alemana, Nancy Faeser, cancel\u00f3 su participaci\u00f3n en el Carnival Street Parade en Colonia debido a los eventos en Mannheim.<\/p>\n<p>\u00abEl enfoque ahora est\u00e1 en salvar vidas, tratar a los heridos y las investigaciones iniciales de las autoridades en Mannheim\u00bb, dijo un portavoz del Ministerio del Interior a la Agencia de Noticias DPA.<\/p>\n<p>El incidente ocurri\u00f3 semanas despu\u00e9s de que un ataque de embestida de autom\u00f3viles en Munich dej\u00f3 a una ni\u00f1a de 2 a\u00f1os y a su madre muerta.<\/p>\n<p><strong>El nuevo l\u00edder conservador de Alemania busca \u00ablograr la independencia\u00bb de nosotros<\/strong><\/p>\n<div class=\"image-ct inline\">\n<div class=\"m\"><picture><source media=\"(max-width: 767px)\" srcset=\"https:\/\/a57.foxnews.com\/static.foxnews.com\/foxnews.com\/content\/uploads\/2025\/03\/343\/192\/mannheim-germany-2.jpg?ve=1&amp;tl=1, https:\/\/a57.foxnews.com\/static.foxnews.com\/foxnews.com\/content\/uploads\/2025\/03\/686\/384\/mannheim-germany-2.jpg?ve=1&amp;tl=1 2x\" height=\"192\" width=\"343\"><source media=\"(min-width: 768px) and (max-width: 1023px)\" srcset=\"https:\/\/a57.foxnews.com\/static.foxnews.com\/foxnews.com\/content\/uploads\/2025\/03\/672\/378\/mannheim-germany-2.jpg?ve=1&amp;tl=1, https:\/\/a57.foxnews.com\/static.foxnews.com\/foxnews.com\/content\/uploads\/2025\/03\/1344\/756\/mannheim-germany-2.jpg?ve=1&amp;tl=1 2x\" height=\"378\" width=\"672\"><source media=\"(min-width: 1024px) and (max-width: 1279px)\" srcset=\"https:\/\/a57.foxnews.com\/static.foxnews.com\/foxnews.com\/content\/uploads\/2025\/03\/931\/523\/mannheim-germany-2.jpg?ve=1&amp;tl=1, https:\/\/a57.foxnews.com\/static.foxnews.com\/foxnews.com\/content\/uploads\/2025\/03\/1862\/1046\/mannheim-germany-2.jpg?ve=1&amp;tl=1 2x\" height=\"523\" width=\"931\"><source media=\"(min-width: 1280px)\" srcset=\"https:\/\/a57.foxnews.com\/static.foxnews.com\/foxnews.com\/content\/uploads\/2025\/03\/720\/405\/mannheim-germany-2.jpg?ve=1&amp;tl=1, https:\/\/a57.foxnews.com\/static.foxnews.com\/foxnews.com\/content\/uploads\/2025\/03\/1440\/810\/mannheim-germany-2.jpg?ve=1&amp;tl=1 2x\" height=\"405\" width=\"720\"><img loading=\"lazy\" decoding=\"async\" src=\"https:\/\/a57.foxnews.com\/static.foxnews.com\/foxnews.com\/content\/uploads\/2025\/03\/1200\/675\/mannheim-germany-2.jpg?ve=1&amp;tl=1\" alt=\"Ataque de embalses de autos en Alemania\" width=\"1200\" height=\"675\"\/><\/source><\/source><\/source><\/source><\/picture><\/div>\n<div class=\"info\">\n<div class=\"caption\">\n<p><span>Los escombros se ve dispersos en las calles de Mannehim, Alemania, luego del ataque informado de embestida de autom\u00f3viles el lunes 3 de marzo.<\/span> <span>(Dieter Leder\/DPA a trav\u00e9s de AP)<\/span><\/p>\n<\/div>\n<\/div>\n<\/div>\n<p>Ese ataque ocurri\u00f3 un d\u00eda antes de que el vicepresidente JD Vance y otros se reunieran en Munich para la Conferencia de Seguridad de Munich.<\/p>\n<p>Los fiscales alemanes luego dijeron que el sospechoso del incidente de Munich, un afgano de 24 a\u00f1os, parec\u00eda haber sido motivado por el extremismo isl\u00e1mico.<\/p>\n<p>El a\u00f1o pasado, seis personas tambi\u00e9n fueron asesinadas y m\u00e1s de 200 heridas cuando un autom\u00f3vil se estrell\u00f3 contra un mercado navide\u00f1o en el este de la ciudad de Magdeburgo de Alemania. <\/p>\n<div class=\"image-ct inline\">\n<div class=\"m\"><picture><source media=\"(max-width: 767px)\" srcset=\"https:\/\/a57.foxnews.com\/static.foxnews.com\/foxnews.com\/content\/uploads\/2025\/03\/343\/192\/mannheim-germany.jpg?ve=1&amp;tl=1, https:\/\/a57.foxnews.com\/static.foxnews.com\/foxnews.com\/content\/uploads\/2025\/03\/686\/384\/mannheim-germany.jpg?ve=1&amp;tl=1 2x\" height=\"192\" width=\"343\"><source media=\"(min-width: 768px) and (max-width: 1023px)\" srcset=\"https:\/\/a57.foxnews.com\/static.foxnews.com\/foxnews.com\/content\/uploads\/2025\/03\/672\/378\/mannheim-germany.jpg?ve=1&amp;tl=1, https:\/\/a57.foxnews.com\/static.foxnews.com\/foxnews.com\/content\/uploads\/2025\/03\/1344\/756\/mannheim-germany.jpg?ve=1&amp;tl=1 2x\" height=\"378\" width=\"672\"><source media=\"(min-width: 1024px) and (max-width: 1279px)\" srcset=\"https:\/\/a57.foxnews.com\/static.foxnews.com\/foxnews.com\/content\/uploads\/2025\/03\/931\/523\/mannheim-germany.jpg?ve=1&amp;tl=1, https:\/\/a57.foxnews.com\/static.foxnews.com\/foxnews.com\/content\/uploads\/2025\/03\/1862\/1046\/mannheim-germany.jpg?ve=1&amp;tl=1 2x\" height=\"523\" width=\"931\"><source media=\"(min-width: 1280px)\" srcset=\"https:\/\/a57.foxnews.com\/static.foxnews.com\/foxnews.com\/content\/uploads\/2025\/03\/720\/405\/mannheim-germany.jpg?ve=1&amp;tl=1, https:\/\/a57.foxnews.com\/static.foxnews.com\/foxnews.com\/content\/uploads\/2025\/03\/1440\/810\/mannheim-germany.jpg?ve=1&amp;tl=1 2x\" height=\"405\" width=\"720\"><img loading=\"lazy\" decoding=\"async\" src=\"https:\/\/a57.foxnews.com\/static.foxnews.com\/foxnews.com\/content\/uploads\/2025\/03\/1200\/675\/mannheim-germany.jpg?ve=1&amp;tl=1\" alt=\"Escena de embromado de autos de Alemania\" width=\"1200\" height=\"675\"\/><\/source><\/source><\/source><\/source><\/picture><\/div>\n<div class=\"info\">\n<div class=\"caption\">\n<p><span>Los servicios de emergencia y la polic\u00eda se encuentran en Paradeplatz en Mannheim, Alemania, luego del incidente el lunes 3 de marzo.<\/span> <span>(Ren\u00e9 Priebe\/DPA a trav\u00e9s de AP)<\/span><\/p>\n<\/div>\n<\/div>\n<\/div>\n<p><strong><u>Haga clic aqu\u00ed para obtener la aplicaci\u00f3n Fox News<\/u><\/strong> <\/p>\n<p>El sospechoso, que fue arrestado, era un m\u00e9dico de 50 a\u00f1os originario de Arabia Saudita que hab\u00eda expresado opiniones anti-musulmanas y apoyo a la alternativa antiinmigrante de extrema derecha para el partido de Alemania, inform\u00f3 la AP.<\/p>\n<p><i>Thomas Ferraro de Fox News y The Associated Press contribuyeron a este informe.<\/i> <\/p>\n<p> <!----> <\/p>\n<div class=\"article-meta\">\n<div class=\"author-bio\">\n<p>Greg Norman es reportero de Fox News Digital.<\/p>\n<\/div>\n<\/div>\n<\/div>\n\n","protected":false},"excerpt":{"rendered":"<p>Un sospechoso meti\u00f3 un autom\u00f3vil en una multitud de personas en Mannheim, Alemania, el lunes, matando a una persona e hiriendo a varias otras, seg\u00fan los informes. La polic\u00eda dijo que el sospechoso est\u00e1 bajo custodia. Los medios locales informaron que un autom\u00f3vil conduc\u00eda a una alta velocidad de velocidad en la multitud en la &hellip;<\/p>\n","protected":false},"author":1,"featured_media":17025,"comment_status":"open","ping_status":"open","sticky":false,"template":"","format":"standard","meta":{"fifu_image_url":"https:\/\/static.foxnews.com\/foxnews.com\/content\/uploads\/2025\/03\/mannheim-germany-3.jpg","fifu_image_alt":"","footnotes":""},"categories":[13],"tags":[],"class_list":["post-17023","post","type-post","status-publish","format-standard","has-post-thumbnail","","category-mundo"],"_links":{"self":[{"href":"https:\/\/noticiasveraces.com\/index.php?rest_route=\/wp\/v2\/posts\/17023","targetHints":{"allow":["GET"]}}],"collection":[{"href":"https:\/\/noticiasveraces.com\/index.php?rest_route=\/wp\/v2\/posts"}],"about":[{"href":"https:\/\/noticiasveraces.com\/index.php?rest_route=\/wp\/v2\/types\/post"}],"author":[{"embeddable":true,"href":"https:\/\/noticiasveraces.com\/index.php?rest_route=\/wp\/v2\/users\/1"}],"replies":[{"embeddable":true,"href":"https:\/\/noticiasveraces.com\/index.php?rest_route=%2Fwp%2Fv2%2Fcomments&post=17023"}],"version-history":[{"count":0,"href":"https:\/\/noticiasveraces.com\/index.php?rest_route=\/wp\/v2\/posts\/17023\/revisions"}],"wp:featuredmedia":[{"embeddable":true,"href":"https:\/\/noticiasveraces.com\/index.php?rest_route=\/wp\/v2\/media\/17025"}],"wp:attachment":[{"href":"https:\/\/noticiasveraces.com\/index.php?rest_route=%2Fwp%2Fv2%2Fmedia&parent=17023"}],"wp:term":[{"taxonomy":"category","embeddable":true,"href":"https:\/\/noticiasveraces.com\/index.php?rest_route=%2Fwp%2Fv2%2Fcategories&post=17023"},{"taxonomy":"post_tag","embeddable":true,"href":"https:\/\/noticiasveraces.com\/index.php?rest_route=%2Fwp%2Fv2%2Ftags&post=17023"}],"curies":[{"name":"wp","href":"https:\/\/api.w.org\/{rel}","templated":true}]}}