{"id":17017,"date":"2025-03-03T08:19:43","date_gmt":"2025-03-03T12:19:43","guid":{"rendered":"https:\/\/noticiasveraces.com\/?p=17017"},"modified":"2025-03-03T08:19:43","modified_gmt":"2025-03-03T12:19:43","slug":"los-lideres-evangelicos-instan-al-presidente-trump-a-reconocer-la-soberania-israeli-a-cisjordania","status":"publish","type":"post","link":"https:\/\/noticiasveraces.com\/?p=17017","title":{"rendered":"Los l\u00edderes evang\u00e9licos instan al presidente Trump a reconocer la soberan\u00eda israel\u00ed a Cisjordania"},"content":{"rendered":"<p> \n<\/p>\n<div>\n<div class=\"article-gating gated-overlay show-gate\">\n<div class=\"article-gating-wrapper\">\n<p>\u00danase a Fox News para acceder a este contenido<\/p>\n<p>Has alcanzado su n\u00famero m\u00e1ximo de art\u00edculos. Inicie sesi\u00f3n o cree una cuenta de forma gratuita para continuar leyendo.<\/p>\n<div class=\"article-gating-legal tablet-desktop\">Al ingresar su correo electr\u00f3nico y presionar continuar, usted acepta los t\u00e9rminos de uso y la pol\u00edtica de privacidad de Fox News, que incluye nuestro aviso de incentivo financiero.\n    <\/div>\n<p><span>Por favor, introduce una direcci\u00f3n de correo electr\u00f3nico v\u00e1lida.<\/span><\/p>\n<footer class=\"article-gating-footer\">\u00bfTiene problemas? Haga clic aqu\u00ed.<\/footer>\n<\/div>\n<\/div>\n<p class=\"speakable\">Tel Aviv, Israel &#8211; La semana pasada, un grupo influyente de cristianos estadounidenses reafirm\u00f3 p\u00fablicamente el derecho del pueblo jud\u00edo a Judea y Samaria como el coraz\u00f3n b\u00edblico de Israel. El \u00e1rea de Judea y Samaria se conoce m\u00e1s com\u00fanmente como Cisjordania.<\/p>\n<p class=\"speakable\">La declaraci\u00f3n fue presentada en la Convenci\u00f3n Anual de Ralocadores Religiosos Nacionales en Dallas por los l\u00edderes cristianos estadounidenses para Israel y se esperaba que los 3,000 l\u00edderes religiosos fueran firmados antes del presidente Donald Trump. <\/p>\n<p>El impulso para aplicar la soberan\u00eda israel\u00ed al \u00e1rea se produce despu\u00e9s de que Trump dijo el mes pasado que su administraci\u00f3n har\u00eda un anuncio sobre el asunto en las pr\u00f3ximas semanas cuando se le pregunt\u00f3 sobre la anexi\u00f3n.<\/p>\n<p>Los acuerdos de Oslo, forjados bajo la administraci\u00f3n Clinton, dividieron la Cisjordania en tres regiones: \u00c1rea A, bajo la jurisdicci\u00f3n palestina completa; \u00c1rea B, bajo Administraci\u00f3n Civil Palestina y Control de Seguridad Israel\u00ed; y \u00c1rea C, bajo la autoridad israel\u00ed completa.<\/p>\n<p><strong>L\u00ednea de tiempo del israel\u00ed-\u00e1rabe de d\u00e9cadas, conflicto palestino<\/strong><\/p>\n<div class=\"image-ct inline\">\n<div class=\"m\"><picture><source media=\"(max-width: 767px)\" srcset=\"https:\/\/a57.foxnews.com\/static.foxnews.com\/foxnews.com\/content\/uploads\/2025\/03\/343\/192\/cave-of-the-patriarchs-in-hebron-scaled.jpg?ve=1&amp;tl=1, https:\/\/a57.foxnews.com\/static.foxnews.com\/foxnews.com\/content\/uploads\/2025\/03\/686\/384\/cave-of-the-patriarchs-in-hebron-scaled.jpg?ve=1&amp;tl=1 2x\" height=\"192\" width=\"343\"><source media=\"(min-width: 768px) and (max-width: 1023px)\" srcset=\"https:\/\/a57.foxnews.com\/static.foxnews.com\/foxnews.com\/content\/uploads\/2025\/03\/672\/378\/cave-of-the-patriarchs-in-hebron-scaled.jpg?ve=1&amp;tl=1, https:\/\/a57.foxnews.com\/static.foxnews.com\/foxnews.com\/content\/uploads\/2025\/03\/1344\/756\/cave-of-the-patriarchs-in-hebron-scaled.jpg?ve=1&amp;tl=1 2x\" height=\"378\" width=\"672\"><source media=\"(min-width: 1024px) and (max-width: 1279px)\" srcset=\"https:\/\/a57.foxnews.com\/static.foxnews.com\/foxnews.com\/content\/uploads\/2025\/03\/931\/523\/cave-of-the-patriarchs-in-hebron-scaled.jpg?ve=1&amp;tl=1, https:\/\/a57.foxnews.com\/static.foxnews.com\/foxnews.com\/content\/uploads\/2025\/03\/1862\/1046\/cave-of-the-patriarchs-in-hebron-scaled.jpg?ve=1&amp;tl=1 2x\" height=\"523\" width=\"931\"><source media=\"(min-width: 1280px)\" srcset=\"https:\/\/a57.foxnews.com\/static.foxnews.com\/foxnews.com\/content\/uploads\/2025\/03\/720\/405\/cave-of-the-patriarchs-in-hebron-scaled.jpg?ve=1&amp;tl=1, https:\/\/a57.foxnews.com\/static.foxnews.com\/foxnews.com\/content\/uploads\/2025\/03\/1440\/810\/cave-of-the-patriarchs-in-hebron-scaled.jpg?ve=1&amp;tl=1 2x\" height=\"405\" width=\"720\"><img loading=\"lazy\" decoding=\"async\" src=\"https:\/\/a57.foxnews.com\/static.foxnews.com\/foxnews.com\/content\/uploads\/2025\/03\/1200\/675\/cave-of-the-patriarchs-in-hebron-scaled.jpg?ve=1&amp;tl=1\" alt=\"Cueva de los patriarcas en Hebr\u00f3n\" width=\"1200\" height=\"675\"\/><\/source><\/source><\/source><\/source><\/picture><\/div>\n<div class=\"info\">\n<div class=\"caption\">\n<p><span>La cueva de los patriarcas, tambi\u00e9n conocida como la cueva de Machpelah. El sitio es el lugar de entierro de los patriarcas y matriarcas del pueblo jud\u00edo, Abraham y Sarah, Isaac y Rebecca, Jacob y Leah, y est\u00e1 situado en Hebr\u00f3n en Judea y Samaria, tambi\u00e9n se conoce m\u00e1s com\u00fanmente como Cisjordania.<\/span> <!----><\/p>\n<\/div>\n<\/div>\n<\/div>\n<p>Un plan de Trump 2020, denominado paz a la prosperidad, imagin\u00f3 a Israel que anexionaba partes de Judea y Samaria, pero se archiv\u00f3 a favor de los acuerdos de Abraham, que normalizaban los lazos de Jerusal\u00e9n con cuatro pa\u00edses \u00e1rabes.<\/p>\n<p>\u00abLos evang\u00e9licos le dieron a Trump la presidencia. \u00c9l apoyar\u00e1 nuestra posici\u00f3n en la Biblia y por eso eligi\u00f3 a Mike Huckabee [as ambassador to Jerusalem]que apoya la soberan\u00eda israel\u00ed sobre Judea y Samaria \u00ab, dijo a Fox News Digital.<\/p>\n<p>La declaraci\u00f3n reafirma \u00abel derecho inalienable del pueblo jud\u00edo al coraz\u00f3n b\u00edblico de Israel y rechazar todos los esfuerzos, tanto de los Estados Unidos como de la comunidad internacional, para presionar al pueblo jud\u00edo a que renuncie a su patria ancestral en Judea como en Samaria\u00bb.<\/p>\n<div class=\"image-ct inline\">\n<div class=\"m\"><picture><source media=\"(max-width: 767px)\" srcset=\"https:\/\/a57.foxnews.com\/static.foxnews.com\/foxnews.com\/content\/uploads\/2025\/03\/343\/192\/tomb-of-joseph-samaria.jpg?ve=1&amp;tl=1, https:\/\/a57.foxnews.com\/static.foxnews.com\/foxnews.com\/content\/uploads\/2025\/03\/686\/384\/tomb-of-joseph-samaria.jpg?ve=1&amp;tl=1 2x\" height=\"192\" width=\"343\"><source media=\"(min-width: 768px) and (max-width: 1023px)\" srcset=\"https:\/\/a57.foxnews.com\/static.foxnews.com\/foxnews.com\/content\/uploads\/2025\/03\/672\/378\/tomb-of-joseph-samaria.jpg?ve=1&amp;tl=1, https:\/\/a57.foxnews.com\/static.foxnews.com\/foxnews.com\/content\/uploads\/2025\/03\/1344\/756\/tomb-of-joseph-samaria.jpg?ve=1&amp;tl=1 2x\" height=\"378\" width=\"672\"><source media=\"(min-width: 1024px) and (max-width: 1279px)\" srcset=\"https:\/\/a57.foxnews.com\/static.foxnews.com\/foxnews.com\/content\/uploads\/2025\/03\/931\/523\/tomb-of-joseph-samaria.jpg?ve=1&amp;tl=1, https:\/\/a57.foxnews.com\/static.foxnews.com\/foxnews.com\/content\/uploads\/2025\/03\/1862\/1046\/tomb-of-joseph-samaria.jpg?ve=1&amp;tl=1 2x\" height=\"523\" width=\"931\"><source media=\"(min-width: 1280px)\" srcset=\"https:\/\/a57.foxnews.com\/static.foxnews.com\/foxnews.com\/content\/uploads\/2025\/03\/720\/405\/tomb-of-joseph-samaria.jpg?ve=1&amp;tl=1, https:\/\/a57.foxnews.com\/static.foxnews.com\/foxnews.com\/content\/uploads\/2025\/03\/1440\/810\/tomb-of-joseph-samaria.jpg?ve=1&amp;tl=1 2x\" height=\"405\" width=\"720\"><img loading=\"lazy\" decoding=\"async\" src=\"https:\/\/a57.foxnews.com\/static.foxnews.com\/foxnews.com\/content\/uploads\/2025\/03\/1200\/675\/tomb-of-joseph-samaria.jpg?ve=1&amp;tl=1\" alt=\"La tumba de Joseph en Samaria.\" width=\"1200\" height=\"675\"\/><\/source><\/source><\/source><\/source><\/picture><\/div>\n<div class=\"info\">\n<div class=\"caption\">\n<p><span>La tumba de Joseph cerca de Shechem (Nablus). Samaria, 6 de julio de 2021.<\/span> <span>(Roe oz\/tps)<\/span><\/p>\n<\/div>\n<\/div>\n<\/div>\n<p>Evans dijo que los evang\u00e9licos apoyan a Israel \u00abporque creen en la claridad moral, el bien contra el mal, son amigos de Si\u00f3n. Ven que los jud\u00edos son asesinados porque son jud\u00edos, no por la tierra\u00bb.<\/p>\n<p>El pastor John Hagee, el influyente fundador y presidente de los cristianos unidos para Israel, le dijo a Fox News Digital que los evang\u00e9licos \u00abconocen al Dios de Abraham, Isaac y Jacob siempre mantendr\u00e1 su palabra a los hijos de Israel. De principio a fin, la Biblia es un documento sionista que exige que todos los creyentes est\u00e1n de pie y bendicionan y bendicen a Israel y su gente.<\/p>\n<p>\u00abDurante casi medio siglo, he estado predicando el mensaje que Israel no ocupa la tierra, Israel es due\u00f1o de la tierra, cuya acci\u00f3n se registra en las p\u00e1ginas de la Biblia. La tierra fue dotada por Dios al pueblo jud\u00edo durante todo el tiempo\u00bb, agreg\u00f3 Hagee.<\/p>\n<div class=\"image-ct inline\">\n<div class=\"m\"><picture><source media=\"(max-width: 767px)\" srcset=\"https:\/\/a57.foxnews.com\/static.foxnews.com\/foxnews.com\/content\/uploads\/2024\/01\/343\/192\/WhatsApp-Image-2021-02-11-at-08.12.42-e1704370920369-2.jpeg?ve=1&amp;tl=1, https:\/\/a57.foxnews.com\/static.foxnews.com\/foxnews.com\/content\/uploads\/2024\/01\/686\/384\/WhatsApp-Image-2021-02-11-at-08.12.42-e1704370920369-2.jpeg?ve=1&amp;tl=1 2x\" height=\"192\" width=\"343\"><source media=\"(min-width: 768px) and (max-width: 1023px)\" srcset=\"https:\/\/a57.foxnews.com\/static.foxnews.com\/foxnews.com\/content\/uploads\/2024\/01\/672\/378\/WhatsApp-Image-2021-02-11-at-08.12.42-e1704370920369-2.jpeg?ve=1&amp;tl=1, https:\/\/a57.foxnews.com\/static.foxnews.com\/foxnews.com\/content\/uploads\/2024\/01\/1344\/756\/WhatsApp-Image-2021-02-11-at-08.12.42-e1704370920369-2.jpeg?ve=1&amp;tl=1 2x\" height=\"378\" width=\"672\"><source media=\"(min-width: 1024px) and (max-width: 1279px)\" srcset=\"https:\/\/a57.foxnews.com\/static.foxnews.com\/foxnews.com\/content\/uploads\/2024\/01\/931\/523\/WhatsApp-Image-2021-02-11-at-08.12.42-e1704370920369-2.jpeg?ve=1&amp;tl=1, https:\/\/a57.foxnews.com\/static.foxnews.com\/foxnews.com\/content\/uploads\/2024\/01\/1862\/1046\/WhatsApp-Image-2021-02-11-at-08.12.42-e1704370920369-2.jpeg?ve=1&amp;tl=1 2x\" height=\"523\" width=\"931\"><source media=\"(min-width: 1280px)\" srcset=\"https:\/\/a57.foxnews.com\/static.foxnews.com\/foxnews.com\/content\/uploads\/2024\/01\/720\/405\/WhatsApp-Image-2021-02-11-at-08.12.42-e1704370920369-2.jpeg?ve=1&amp;tl=1, https:\/\/a57.foxnews.com\/static.foxnews.com\/foxnews.com\/content\/uploads\/2024\/01\/1440\/810\/WhatsApp-Image-2021-02-11-at-08.12.42-e1704370920369-2.jpeg?ve=1&amp;tl=1 2x\" height=\"405\" width=\"720\"><img loading=\"lazy\" decoding=\"async\" src=\"https:\/\/a57.foxnews.com\/static.foxnews.com\/foxnews.com\/content\/uploads\/2024\/01\/1200\/675\/WhatsApp-Image-2021-02-11-at-08.12.42-e1704370920369-2.jpeg?ve=1&amp;tl=1\" alt=\"Joshua alter desde arriba\" width=\"1200\" height=\"675\"\/><\/source><\/source><\/source><\/source><\/picture><\/div>\n<div class=\"info\">\n<div class=\"caption\">\n<p><span>Vista a\u00e9rea del alter de Joshua en Judea y Samaria, m\u00e1s com\u00fanmente conocida como Cisjordania.<\/span> <span>(TPS-IL)<\/span><\/p>\n<\/div>\n<\/div>\n<\/div>\n<p>A principios de esta semana, Fox News Digital inform\u00f3 que algunos legisladores republicanos dirigidos por la representante Claudia Tenney (RN.Y.) instaron al presidente a reconocer a Judea y Samaria como territorio israel\u00ed. Su carta al Presidente expres\u00f3 su apoyo a Jerusal\u00e9n que aplicaba la soberan\u00eda sobre el \u00e1rea, que los legisladores dijeron que era \u00abel coraz\u00f3n de nuestra herencia judeocristiana compartida\u00bb.<\/p>\n<p>El presidente del parlamento de Israel, Amir Ohana, el 23 de febrero, inst\u00f3 al gobierno en Jerusal\u00e9n a extender la soberan\u00eda sobre Judea y Samaria, diciendo que el control total sobre la regi\u00f3n era la \u00ab\u00fanica forma\u00bb para lograr una paz duradera.<\/p>\n<p>Otro legislador de Likud, Dan Illouz, le dijo a Fox News Digital que la masacre del 7 de octubre de 2023 de Hamas \u00abdemostr\u00f3 que cualquier retiro, cualquier concesi\u00f3n, cualquier ilusi\u00f3n de coexistencia con quienes buscan nuestra destrucci\u00f3n no solo es ingenuo, es suicida &#8230; Nos retiramos de Gaza, y en el regreso obtuvimos Hamas y la masacre de nuestra gente.<\/p>\n<p><strong>Atrapado en Gaza: los residentes hablan cuando Egipto bloquea la salida, rechaza el plan de reubicaci\u00f3n de Trump<\/strong><\/p>\n<div class=\"image-ct inline\">\n<div class=\"m\"><picture><source media=\"(max-width: 767px)\" srcset=\"https:\/\/a57.foxnews.com\/static.foxnews.com\/foxnews.com\/content\/uploads\/2025\/02\/343\/192\/netanyahutrump.jpg?ve=1&amp;tl=1, https:\/\/a57.foxnews.com\/static.foxnews.com\/foxnews.com\/content\/uploads\/2025\/02\/686\/384\/netanyahutrump.jpg?ve=1&amp;tl=1 2x\" height=\"192\" width=\"343\"><source media=\"(min-width: 768px) and (max-width: 1023px)\" srcset=\"https:\/\/a57.foxnews.com\/static.foxnews.com\/foxnews.com\/content\/uploads\/2025\/02\/672\/378\/netanyahutrump.jpg?ve=1&amp;tl=1, https:\/\/a57.foxnews.com\/static.foxnews.com\/foxnews.com\/content\/uploads\/2025\/02\/1344\/756\/netanyahutrump.jpg?ve=1&amp;tl=1 2x\" height=\"378\" width=\"672\"><source media=\"(min-width: 1024px) and (max-width: 1279px)\" srcset=\"https:\/\/a57.foxnews.com\/static.foxnews.com\/foxnews.com\/content\/uploads\/2025\/02\/931\/523\/netanyahutrump.jpg?ve=1&amp;tl=1, https:\/\/a57.foxnews.com\/static.foxnews.com\/foxnews.com\/content\/uploads\/2025\/02\/1862\/1046\/netanyahutrump.jpg?ve=1&amp;tl=1 2x\" height=\"523\" width=\"931\"><source media=\"(min-width: 1280px)\" srcset=\"https:\/\/a57.foxnews.com\/static.foxnews.com\/foxnews.com\/content\/uploads\/2025\/02\/720\/405\/netanyahutrump.jpg?ve=1&amp;tl=1, https:\/\/a57.foxnews.com\/static.foxnews.com\/foxnews.com\/content\/uploads\/2025\/02\/1440\/810\/netanyahutrump.jpg?ve=1&amp;tl=1 2x\" height=\"405\" width=\"720\"><img loading=\"lazy\" decoding=\"async\" src=\"https:\/\/a57.foxnews.com\/static.foxnews.com\/foxnews.com\/content\/uploads\/2025\/02\/1200\/675\/netanyahutrump.jpg?ve=1&amp;tl=1\" alt=\"Conferencia de prensa de Netanyahu Trump\" width=\"1200\" height=\"675\"\/><\/source><\/source><\/source><\/source><\/picture><\/div>\n<div class=\"info\">\n<div class=\"caption\">\n<p><span>El presidente Donald Trump, a la izquierda, y el primer ministro israel\u00ed Benjamin Netanyahu responden preguntas durante una conferencia de prensa conjunta en la sala este de la Casa Blanca en Washington, DC, el 4 de febrero de 2025.<\/span> <span>(Reuters\/Leah Millis)<\/span><\/p>\n<\/div>\n<\/div>\n<\/div>\n<p>\u00abUn impulso para la soberan\u00eda en Judea y Samaria ser\u00eda el final de Israel\u00bb, dijo Yossi Beilin, ex legislador israel\u00ed y arquitecto de los Acuerdos de Oslo de 1993 con los palestinos, a Fox News Digital. \u00abSi Israel se convirtiera en una minor\u00eda de jud\u00edos que dominan a la mayor\u00eda de los palestinos, no ser\u00eda ni jud\u00edo ni democr\u00e1tico. No creo que pueda suceder, pero solo ondeando esto [idea] es bastante malo \u00ab, dijo.<\/p>\n<p>\u00abEl derecho en Israel cree que Trump apoyar\u00eda lo que exigan. Pero hace cinco a\u00f1os, sugiri\u00f3 que podr\u00eda haber una soluci\u00f3n de dos estados. Como tal, no es tan claro como parece\u00bb, agreg\u00f3.<\/p>\n<p>A fines del mes pasado, Netanyahu orden\u00f3 a las Fuerzas de Defensa Israel\u00ed (FDI) que realizaran una operaci\u00f3n antiterrorista \u00abmasiva\u00bb en Judea y Samaria despu\u00e9s de que tres autobuses explotaron cerca de Tel Aviv, y se encontraron bombas en otras dos en lo que se est\u00e1 investigando como un ataque coordinado.<\/p>\n<div class=\"image-ct inline\">\n<div class=\"m\"><picture><source media=\"(max-width: 767px)\" srcset=\"https:\/\/a57.foxnews.com\/static.foxnews.com\/foxnews.com\/content\/uploads\/2025\/02\/343\/192\/2025-02-24t224716z_562587230_rc201dabheah_rtrmadp_3_israel-palestinians-jenin-tanks-scaled.jpg?ve=1&amp;tl=1, https:\/\/a57.foxnews.com\/static.foxnews.com\/foxnews.com\/content\/uploads\/2025\/02\/686\/384\/2025-02-24t224716z_562587230_rc201dabheah_rtrmadp_3_israel-palestinians-jenin-tanks-scaled.jpg?ve=1&amp;tl=1 2x\" height=\"192\" width=\"343\"><source media=\"(min-width: 768px) and (max-width: 1023px)\" srcset=\"https:\/\/a57.foxnews.com\/static.foxnews.com\/foxnews.com\/content\/uploads\/2025\/02\/672\/378\/2025-02-24t224716z_562587230_rc201dabheah_rtrmadp_3_israel-palestinians-jenin-tanks-scaled.jpg?ve=1&amp;tl=1, https:\/\/a57.foxnews.com\/static.foxnews.com\/foxnews.com\/content\/uploads\/2025\/02\/1344\/756\/2025-02-24t224716z_562587230_rc201dabheah_rtrmadp_3_israel-palestinians-jenin-tanks-scaled.jpg?ve=1&amp;tl=1 2x\" height=\"378\" width=\"672\"><source media=\"(min-width: 1024px) and (max-width: 1279px)\" srcset=\"https:\/\/a57.foxnews.com\/static.foxnews.com\/foxnews.com\/content\/uploads\/2025\/02\/931\/523\/2025-02-24t224716z_562587230_rc201dabheah_rtrmadp_3_israel-palestinians-jenin-tanks-scaled.jpg?ve=1&amp;tl=1, https:\/\/a57.foxnews.com\/static.foxnews.com\/foxnews.com\/content\/uploads\/2025\/02\/1862\/1046\/2025-02-24t224716z_562587230_rc201dabheah_rtrmadp_3_israel-palestinians-jenin-tanks-scaled.jpg?ve=1&amp;tl=1 2x\" height=\"523\" width=\"931\"><source media=\"(min-width: 1280px)\" srcset=\"https:\/\/a57.foxnews.com\/static.foxnews.com\/foxnews.com\/content\/uploads\/2025\/02\/720\/405\/2025-02-24t224716z_562587230_rc201dabheah_rtrmadp_3_israel-palestinians-jenin-tanks-scaled.jpg?ve=1&amp;tl=1, https:\/\/a57.foxnews.com\/static.foxnews.com\/foxnews.com\/content\/uploads\/2025\/02\/1440\/810\/2025-02-24t224716z_562587230_rc201dabheah_rtrmadp_3_israel-palestinians-jenin-tanks-scaled.jpg?ve=1&amp;tl=1 2x\" height=\"405\" width=\"720\"><img loading=\"lazy\" decoding=\"async\" src=\"https:\/\/a57.foxnews.com\/static.foxnews.com\/foxnews.com\/content\/uploads\/2025\/02\/1200\/675\/2025-02-24t224716z_562587230_rc201dabheah_rtrmadp_3_israel-palestinians-jenin-tanks-scaled.jpg?ve=1&amp;tl=1\" alt=\"IDF Operaci\u00f3n antiterrorista en Jenin.\" width=\"1200\" height=\"675\"\/><\/source><\/source><\/source><\/source><\/picture><\/div>\n<div class=\"info\">\n<div class=\"caption\">\n<p><span>Los soldados israel\u00edes participan en una operaci\u00f3n en Jenin, ya que busca eliminar grupos terroristas respaldados por iran\u00edes. 24 de febrero de 2025.<\/span> <span>(Reuters\/Raneen Sawafta)<\/span><\/p>\n<\/div>\n<\/div>\n<\/div>\n<p>\u00abEsta brutalidad y desplazamiento contundente de los civiles en Cisjordania &#8230; nunca se trat\u00f3 de defensa propia, sino m\u00e1s bien un esquema de expansi\u00f3n colonial y una campa\u00f1a de limpieza \u00e9tnica\u00bb, dijo a Fox News Digital Digital Digital Digital Digital.<\/p>\n<p>\u00abLa anexi\u00f3n de Cisjordania nos devolver\u00e1 a 1948 y destruir\u00e1 cualquier estabilidad futura o perspectivas de paz. Cada voz racional entiende demasiado bien que no hay forma de seguir excepto la soluci\u00f3n de dos estados; de lo contrario, conducir\u00e1 a estragos interminables\u00bb, agreg\u00f3.<\/p>\n<p>Israel Ganz, jefe del Consejo de Yesha, el grupo general que representa a las comunidades israel\u00edes en Judea y Samaria, est\u00e1 trabajando en conjunto con el gobierno en Jerusal\u00e9n para impulsar la soberan\u00eda.<\/p>\n<p><strong>El enviado de Trump Witkoff que busca la &#8216;extensi\u00f3n&#8217; de la Fase 1 del acuerdo de alto el fuego de Israel-Hamas, para regresar a Medio Oriente<\/strong><\/p>\n<div class=\"image-ct inline\">\n<div class=\"m\"><picture><source media=\"(max-width: 767px)\" srcset=\"https:\/\/a57.foxnews.com\/static.foxnews.com\/foxnews.com\/content\/uploads\/2025\/03\/343\/192\/pastor-hagee-cufi-gettyimages-1794362151-scaled.jpg?ve=1&amp;tl=1, https:\/\/a57.foxnews.com\/static.foxnews.com\/foxnews.com\/content\/uploads\/2025\/03\/686\/384\/pastor-hagee-cufi-gettyimages-1794362151-scaled.jpg?ve=1&amp;tl=1 2x\" height=\"192\" width=\"343\"><source media=\"(min-width: 768px) and (max-width: 1023px)\" srcset=\"https:\/\/a57.foxnews.com\/static.foxnews.com\/foxnews.com\/content\/uploads\/2025\/03\/672\/378\/pastor-hagee-cufi-gettyimages-1794362151-scaled.jpg?ve=1&amp;tl=1, https:\/\/a57.foxnews.com\/static.foxnews.com\/foxnews.com\/content\/uploads\/2025\/03\/1344\/756\/pastor-hagee-cufi-gettyimages-1794362151-scaled.jpg?ve=1&amp;tl=1 2x\" height=\"378\" width=\"672\"><source media=\"(min-width: 1024px) and (max-width: 1279px)\" srcset=\"https:\/\/a57.foxnews.com\/static.foxnews.com\/foxnews.com\/content\/uploads\/2025\/03\/931\/523\/pastor-hagee-cufi-gettyimages-1794362151-scaled.jpg?ve=1&amp;tl=1, https:\/\/a57.foxnews.com\/static.foxnews.com\/foxnews.com\/content\/uploads\/2025\/03\/1862\/1046\/pastor-hagee-cufi-gettyimages-1794362151-scaled.jpg?ve=1&amp;tl=1 2x\" height=\"523\" width=\"931\"><source media=\"(min-width: 1280px)\" srcset=\"https:\/\/a57.foxnews.com\/static.foxnews.com\/foxnews.com\/content\/uploads\/2025\/03\/720\/405\/pastor-hagee-cufi-gettyimages-1794362151-scaled.jpg?ve=1&amp;tl=1, https:\/\/a57.foxnews.com\/static.foxnews.com\/foxnews.com\/content\/uploads\/2025\/03\/1440\/810\/pastor-hagee-cufi-gettyimages-1794362151-scaled.jpg?ve=1&amp;tl=1 2x\" height=\"405\" width=\"720\"><img loading=\"lazy\" decoding=\"async\" src=\"https:\/\/a57.foxnews.com\/static.foxnews.com\/foxnews.com\/content\/uploads\/2025\/03\/1200\/675\/pastor-hagee-cufi-gettyimages-1794362151-scaled.jpg?ve=1&amp;tl=1\" alt=\"Marzo para Israel, Washington DC\" width=\"1200\" height=\"675\"\/><\/source><\/source><\/source><\/source><\/picture><\/div>\n<div class=\"info\">\n<div class=\"caption\">\n<p><span>El pastor John Hagee habla durante \u00abMarch for Israel\u00bb en el National Mall el 14 de noviembre de 2023 en Washington, DC<\/span> <!----><\/p>\n<\/div>\n<\/div>\n<\/div>\n<p>\u00abComenzamos una campa\u00f1a para impulsarlo, pero no lo haremos sin el apoyo de los Estados Unidos\u00bb, dijo a Fox News Digital. \u00abMuchos en la administraci\u00f3n Trump est\u00e1n muy conectados, conocen el \u00e1rea y creen en nuestro derecho a este lugar. Entienden que si quieren estabilizar la situaci\u00f3n, debemos tener soberan\u00eda en Judea y Samaria\u00bb.<\/p>\n<p>\u00abPara que Israel pueda continuar sobreviviendo y prosperando a lo largo de la llanura costera, que produce alrededor del 80% del PIB del pa\u00eds, entonces debe mantener el control de los altos terrenos en Judea y Samaria\u00bb, dijo el teniente coronel Jonathan Conricus (ret.), Un ex dep\u00f3sito internacional de las IDF y ahora un miembro senior de la Fundaci\u00f3n para la Defensa de la Democracia, dijo Fox News Digital.<\/p>\n<p>\u00abSi alguna otra entidad, palestina o no, sostiene eso, se utilizar\u00eda como una forma de amenazar la seguridad de Israel; su infraestructura central, incluido el aeropuerto de Ben-Gurion, y tambi\u00e9n su poblaci\u00f3n, concentrada en una franja estrecha entre Haifa [in the north] y ashdod [in the south]-Aproximadamente 15 kil\u00f3metros de ancho \u00ab, dijo.<\/p>\n<div class=\"image-ct inline\">\n<div class=\"m\"><picture><source media=\"(max-width: 767px)\" srcset=\"https:\/\/a57.foxnews.com\/static.foxnews.com\/foxnews.com\/content\/uploads\/2023\/07\/343\/192\/GettyImages-1422351268.jpg?ve=1&amp;tl=1, https:\/\/a57.foxnews.com\/static.foxnews.com\/foxnews.com\/content\/uploads\/2023\/07\/686\/384\/GettyImages-1422351268.jpg?ve=1&amp;tl=1 2x\" height=\"192\" width=\"343\"><source media=\"(min-width: 768px) and (max-width: 1023px)\" srcset=\"https:\/\/a57.foxnews.com\/static.foxnews.com\/foxnews.com\/content\/uploads\/2023\/07\/672\/378\/GettyImages-1422351268.jpg?ve=1&amp;tl=1, https:\/\/a57.foxnews.com\/static.foxnews.com\/foxnews.com\/content\/uploads\/2023\/07\/1344\/756\/GettyImages-1422351268.jpg?ve=1&amp;tl=1 2x\" height=\"378\" width=\"672\"><source media=\"(min-width: 1024px) and (max-width: 1279px)\" srcset=\"https:\/\/a57.foxnews.com\/static.foxnews.com\/foxnews.com\/content\/uploads\/2023\/07\/931\/523\/GettyImages-1422351268.jpg?ve=1&amp;tl=1, https:\/\/a57.foxnews.com\/static.foxnews.com\/foxnews.com\/content\/uploads\/2023\/07\/1862\/1046\/GettyImages-1422351268.jpg?ve=1&amp;tl=1 2x\" height=\"523\" width=\"931\"><source media=\"(min-width: 1280px)\" srcset=\"https:\/\/a57.foxnews.com\/static.foxnews.com\/foxnews.com\/content\/uploads\/2023\/07\/720\/405\/GettyImages-1422351268.jpg?ve=1&amp;tl=1, https:\/\/a57.foxnews.com\/static.foxnews.com\/foxnews.com\/content\/uploads\/2023\/07\/1440\/810\/GettyImages-1422351268.jpg?ve=1&amp;tl=1 2x\" height=\"405\" width=\"720\"><img loading=\"lazy\" decoding=\"async\" src=\"https:\/\/a57.foxnews.com\/static.foxnews.com\/foxnews.com\/content\/uploads\/2023\/07\/1200\/675\/GettyImages-1422351268.jpg?ve=1&amp;tl=1\" alt=\"Ir\u00e1n respald\u00f3 grupos terroristas\" width=\"1200\" height=\"675\"\/><\/source><\/source><\/source><\/source><\/picture><\/div>\n<div class=\"info\">\n<div class=\"caption\">\n<p><span>Los terroristas palestinos toman su posici\u00f3n durante una confrontaci\u00f3n con el ej\u00e9rcito israel\u00ed en Jenin el 3 de julio de 2023. El ej\u00e9rcito israel\u00ed dijo que hab\u00eda lanzado huelgas de drones en Jenin como parte de un \u00abextenso esfuerzo antiterrorista\u00bb.<\/span> <span>(Foto de Jaafar Ashtiyeh\/AFP a trav\u00e9s de Getty Images)<\/span><\/p>\n<\/div>\n<\/div>\n<\/div>\n<p>Otro elemento, explic\u00f3 Conricus, es que unos 500,000 israel\u00edes actualmente viven en Judea y Samaria, y necesitan ser protegidos.<\/p>\n<p>\u00abLas tendencias de la escalada en Judea y Samaria y Jerusal\u00e9n son m\u00e1s altas ahora desde el 7 de octubre. Vemos una actividad terrorista significativa en casi todas las ciudades palestinas y la continua debilidad de la AP al ejercicio del control\u00bb, dijo.<\/p>\n<p><strong>Haga clic aqu\u00ed para obtener la aplicaci\u00f3n Fox News<\/strong><\/p>\n<p>Ze&#8217;ev Orenstein, Director de Asuntos Internacionales de la Fundaci\u00f3n City of David con sede en Jerusal\u00e9n, dijo a Fox News Digital que la conexi\u00f3n de Millenia del pueblo jud\u00edo con la Tierra de Israel les otorga un derecho inherente a Judea y Samaria.<\/p>\n<p>\u00abThe reality is that there is likely no other people on the planet today with a deeper\u2013and longer\u2013connection to any piece of land than the Jewish people with the Land of Israel, in general, and Judea, Samaria and Jerusalem, in particular; where the inhabitants continue to worship the very same Gd, speak the same language, practice the same faith, celebrate the same festivals, and walk upon the very same stones, as their ancestors did so many thousands de hace a\u00f1os \u00ab, agreg\u00f3 Orenstein.<\/p>\n<\/div>\n\n","protected":false},"excerpt":{"rendered":"<p>\u00danase a Fox News para acceder a este contenido Has alcanzado su n\u00famero m\u00e1ximo de art\u00edculos. Inicie sesi\u00f3n o cree una cuenta de forma gratuita para continuar leyendo. Al ingresar su correo electr\u00f3nico y presionar continuar, usted acepta los t\u00e9rminos de uso y la pol\u00edtica de privacidad de Fox News, que incluye nuestro aviso de &hellip;<\/p>\n","protected":false},"author":1,"featured_media":17019,"comment_status":"open","ping_status":"open","sticky":false,"template":"","format":"standard","meta":{"fifu_image_url":"https:\/\/static.foxnews.com\/foxnews.com\/content\/uploads\/2025\/03\/tomb-of-joseph-samaria.jpg","fifu_image_alt":"","footnotes":""},"categories":[13],"tags":[],"class_list":["post-17017","post","type-post","status-publish","format-standard","has-post-thumbnail","","category-mundo"],"_links":{"self":[{"href":"https:\/\/noticiasveraces.com\/index.php?rest_route=\/wp\/v2\/posts\/17017","targetHints":{"allow":["GET"]}}],"collection":[{"href":"https:\/\/noticiasveraces.com\/index.php?rest_route=\/wp\/v2\/posts"}],"about":[{"href":"https:\/\/noticiasveraces.com\/index.php?rest_route=\/wp\/v2\/types\/post"}],"author":[{"embeddable":true,"href":"https:\/\/noticiasveraces.com\/index.php?rest_route=\/wp\/v2\/users\/1"}],"replies":[{"embeddable":true,"href":"https:\/\/noticiasveraces.com\/index.php?rest_route=%2Fwp%2Fv2%2Fcomments&post=17017"}],"version-history":[{"count":0,"href":"https:\/\/noticiasveraces.com\/index.php?rest_route=\/wp\/v2\/posts\/17017\/revisions"}],"wp:featuredmedia":[{"embeddable":true,"href":"https:\/\/noticiasveraces.com\/index.php?rest_route=\/wp\/v2\/media\/17019"}],"wp:attachment":[{"href":"https:\/\/noticiasveraces.com\/index.php?rest_route=%2Fwp%2Fv2%2Fmedia&parent=17017"}],"wp:term":[{"taxonomy":"category","embeddable":true,"href":"https:\/\/noticiasveraces.com\/index.php?rest_route=%2Fwp%2Fv2%2Fcategories&post=17017"},{"taxonomy":"post_tag","embeddable":true,"href":"https:\/\/noticiasveraces.com\/index.php?rest_route=%2Fwp%2Fv2%2Ftags&post=17017"}],"curies":[{"name":"wp","href":"https:\/\/api.w.org\/{rel}","templated":true}]}}