{"id":17008,"date":"2025-03-03T06:17:33","date_gmt":"2025-03-03T10:17:33","guid":{"rendered":"https:\/\/noticiasveraces.com\/?p=17008"},"modified":"2025-03-03T06:17:33","modified_gmt":"2025-03-03T10:17:33","slug":"el-papa-francisco-descanso-bien-despues-de-superar-el-reves-de-la-crisis-respiratoria","status":"publish","type":"post","link":"https:\/\/noticiasveraces.com\/?p=17008","title":{"rendered":"El Papa Francisco descans\u00f3 bien despu\u00e9s de superar el rev\u00e9s de la crisis respiratoria"},"content":{"rendered":"<p> \n<\/p>\n<div>\n<p class=\"speakable\">El Papa Francisco descans\u00f3 bien despu\u00e9s de superar un rev\u00e9s en su recuperaci\u00f3n causada por una crisis respiratoria, ya que permanece en el hospital recuper\u00e1ndose de la doble neumon\u00eda.<\/p>\n<p class=\"speakable\">\u00abEl Papa descans\u00f3 bien toda la noche\u00bb, dijo el Vaticano el lunes por la ma\u00f1ana.<\/p>\n<p>Francis, de 88 a\u00f1os, est\u00e1 en condiciones estables, est\u00e1 fuera de la ventilaci\u00f3n mec\u00e1nica y no muestra indicios de nueva infecci\u00f3n despu\u00e9s de una crisis respiratoria que ocurri\u00f3 a fines de la semana pasada.<\/p>\n<p>El pont\u00edfice fue ingresado en el Hospital Gemelli de Roma el 14 de febrero despu\u00e9s de que empeor\u00f3 un ataque de bronquitis de una semana. Los m\u00e9dicos primero diagnosticaron la compleja infecci\u00f3n del tracto respiratorio viral, bacteriano y f\u00fangico y, posteriormente, el inicio de neumon\u00eda en ambos pulmones.<\/p>\n<p><strong>El Papa Francisco fuera del ventilador mec\u00e1nico, no tiene fiebre ni signos de infecci\u00f3n: Vaticano<\/strong><\/p>\n<div class=\"image-ct inline\">\n<div class=\"m\"><picture><source media=\"(max-width: 767px)\" srcset=\"https:\/\/a57.foxnews.com\/static.foxnews.com\/foxnews.com\/content\/uploads\/2025\/02\/343\/192\/pope-francis-health-update_001-.jpg?ve=1&amp;tl=1, https:\/\/a57.foxnews.com\/static.foxnews.com\/foxnews.com\/content\/uploads\/2025\/02\/686\/384\/pope-francis-health-update_001-.jpg?ve=1&amp;tl=1 2x\" height=\"192\" width=\"343\"><source media=\"(min-width: 768px) and (max-width: 1023px)\" srcset=\"https:\/\/a57.foxnews.com\/static.foxnews.com\/foxnews.com\/content\/uploads\/2025\/02\/672\/378\/pope-francis-health-update_001-.jpg?ve=1&amp;tl=1, https:\/\/a57.foxnews.com\/static.foxnews.com\/foxnews.com\/content\/uploads\/2025\/02\/1344\/756\/pope-francis-health-update_001-.jpg?ve=1&amp;tl=1 2x\" height=\"378\" width=\"672\"><source media=\"(min-width: 1024px) and (max-width: 1279px)\" srcset=\"https:\/\/a57.foxnews.com\/static.foxnews.com\/foxnews.com\/content\/uploads\/2025\/02\/931\/523\/pope-francis-health-update_001-.jpg?ve=1&amp;tl=1, https:\/\/a57.foxnews.com\/static.foxnews.com\/foxnews.com\/content\/uploads\/2025\/02\/1862\/1046\/pope-francis-health-update_001-.jpg?ve=1&amp;tl=1 2x\" height=\"523\" width=\"931\"><source media=\"(min-width: 1280px)\" srcset=\"https:\/\/a57.foxnews.com\/static.foxnews.com\/foxnews.com\/content\/uploads\/2025\/02\/720\/405\/pope-francis-health-update_001-.jpg?ve=1&amp;tl=1, https:\/\/a57.foxnews.com\/static.foxnews.com\/foxnews.com\/content\/uploads\/2025\/02\/1440\/810\/pope-francis-health-update_001-.jpg?ve=1&amp;tl=1 2x\" height=\"405\" width=\"720\"><img loading=\"lazy\" decoding=\"async\" src=\"https:\/\/a57.foxnews.com\/static.foxnews.com\/foxnews.com\/content\/uploads\/2025\/02\/1200\/675\/pope-francis-health-update_001-.jpg?ve=1&amp;tl=1\" alt=\"Una foto del Papa Francisco en mejor salud\" width=\"1200\" height=\"675\"\/><\/source><\/source><\/source><\/source><\/picture><\/div>\n<div class=\"info\">\n<div class=\"caption\">\n<p><span>El Papa Francisco saluda desde su poblaci\u00f3n despu\u00e9s de las oraciones semanales de Angelus, en la Plaza de San Pedro en el Vaticano el 20 de octubre de 2024.<\/span> <span>(Filippo Monteforte\/AFP\/Getty)<\/span><\/p>\n<\/div>\n<\/div>\n<\/div>\n<p>Los m\u00e9dicos dijeron que el Papa pas\u00f3 todo el d\u00eda el domingo sin usar la m\u00e1scara de ventilaci\u00f3n mec\u00e1nica no invasiva que bombea ox\u00edgeno a los pulmones que us\u00f3 despu\u00e9s de una crisis de respiraci\u00f3n el viernes. Francis continu\u00f3 recibiendo ox\u00edgeno suplementario de alto flujo a trav\u00e9s de un tubo nasal.<\/p>\n<p>La crisis respiratoria del viernes condujo a las preocupaciones sobre una nueva infecci\u00f3n pulmonar desde que Francis inhal\u00f3 alg\u00fan v\u00f3mito. Los m\u00e9dicos lo aspiraron y dijeron que necesitaban 24 a 48 horas para determinar si hab\u00eda alguna infecci\u00f3n nueva.<\/p>\n<p>El domingo, los m\u00e9dicos dijeron que Francis se mantuvo estable, no ten\u00eda fiebre y no mostr\u00f3 signos de una infecci\u00f3n, lo que sugiere que hab\u00eda superado la crisis respiratoria.<\/p>\n<p><strong>Vatican ofrece una actualizaci\u00f3n de salud cuando Pope ingresa a la tercera semana en el hospital<\/strong><\/p>\n<div class=\"image-ct inline\">\n<div class=\"m\"><picture><source media=\"(max-width: 767px)\" srcset=\"https:\/\/a57.foxnews.com\/static.foxnews.com\/foxnews.com\/content\/uploads\/2025\/02\/343\/192\/pope-francis-health-update_004-.jpg?ve=1&amp;tl=1, https:\/\/a57.foxnews.com\/static.foxnews.com\/foxnews.com\/content\/uploads\/2025\/02\/686\/384\/pope-francis-health-update_004-.jpg?ve=1&amp;tl=1 2x\" height=\"192\" width=\"343\"><source media=\"(min-width: 768px) and (max-width: 1023px)\" srcset=\"https:\/\/a57.foxnews.com\/static.foxnews.com\/foxnews.com\/content\/uploads\/2025\/02\/672\/378\/pope-francis-health-update_004-.jpg?ve=1&amp;tl=1, https:\/\/a57.foxnews.com\/static.foxnews.com\/foxnews.com\/content\/uploads\/2025\/02\/1344\/756\/pope-francis-health-update_004-.jpg?ve=1&amp;tl=1 2x\" height=\"378\" width=\"672\"><source media=\"(min-width: 1024px) and (max-width: 1279px)\" srcset=\"https:\/\/a57.foxnews.com\/static.foxnews.com\/foxnews.com\/content\/uploads\/2025\/02\/931\/523\/pope-francis-health-update_004-.jpg?ve=1&amp;tl=1, https:\/\/a57.foxnews.com\/static.foxnews.com\/foxnews.com\/content\/uploads\/2025\/02\/1862\/1046\/pope-francis-health-update_004-.jpg?ve=1&amp;tl=1 2x\" height=\"523\" width=\"931\"><source media=\"(min-width: 1280px)\" srcset=\"https:\/\/a57.foxnews.com\/static.foxnews.com\/foxnews.com\/content\/uploads\/2025\/02\/720\/405\/pope-francis-health-update_004-.jpg?ve=1&amp;tl=1, https:\/\/a57.foxnews.com\/static.foxnews.com\/foxnews.com\/content\/uploads\/2025\/02\/1440\/810\/pope-francis-health-update_004-.jpg?ve=1&amp;tl=1 2x\" height=\"405\" width=\"720\"><img loading=\"lazy\" decoding=\"async\" src=\"https:\/\/a57.foxnews.com\/static.foxnews.com\/foxnews.com\/content\/uploads\/2025\/02\/1200\/675\/pope-francis-health-update_004-.jpg?ve=1&amp;tl=1\" alt=\"Papa Francisco en mejor salud\" width=\"1200\" height=\"675\"\/><\/source><\/source><\/source><\/source><\/picture><\/div>\n<div class=\"info\">\n<div class=\"caption\">\n<p><span>El Papa Francisco asiste a una masa en la explanada de Tasitolu en Dili, Timor Oriental, el 10 de septiembre de 2024.<\/span> <span>(Tiziana Fabi\/Pool\/AFP\/Getty)<\/span><\/p>\n<\/div>\n<\/div>\n<\/div>\n<p>Pero el pron\u00f3stico del Papa permaneci\u00f3 vigilado, lo que significa que no estaba fuera de peligro.<\/p>\n<p>Francis nuevamente perdi\u00f3 su bendici\u00f3n semanal del mediod\u00eda. En cambio, el Vaticano distribuy\u00f3 un mensaje que escribi\u00f3 el Papa, agradeciendo a sus m\u00e9dicos por su atenci\u00f3n y simpatizantes por sus oraciones.<\/p>\n<p>En su mensaje, tambi\u00e9n rez\u00f3 por la paz en Ucrania y en otros lugares.<\/p>\n<p>\u00abDesde aqu\u00ed, la guerra parece a\u00fan m\u00e1s absurda\u00bb, dijo Francis.<\/p>\n<p>Francis dijo que viv\u00eda su hospitalizaci\u00f3n como una experiencia de profunda solidaridad con personas que est\u00e1n enfermas y sufren en todo el mundo.<\/p>\n<div class=\"image-ct inline\">\n<div class=\"m\"><picture><source media=\"(max-width: 767px)\" srcset=\"https:\/\/a57.foxnews.com\/static.foxnews.com\/foxnews.com\/content\/uploads\/2022\/06\/343\/192\/pope-francis-aide.jpg?ve=1&amp;tl=1, https:\/\/a57.foxnews.com\/static.foxnews.com\/foxnews.com\/content\/uploads\/2022\/06\/686\/384\/pope-francis-aide.jpg?ve=1&amp;tl=1 2x\" height=\"192\" width=\"343\"><source media=\"(min-width: 768px) and (max-width: 1023px)\" srcset=\"https:\/\/a57.foxnews.com\/static.foxnews.com\/foxnews.com\/content\/uploads\/2022\/06\/672\/378\/pope-francis-aide.jpg?ve=1&amp;tl=1, https:\/\/a57.foxnews.com\/static.foxnews.com\/foxnews.com\/content\/uploads\/2022\/06\/1344\/756\/pope-francis-aide.jpg?ve=1&amp;tl=1 2x\" height=\"378\" width=\"672\"><source media=\"(min-width: 1024px) and (max-width: 1279px)\" srcset=\"https:\/\/a57.foxnews.com\/static.foxnews.com\/foxnews.com\/content\/uploads\/2022\/06\/931\/523\/pope-francis-aide.jpg?ve=1&amp;tl=1, https:\/\/a57.foxnews.com\/static.foxnews.com\/foxnews.com\/content\/uploads\/2022\/06\/1862\/1046\/pope-francis-aide.jpg?ve=1&amp;tl=1 2x\" height=\"523\" width=\"931\"><source media=\"(min-width: 1280px)\" srcset=\"https:\/\/a57.foxnews.com\/static.foxnews.com\/foxnews.com\/content\/uploads\/2022\/06\/720\/405\/pope-francis-aide.jpg?ve=1&amp;tl=1, https:\/\/a57.foxnews.com\/static.foxnews.com\/foxnews.com\/content\/uploads\/2022\/06\/1440\/810\/pope-francis-aide.jpg?ve=1&amp;tl=1 2x\" height=\"405\" width=\"720\"><img loading=\"lazy\" decoding=\"async\" src=\"https:\/\/a57.foxnews.com\/static.foxnews.com\/foxnews.com\/content\/uploads\/2022\/06\/1200\/675\/pope-francis-aide.jpg?ve=1&amp;tl=1\" alt=\"Papa Francisco Ciudad del Vaticano Iglesia Cat\u00f3lica Romana\" width=\"1200\" height=\"675\"\/><\/source><\/source><\/source><\/source><\/picture><\/div>\n<div class=\"info\">\n<div class=\"caption\">\n<p><span>El Papa Francisco es ayudado por su asistente Monse\u00f1or Leonardo Sapienza, a la izquierda, mientras camina con un bast\u00f3n a su audiencia general semanal en la Plaza de San Pedro en el Vaticano el 1 de junio de 2022.<\/span> <span>(Photo AP\/Gregorio Borgia, archivo)<\/span><\/p>\n<\/div>\n<\/div>\n<\/div>\n<p><strong><u>Haga clic aqu\u00ed para obtener la aplicaci\u00f3n Fox News<\/u><\/strong><\/p>\n<p>\u00abSiento en mi coraz\u00f3n la &#8216;bendici\u00f3n&#8217; que est\u00e1 oculta dentro de la fragilidad, porque es precisamente en estos momentos que aprendemos a\u00fan m\u00e1s confiar en el Se\u00f1or\u00bb, dijo Francis en el texto. \u00abAl mismo tiempo, agradezco a Dios por darme la oportunidad de compartir en el cuerpo y el esp\u00edritu la condici\u00f3n de tantas personas enfermas y sufrientes\u00bb.<\/p>\n<p>El cardenal Konrad Krajewski presidi\u00f3 la oraci\u00f3n del rosario de la noche en la Plaza de San Pedro el domingo por la noche en el Vaticano.<\/p>\n<p>\u00abOremos junto con toda la iglesia por la salud del Santo Padre Francisco\u00bb, dijo Krajewski.<\/p>\n<p><i>Associated Press contribuy\u00f3 a este informe.<\/i><\/p>\n<p> <!----> <\/div>\n\n","protected":false},"excerpt":{"rendered":"<p>El Papa Francisco descans\u00f3 bien despu\u00e9s de superar un rev\u00e9s en su recuperaci\u00f3n causada por una crisis respiratoria, ya que permanece en el hospital recuper\u00e1ndose de la doble neumon\u00eda. \u00abEl Papa descans\u00f3 bien toda la noche\u00bb, dijo el Vaticano el lunes por la ma\u00f1ana. Francis, de 88 a\u00f1os, est\u00e1 en condiciones estables, est\u00e1 fuera de &hellip;<\/p>\n","protected":false},"author":1,"featured_media":17010,"comment_status":"open","ping_status":"open","sticky":false,"template":"","format":"standard","meta":{"fifu_image_url":"https:\/\/static.foxnews.com\/foxnews.com\/content\/uploads\/2025\/02\/pope-francis-health-update_001-.jpg","fifu_image_alt":"","footnotes":""},"categories":[13],"tags":[],"class_list":["post-17008","post","type-post","status-publish","format-standard","has-post-thumbnail","","category-mundo"],"_links":{"self":[{"href":"https:\/\/noticiasveraces.com\/index.php?rest_route=\/wp\/v2\/posts\/17008","targetHints":{"allow":["GET"]}}],"collection":[{"href":"https:\/\/noticiasveraces.com\/index.php?rest_route=\/wp\/v2\/posts"}],"about":[{"href":"https:\/\/noticiasveraces.com\/index.php?rest_route=\/wp\/v2\/types\/post"}],"author":[{"embeddable":true,"href":"https:\/\/noticiasveraces.com\/index.php?rest_route=\/wp\/v2\/users\/1"}],"replies":[{"embeddable":true,"href":"https:\/\/noticiasveraces.com\/index.php?rest_route=%2Fwp%2Fv2%2Fcomments&post=17008"}],"version-history":[{"count":0,"href":"https:\/\/noticiasveraces.com\/index.php?rest_route=\/wp\/v2\/posts\/17008\/revisions"}],"wp:featuredmedia":[{"embeddable":true,"href":"https:\/\/noticiasveraces.com\/index.php?rest_route=\/wp\/v2\/media\/17010"}],"wp:attachment":[{"href":"https:\/\/noticiasveraces.com\/index.php?rest_route=%2Fwp%2Fv2%2Fmedia&parent=17008"}],"wp:term":[{"taxonomy":"category","embeddable":true,"href":"https:\/\/noticiasveraces.com\/index.php?rest_route=%2Fwp%2Fv2%2Fcategories&post=17008"},{"taxonomy":"post_tag","embeddable":true,"href":"https:\/\/noticiasveraces.com\/index.php?rest_route=%2Fwp%2Fv2%2Ftags&post=17008"}],"curies":[{"name":"wp","href":"https:\/\/api.w.org\/{rel}","templated":true}]}}