{"id":16989,"date":"2025-03-03T04:12:03","date_gmt":"2025-03-03T08:12:03","guid":{"rendered":"https:\/\/noticiasveraces.com\/?p=16989"},"modified":"2025-03-03T04:12:03","modified_gmt":"2025-03-03T08:12:03","slug":"brasil-estalla-en-jubilo-por-el-primer-oscar-de-su-historia-dw-03-03-2025","status":"publish","type":"post","link":"https:\/\/noticiasveraces.com\/?p=16989","title":{"rendered":"Brasil Estalla en J\u00fabilo por el Primer Oscar de su Historia &#8211; DW &#8211; 03\/03\/2025"},"content":{"rendered":"<p> \n<\/p>\n<div>\n<p>El Samb\u00f3ro de R\u00edo de Janeiro Estall\u00f3 en una rua Celebraci\u00f3n El Domingo (02.03.2025) Cuando Se Anunci\u00f3, en Medio de los Primeros Desfiles, Que Brasil OBUDO Su Hist\u00f3Ro Oscar Oscar por la Pel\u00edcula \u00abAUn Estoy Aqu\u00eda\u00bb (todav\u00eda estoy aqu\u00ed), que la hist\u00f3rica narrica narrio narrio narrio narrio narre narre narre narre narre narra narre narra narre narra narra narre narra narra narra narra narra narra narra narra narra narra narra narra narra narra narra narra narra narra narre narra narra narra narra narra narra narra narra narra narra narra narra narra narra narra narra narra narry \u00bb Bajo la \u00daLTima Dictadura Brasile\u00f1a (1964-1985).<\/p>\n<p>\u00ab\u00a1El \u00d3scar es nuestro!\u00bb, Exclamaron por los altavoces, una nota que fue recibida con gritos y abrazos por las 70.000 personas que abrotararon la m\u00cdTICA Pasarela carioca, Simbolo del carnaval m\u00e1so delundo.<\/p>\n<p>Una Pantalla se Hizo Eco de la Buena Nueva y en Las Gradas se Encendieron Bengalas de Colores.<\/p>\n<blockquote class=\"tweet embed\" data-id=\"1896399546407936266\"\/>\n<h2>Las dos Fernandas<\/h2>\n<p>La expectativa por la posibilidad de lograr la estatuilla dorada habiar ido creciodo en las \u00daltimas semanas, y la coincidencia de la gala de hollywood con los festejos carnavalescos redobl\u00f3 eltusiasmo de los brasile\u00f1os, coll<\/p>\n<p><span data-slot-id=\"Article_InContent-1\" class=\"rich-text-ad\"\/><\/p>\n<p>\u00abAun Estoy Aqu\u00ed\u00bb (\u00abAinda Etrou Aqui\u00bb) OBDUVO EL \u00d3SCAR A LA MEJOR PEL\u00cdCULA INTERACIONAL, UNO HITO QUE SU Director Walter Salles Dedic\u00f3 a la Protagonista, Fernanda Torres, y Su Madre, La Legendaria Actriz Fernanda Montenegro.<\/p>\n<p>La Cinta recrea la desaparici\u00f3nica del exdiputado rubens paiva en 1971 y la resistencia de su viuda eunice durante la dictadura militar.<\/p>\n<p> La producci\u00f3n de la competencia tambi\u00e9n a Los Galardones de mejor pel\u00edcula y mejor actriz para fernanda torres, ya premiada con el globo de Oro por Este Papel.<\/p>\n<figure class=\"placeholder-image master_landscape big\"><img data-format=\"MASTER_LANDSCAPE\" data-id=\"71044586\" data-url=\"https:\/\/static.dw.com\/image\/71044586_${formatId}.jpg\" data-aspect-ratio=\"16\/9\" alt=\"La Actriz Fernanda Torres Interprera A Eunice Paivas en la Pel\u00edcula &quot;A\u00fan Estoy Aqu\u00ed&quot;Premida Con El Oscar El Domingo (02.03.2024).\" style=\"padding-bottom: 56.25%; height: 0; max-height: 0;\"\/><figcaption class=\"img-caption\">La Actriz Fernanda Torres Interprera A Eunice Paivas en la Pel\u00edcula \u00abA\u00fan Estoy Aqu\u00ed\u00bb, Premida Con El Oscar El Domingo (02.03.2024).<small class=\"copyright\">Imagen: Sony Pictures Classics<\/small><\/figcaption><\/figure>\n<h2>Lula Celebra \u00abOrgullo de Ser Brasile\u00f1os\u00bb<\/h2>\n<p>\u00abHoy es El D\u00eda para Sentse a\u00fan M\u00e1s Orgulloho de Ser Brasile\u00f1o. Orgullo de Nuestro Cine, de Nuestros Artistas y, Sobre TODO, Orgullo de Nuestra Democracia\u00bb, Celebr\u00f3 en X el Presidente Brasile\u00f1o, Luiz Incio Lula Da Silva, Tras el Anuncio Dele de los Animales.<br \/>      Las nominaciones de las omnipresentes en las conversaciones y en Las Clases, con Vallas y Afiches aupando a Torres y Juerguistas Disfrazados de la -los \u00abBlocos\u00bb, Masivas de Carnaval, Algunos dedicados por entero a Torres.<br \/>      En Medio de Lasas Humanas, Muchos sacud\u00ed estatuillas doradas de pl\u00e1shico, Uno de los adornos m\u00e1s ofrecidos por vendedores ambulantes y faldillas de tul, Orejitas de conejo y purina. <br \/>      El Fen\u00f3meno se repiti\u00f3 en ciudades como recife, Belo Horizonte y Sao Paulo. En el popular Carnaval de Olinda (Noreste), una mu\u00f1eca gigante que representaci\u00f3n a la actriz se paseaba entre la multitud alzando el globo de Oro.<\/p>\n<blockquote class=\"tweet embed\" data-id=\"1896425135864971726\"\/>\n<p>GS (AFP, Efe) <\/p>\n<\/p>\n<\/div>\n\n","protected":false},"excerpt":{"rendered":"<p>El Samb\u00f3ro de R\u00edo de Janeiro Estall\u00f3 en una rua Celebraci\u00f3n El Domingo (02.03.2025) Cuando Se Anunci\u00f3, en Medio de los Primeros Desfiles, Que Brasil OBUDO Su Hist\u00f3Ro Oscar Oscar por la Pel\u00edcula \u00abAUn Estoy Aqu\u00eda\u00bb (todav\u00eda estoy aqu\u00ed), que la hist\u00f3rica narrica narrio narrio narrio narrio narre narre narre narre narre narra narre narra &hellip;<\/p>\n","protected":false},"author":1,"featured_media":16990,"comment_status":"open","ping_status":"open","sticky":false,"template":"","format":"standard","meta":{"fifu_image_url":"https:\/\/static.dw.com\/image\/71225128_6.jpg","fifu_image_alt":"","footnotes":""},"categories":[13],"tags":[],"class_list":["post-16989","post","type-post","status-publish","format-standard","has-post-thumbnail","","category-mundo"],"_links":{"self":[{"href":"https:\/\/noticiasveraces.com\/index.php?rest_route=\/wp\/v2\/posts\/16989","targetHints":{"allow":["GET"]}}],"collection":[{"href":"https:\/\/noticiasveraces.com\/index.php?rest_route=\/wp\/v2\/posts"}],"about":[{"href":"https:\/\/noticiasveraces.com\/index.php?rest_route=\/wp\/v2\/types\/post"}],"author":[{"embeddable":true,"href":"https:\/\/noticiasveraces.com\/index.php?rest_route=\/wp\/v2\/users\/1"}],"replies":[{"embeddable":true,"href":"https:\/\/noticiasveraces.com\/index.php?rest_route=%2Fwp%2Fv2%2Fcomments&post=16989"}],"version-history":[{"count":0,"href":"https:\/\/noticiasveraces.com\/index.php?rest_route=\/wp\/v2\/posts\/16989\/revisions"}],"wp:featuredmedia":[{"embeddable":true,"href":"https:\/\/noticiasveraces.com\/index.php?rest_route=\/wp\/v2\/media\/16990"}],"wp:attachment":[{"href":"https:\/\/noticiasveraces.com\/index.php?rest_route=%2Fwp%2Fv2%2Fmedia&parent=16989"}],"wp:term":[{"taxonomy":"category","embeddable":true,"href":"https:\/\/noticiasveraces.com\/index.php?rest_route=%2Fwp%2Fv2%2Fcategories&post=16989"},{"taxonomy":"post_tag","embeddable":true,"href":"https:\/\/noticiasveraces.com\/index.php?rest_route=%2Fwp%2Fv2%2Ftags&post=16989"}],"curies":[{"name":"wp","href":"https:\/\/api.w.org\/{rel}","templated":true}]}}