{"id":16937,"date":"2025-03-02T18:52:30","date_gmt":"2025-03-02T22:52:30","guid":{"rendered":"https:\/\/noticiasveraces.com\/?p=16937"},"modified":"2025-03-02T18:52:30","modified_gmt":"2025-03-02T22:52:30","slug":"el-momento-en-el-que-una-avalancha-sepulta-al-piloto-aidan-croft-en-colorado-estados-unidos","status":"publish","type":"post","link":"https:\/\/noticiasveraces.com\/?p=16937","title":{"rendered":"El Momento en El Que una Avalancha Sepulta Al Piloto Aidan Croft en Colorado, Estados Unidos"},"content":{"rendered":"<p> \n<\/p>\n<div id=\"intext\">\n<p>Ahora que Llegan D\u00edas de Nieve, o Que Recientse Los Hemos Tenido en Parte de Espa\u00f1a, Historias Como la de Aidan nos <b>Advierten de los Peligros que encierra la Monta\u00f1a<\/b>. Este -joven sali\u00f3 hace unos d\u00edas con amigos en una &#8216;excursi\u00f3n&#8217; en <u>Moto de Nieve<\/u> en la que decidi\u00f3 <b>ir por libre<\/b> EN UN Momento, JUSTO CUANDO APARECI\u00d3 <b>una inoportuna avalancha<\/b> Que le Sorprendi\u00f3 y Que <b>Le Dej\u00f3 Sepultado Durante Hora Y Media<\/b>. Aidan Croft lo Grab\u00f3 TODO Y PUEDE Contearlo &#8230; de Milagro.<\/p>\n<h2 class=\"title-h2\">Hora y Media Sepultado Bajo la Nieve<\/h2>\n<p>Qued\u00f3 enterrado durante 90 minutos Bajo la nieve, y lo que comenz\u00f3 como un d\u00eda para Aidan Croft en Steamboat Springs, <b>Colorado <\/b>(Estados Unidos), Acab\u00f3 Convirti\u00e9ndosa en una Historia Eterna que Casi no Cuenta.<\/p>\n<p>\u00abEl Riesgo de Avalancha Era Moderado. Adem\u00e1s, el Estado Escalando Esa parte Durante Tres A\u00f1os, por lo que Llevar El Equipeo Adecuado <b>nunca se me pas\u00f3 por la Cabeza<\/b>\u00ab, Empieza Contando. Salio Con SUS Amigos en Moto de Nieve por Las Monta\u00f1as del Colorado, Cuando de Repente una Avalancha le Alcanz\u00f3 Dej\u00e1ndole completa Entrerrado Bajo La Nieve. Lo Grab\u00f3 con todo con su c\u00e1mara GoPro.<\/p>\n<h2 class=\"title-h2\">Si mi Cabeza Hubiese Estado Donde mis patas Estario Muerto \u00ab<\/h2>\n<p>\u00abMi cuerpo se Encontraba en vertical, pero no pod\u00eda Moverme, excepto un brazo. <b>Si mi Cabeza Hubiese Estado Donde Mis Pies, Estario Muerto<\/b>\u00ab, Explicaba. Aidan Asegura Haber Vivido Momentos de Angustia e Incertidumbre al Saber que el Resto de Su Equipo no Pod\u00eda Llegar a \u00e9l.<\/p>\n<p>\u00abMi error fue ir por mi cuenta. Tengo un nivel m\u00e1s Alto que el reto y eso me permita un lugares donde ellos no pod\u00eda\u00bb. UNA IDEA QUE NO SIEMPRE VENTA BIEN Y DE LA AGRADECE HERBER SALIDO VIVO: \u00ab<b>Soja muy afortunado<\/b> porque la situaci\u00f3n Podr\u00eda Haber Sido Mucho Peor \u00ab, Concluy\u00f3. Un soporte que final de la final de la exitosa rescatada y una an\u00e9cdota que contar, eSo s\u00ed, la pr\u00f3xima vez tomar\u00e1 muchas m\u00e1uciones precauciones.<\/p>\n<p><i>S\u00edguenos en nuestro canal de whatsapp y no te Pierdas la \u00daLtima Hora y Toda la actualidad de antena3noticias.com<\/i><\/p>\n<div class=\"recirculation-video\" data-mod=\"a3mod_recirculation_video\">\n<div class=\"recirculation-video-wrapper\">\n<div>\n<div class=\"video-wrapper\">\n  <picture class=\"video-main-picture\"><source media=\"(min-width: 481px)\" srcset=\"https:\/\/fotografias.antena3.com\/clipping\/cmsimages01\/2025\/02\/26\/298AE713-82AD-48AF-8BA4-20477A306733\/batalla-campal-malaga_94.jpg?crop=1920,1080,x0,y0&amp;width=800&amp;height=450&amp;optimize=medium&amp;format=webply\" width=\"800\" height=\"450\"><source media=\"(min-width: 391px) and (max-width: 480px)\" srcset=\"https:\/\/fotografias.antena3.com\/clipping\/cmsimages01\/2025\/02\/26\/298AE713-82AD-48AF-8BA4-20477A306733\/batalla-campal-malaga_70.jpg?crop=1920,1080,x0,y0&amp;width=480&amp;height=270&amp;optimize=high&amp;format=webply\" width=\"480\" height=\"270\"><source media=\"(min-width: 321px) and (max-width: 390px)\" srcset=\"https:\/\/fotografias.antena3.com\/clipping\/cmsimages01\/2025\/02\/26\/298AE713-82AD-48AF-8BA4-20477A306733\/batalla-campal-malaga_92.jpg?crop=1920,1078,x0,y1&amp;width=390&amp;height=219&amp;optimize=high&amp;format=webply\" width=\"390\" height=\"219\"><source media=\"(max-width: 320px)\" srcset=\"https:\/\/fotografias.antena3.com\/clipping\/cmsimages01\/2025\/02\/26\/298AE713-82AD-48AF-8BA4-20477A306733\/batalla-campal-malaga_52.jpg?crop=1920,1080,x0,y0&amp;width=320&amp;height=180&amp;optimize=high&amp;format=webply\" width=\"320\" height=\"180\"><img decoding=\"async\" title=\"Batalla Campal M\u00e1laga\" alt=\"Batalla Campal M\u00e1laga\" width=\"480\" height=\"270\" src=\"https:\/\/fotografias.antena3.com\/clipping\/cmsimages01\/2025\/02\/26\/298AE713-82AD-48AF-8BA4-20477A306733\/batalla-campal-malaga_70.jpg?crop=1920,1080,x0,y0&amp;width=480&amp;height=270&amp;optimize=high&amp;format=webply\" loading=\"lazy\" class=\"lazy\"\/><br \/>\n  <\/source><\/source><\/source><\/source><\/picture>\n <\/div>\n<\/div><\/div>\n<\/p><\/div>\n<\/div>\n\n","protected":false},"excerpt":{"rendered":"<p>Ahora que Llegan D\u00edas de Nieve, o Que Recientse Los Hemos Tenido en Parte de Espa\u00f1a, Historias Como la de Aidan nos Advierten de los Peligros que encierra la Monta\u00f1a. Este -joven sali\u00f3 hace unos d\u00edas con amigos en una &#8216;excursi\u00f3n&#8217; en Moto de Nieve en la que decidi\u00f3 ir por libre EN UN Momento, &hellip;<\/p>\n","protected":false},"author":1,"featured_media":16939,"comment_status":"open","ping_status":"open","sticky":false,"template":"","format":"standard","meta":{"fifu_image_url":"https:\/\/fotografias.antena3.com\/clipping\/cmsimages01\/2025\/03\/02\/9FF150BB-F386-47F5-AE0F-10AB3730A923\/aidan-croft-piloto-que-sufrio-avalancha_69.jpg?crop=1614,908,x144,y0&width=1280&height=720&optimize=low&format=jpg","fifu_image_alt":"","footnotes":""},"categories":[6],"tags":[],"class_list":["post-16937","post","type-post","status-publish","format-standard","has-post-thumbnail","","category-deportes"],"_links":{"self":[{"href":"https:\/\/noticiasveraces.com\/index.php?rest_route=\/wp\/v2\/posts\/16937","targetHints":{"allow":["GET"]}}],"collection":[{"href":"https:\/\/noticiasveraces.com\/index.php?rest_route=\/wp\/v2\/posts"}],"about":[{"href":"https:\/\/noticiasveraces.com\/index.php?rest_route=\/wp\/v2\/types\/post"}],"author":[{"embeddable":true,"href":"https:\/\/noticiasveraces.com\/index.php?rest_route=\/wp\/v2\/users\/1"}],"replies":[{"embeddable":true,"href":"https:\/\/noticiasveraces.com\/index.php?rest_route=%2Fwp%2Fv2%2Fcomments&post=16937"}],"version-history":[{"count":0,"href":"https:\/\/noticiasveraces.com\/index.php?rest_route=\/wp\/v2\/posts\/16937\/revisions"}],"wp:featuredmedia":[{"embeddable":true,"href":"https:\/\/noticiasveraces.com\/index.php?rest_route=\/wp\/v2\/media\/16939"}],"wp:attachment":[{"href":"https:\/\/noticiasveraces.com\/index.php?rest_route=%2Fwp%2Fv2%2Fmedia&parent=16937"}],"wp:term":[{"taxonomy":"category","embeddable":true,"href":"https:\/\/noticiasveraces.com\/index.php?rest_route=%2Fwp%2Fv2%2Fcategories&post=16937"},{"taxonomy":"post_tag","embeddable":true,"href":"https:\/\/noticiasveraces.com\/index.php?rest_route=%2Fwp%2Fv2%2Ftags&post=16937"}],"curies":[{"name":"wp","href":"https:\/\/api.w.org\/{rel}","templated":true}]}}