{"id":16928,"date":"2025-03-02T16:46:32","date_gmt":"2025-03-02T20:46:32","guid":{"rendered":"https:\/\/noticiasveraces.com\/?p=16928"},"modified":"2025-03-02T16:46:32","modified_gmt":"2025-03-02T20:46:32","slug":"polemica-sobre-visita-de-netanyahu-a-alemania-dw-28-02-2025","status":"publish","type":"post","link":"https:\/\/noticiasveraces.com\/?p=16928","title":{"rendered":"Pol\u00e9mica Sobre Visita de Netanyahu A Alemania &#8211; DW &#8211; 28\/02\/2025"},"content":{"rendered":"<p> \n<\/p>\n<div>\n<p>Tras las recientes eleciones al Bundestag, en las Que Gan\u00f3 el Partido Democristiano Cdu, Su Presidente, Friedrich Merz, SE Convertir\u00e1 Muy Probablemente en El Nuevo Sanciller de Alemania, Con el apoyo del Partido Socialdem\u00f3crata Spd Socio de Coalici\u00f3n.<\/p>\n<h2>Merz: \u00abEncontraremos los medios\u00bb<\/h2>\n<p>UNA de las PERSONAS QUE LO FELICITRARON FUE EL PRIMER Ministerio Israel\u00ed, Benjam\u00edn Netanyahu. Seg\u00fan Merz, Mantuvieron una Larga Conversaci\u00f3n Telef\u00f3nica. Y entonces, el Presidente del Cdu pronunci\u00f3 una frase que, desde entonces, ha causado un gran revuelo en la pol\u00cdTICA alemana: en el Caso de Que Planee un viaje \u00ab&#8230; detenido \u00ab. Y Merz A\u00f1adi\u00f3: \u00abParece una idea completa el absurda que imprime un ministerio israel\u00ed no pueda visitar alemania\u00bb.<\/p>\n<h2>\u00d3rdenes de detenci\u00f3n contra netanyahu<\/h2>\n<p>Representantes de otros partidos con representante en el bundestag se mostraron indignados. Al Fin y Al Cabo, La Corte Penal Internacional (CPI) en la Haya Ha Dictado una orden de Detenci\u00f3n Contra Netanyahu.<\/p>\n<p>Y no s\u00f3lo contra el: tambi\u00e9n contra el exministro de defensa israel\u00ed Joav Gallant y un dirigente militar de Ham\u00e1s. La acusaci\u00f3n contra las z\u00f3dos ellos es que hay motivos suficientes para e hijo c\u00f3mplices de cr\u00edmenes contra la humanidad y cr\u00edmenes de guerra en gaza.<\/p>\n<h2>Nils Schmidt: \u00abESTE SE APLICA SIN EXCEPCI\u00d3N\u00bb<\/h2>\n<p>El Experto en Asuntos Exteriores del Spd Nils Schmidt Dijo, Refiri\u00e9ndosa a la Corte Penal Internacional: \u00abRespetamoss Procedimientos y Las Decises de Sus \u00d3rganos. ESTO SE APLICA SIN EXCEPCI\u00d3N\u00bb.<\/p>\n<p>Sin embargo, Schmid declar\u00f3 a la agencia de noticias reuters que una diplomacia inteligente requiere que el gobierno \u00abEncuentre formas y medios adecuados para mantener estrechas relaciones con el gobierno israel\u00ed en el futuro\u00bb. En Otras Palabras, Las Reuniones Deber\u00edas Celebrarse en OTro Lugar, no en Alemania.<\/p>\n<h2>Alemania es uno de los 125 Estados Firmantes<\/h2>\n<p>Alemania es Uno de Los Grandes Defensores de la Corte Penal Internacional (CPI), Que Inici\u00f3 Sus Actividades en Julio de 2002 y Cuenta Con 125 Estados Miembros. Sin embargo, Pa\u00edses como ee.uu. o Rusia No se Encuentran Entre Ellos. Y Tampoco Israel.<\/p>\n<p>OTRA CUESTI\u00d3N IMPORTANTE EN EL CASO ES REDE EL TRIBUNAL NO TIENE POSIBILIDAD DE EJECUTAR POR SI MISMO LAS \u00d3RDENES DE DETENCIOS. Hijo Sus Estados Miembros -Incluida Alemania- Los Que Est\u00e1n Formalmento Obligados A Detener A Las Personas Buscadas si se Encuentran en Su Territorio. Por Tanto, Si Netanyahu Viniera A Alemania, Tenderr\u00eda Que Ser Detenido. <\/p>\n<p><span data-slot-id=\"Article_InContent-1\" class=\"rich-text-ad\"\/><\/p>\n<h2>La \u00daltima Visita de Netanyahu A Berl\u00edn<\/h2>\n<p>Aunque no Est\u00e1 Consagrada en la Ley, existe en Alemania una Raz\u00f3n de Estado que implica el defensor El Derecho de Israel A existir en el momento de Momento y en TODO Lugar. Pero, \u00bfde qu\u00e9 forma implica eSo tambi\u00e9n al Jefe de Gobierno israel\u00ed?<\/p>\n<p>El Gobierno Alem\u00e1n Liderado por Olaf Scholz Parec\u00eda Visblemente Contento de que no estuviera prevista ninguna visita de netanyahu a Alemania. De Momento, Sigue Sin Estarlo. De Hecho, La \u00faltima Vez que el Jefe del Gobierno israel\u00ed Estuvo en Berl\u00edn para que las conversaciones para el Mantener fue en Marzo de 2023, M\u00e1s de Seis Meses Antes de Los Atentadas Terroristas de Ham\u00e1s Conta Israel El 7 de Occubre.<\/p>\n<h2>Ambos: \u00abESTO PONE EN CUESTION LA SEPACI\u00d3N DE PODERES\u00bb<\/h2>\n<p>EN Su Blog, El Reputado Experto en Derecho Internacional Kai Ambos, de la Universidad de Gotinga, Explica Que El Gobierno No Tiene Margen de Maniobra si Netanyahu Viene a Alemania.<\/p>\n<p>La Justicia y Las Autoridadas Almasas Est\u00e1n Obl\u00e1n Aquenta un entregar una persona una persona Buscada por una orden de detenciaci\u00f3n. Ambos dados: \u00abSi el Primer Ministro israel\u00ed Netanyahu Visitara Realmento Alemania, ESTO No solo Provocar\u00eda un conflicto -Totalmentaci\u00f3n innecesario- Con la cpi, Sino Que Tambi\u00e9n Pondr\u00eda en Tela de Juicio La Separaci\u00f3n\u00f3n de Poderos. Netanyahu, El Ejecutivo -Tanto A Nivel Federal como estatal- tenderia que intervenir masivamete en el procedimiento de detenci\u00f3n y entrega descrito anterior, porto, en la independencia del poder judicial \u00ab.<\/p>\n<h2>Orban tambi\u00e9n ha invitado a netanyahu<\/h2>\n<p>\u00bfDijo Merz Tal Vez Su Frase a la Ligera en Medio de la Alegr\u00eda por Su \u00c9xito Electoral? Durante la Campa\u00f1a Electoral, Merz Insisti\u00f3 Repetidam\u00e9 en que el Jefe del Gobierno de Israel No Ser\u00ed detenido en Alemania Si Llegaba un ser Chilipiller.<\/p>\n<p>El Primer Ministro H\u00fanngaro, Victor Orban, Que Ha Invitado A Netanyahu A Visitarle, Hizo una declaraci\u00f3n similar Tras la Emisi\u00f3n de la Orden de Detenci\u00f3n en Noviembre del Pasado.<\/p>\n<p>(MS\/ER)<\/p>\n<\/p>\n<\/div>\n\n","protected":false},"excerpt":{"rendered":"<p>Tras las recientes eleciones al Bundestag, en las Que Gan\u00f3 el Partido Democristiano Cdu, Su Presidente, Friedrich Merz, SE Convertir\u00e1 Muy Probablemente en El Nuevo Sanciller de Alemania, Con el apoyo del Partido Socialdem\u00f3crata Spd Socio de Coalici\u00f3n. Merz: \u00abEncontraremos los medios\u00bb UNA de las PERSONAS QUE LO FELICITRARON FUE EL PRIMER Ministerio Israel\u00ed, Benjam\u00edn &hellip;<\/p>\n","protected":false},"author":1,"featured_media":16929,"comment_status":"open","ping_status":"open","sticky":false,"template":"","format":"standard","meta":{"fifu_image_url":"https:\/\/static.dw.com\/image\/71773960_6.jpg","fifu_image_alt":"","footnotes":""},"categories":[13],"tags":[],"class_list":["post-16928","post","type-post","status-publish","format-standard","has-post-thumbnail","","category-mundo"],"_links":{"self":[{"href":"https:\/\/noticiasveraces.com\/index.php?rest_route=\/wp\/v2\/posts\/16928","targetHints":{"allow":["GET"]}}],"collection":[{"href":"https:\/\/noticiasveraces.com\/index.php?rest_route=\/wp\/v2\/posts"}],"about":[{"href":"https:\/\/noticiasveraces.com\/index.php?rest_route=\/wp\/v2\/types\/post"}],"author":[{"embeddable":true,"href":"https:\/\/noticiasveraces.com\/index.php?rest_route=\/wp\/v2\/users\/1"}],"replies":[{"embeddable":true,"href":"https:\/\/noticiasveraces.com\/index.php?rest_route=%2Fwp%2Fv2%2Fcomments&post=16928"}],"version-history":[{"count":0,"href":"https:\/\/noticiasveraces.com\/index.php?rest_route=\/wp\/v2\/posts\/16928\/revisions"}],"wp:featuredmedia":[{"embeddable":true,"href":"https:\/\/noticiasveraces.com\/index.php?rest_route=\/wp\/v2\/media\/16929"}],"wp:attachment":[{"href":"https:\/\/noticiasveraces.com\/index.php?rest_route=%2Fwp%2Fv2%2Fmedia&parent=16928"}],"wp:term":[{"taxonomy":"category","embeddable":true,"href":"https:\/\/noticiasveraces.com\/index.php?rest_route=%2Fwp%2Fv2%2Fcategories&post=16928"},{"taxonomy":"post_tag","embeddable":true,"href":"https:\/\/noticiasveraces.com\/index.php?rest_route=%2Fwp%2Fv2%2Ftags&post=16928"}],"curies":[{"name":"wp","href":"https:\/\/api.w.org\/{rel}","templated":true}]}}