{"id":16924,"date":"2025-03-02T14:40:20","date_gmt":"2025-03-02T18:40:20","guid":{"rendered":"https:\/\/noticiasveraces.com\/?p=16924"},"modified":"2025-03-02T14:40:20","modified_gmt":"2025-03-02T18:40:20","slug":"uruguay-y-alemania-destacan-el-valor-del-acuerdo-ue-mercosur-dw-02-03-2025","status":"publish","type":"post","link":"https:\/\/noticiasveraces.com\/?p=16924","title":{"rendered":"Uruguay y Alemania Destacan El Valor del Acuerdo Ue-Mercosur-DW-02\/03\/2025"},"content":{"rendered":"<p> \n<\/p>\n<div>\n<p>El Presidente de Uruguay, Yamand\u00fa Orsi, Y Su Hom\u00f3logo Alem\u00e1n Frank-Walter Steinmeier Destacaron Este Domingo (02.03.2025) en Montevideo la Importia del Acuerdo Entre la Uni\u00f3n Europea (UE) y El Mercosur.<\/p>\n<p>Tras Mantener una Reuni\u00f3n, Ambos Brindaron una Rueda de Prensa en el Palacio Est\u00e9vez de la Capital Uruguaya, en la Que el Nueva Mandatario del Pa\u00eds Americana Subray\u00f3 Que El Tratado Ser\u00e1 Clave de Su Gobierno en Pol\u00cdica Exterior.<\/p>\n<p>Asimismo, Hizo Hincapi\u00e9 en que Tambi\u00e9n Marcar\u00e1 \u00abUn antes y un desespu\u00e9s\u00bb Tanto para uruguay como para el Mercosur.<\/p>\n<p>\u00abESTA ES PARA URUGUAY UNA DE LAS PRINIDADES EN POL\u00cdTICA EXTERIOR Y MARCA UNO HITO EN NUUSESTRAS RELANZAS INTERRUCIONES Pa\u00edses del Mercosur, Reflejada en Los Acuerdos \u00ab, sentencio orsi.<\/p>\n<h2><strong>Steinmeier: \u00abQueremos y Necesitamos el Acuerdo Con El Mercosur\u00bb<\/strong><\/h2>\n<p>Mientras tanto, Steinmeier Dijo que est\u00e1 Agradecido por el Compromiso y El Apoyo del Pa\u00eds Sudamericano Con El Multilateralismo, Al Tiempo Que Remarc\u00f3 la Importia de Un Acuerdo Que El Pasado 6 de Diciembre se Cerr\u00f3 en Montevideo Tras Casi 25 Arimos A\u00f1os.<\/p>\n<p>\u00abQueremos y Necesitamos el Acuerdo con el Mercosur. Con el Acuerdo se Cear\u00e1 una de Las Zonas de Libre Comercio M\u00e1s Grandes del Mundo, Con M\u00e1s de 715 Millones de H\u00e1bitantes\u00bb, Se\u00f1al\u00f3.<\/p>\n<p>\u00abSolo el volumen Comercial de la alemania y Los Pa\u00edses del Mercosur Ascend\u00eda \u00daltimamete A 24,000 MILONES DE EUROS Y CON LA ENTRADA EN VIGOR DEL ACUERDO, Gracias A la Eliminaci\u00f3n de Aranceles, sepera.<\/p>\n<p>RR (Efe\/DPA\/El Pa\u00eds)<\/p>\n<\/div>\n\n","protected":false},"excerpt":{"rendered":"<p>El Presidente de Uruguay, Yamand\u00fa Orsi, Y Su Hom\u00f3logo Alem\u00e1n Frank-Walter Steinmeier Destacaron Este Domingo (02.03.2025) en Montevideo la Importia del Acuerdo Entre la Uni\u00f3n Europea (UE) y El Mercosur. Tras Mantener una Reuni\u00f3n, Ambos Brindaron una Rueda de Prensa en el Palacio Est\u00e9vez de la Capital Uruguaya, en la Que el Nueva Mandatario del &hellip;<\/p>\n","protected":false},"author":1,"featured_media":16925,"comment_status":"open","ping_status":"open","sticky":false,"template":"","format":"standard","meta":{"fifu_image_url":"https:\/\/static.dw.com\/image\/71803642_6.jpg","fifu_image_alt":"","footnotes":""},"categories":[13],"tags":[],"class_list":["post-16924","post","type-post","status-publish","format-standard","has-post-thumbnail","","category-mundo"],"_links":{"self":[{"href":"https:\/\/noticiasveraces.com\/index.php?rest_route=\/wp\/v2\/posts\/16924","targetHints":{"allow":["GET"]}}],"collection":[{"href":"https:\/\/noticiasveraces.com\/index.php?rest_route=\/wp\/v2\/posts"}],"about":[{"href":"https:\/\/noticiasveraces.com\/index.php?rest_route=\/wp\/v2\/types\/post"}],"author":[{"embeddable":true,"href":"https:\/\/noticiasveraces.com\/index.php?rest_route=\/wp\/v2\/users\/1"}],"replies":[{"embeddable":true,"href":"https:\/\/noticiasveraces.com\/index.php?rest_route=%2Fwp%2Fv2%2Fcomments&post=16924"}],"version-history":[{"count":0,"href":"https:\/\/noticiasveraces.com\/index.php?rest_route=\/wp\/v2\/posts\/16924\/revisions"}],"wp:featuredmedia":[{"embeddable":true,"href":"https:\/\/noticiasveraces.com\/index.php?rest_route=\/wp\/v2\/media\/16925"}],"wp:attachment":[{"href":"https:\/\/noticiasveraces.com\/index.php?rest_route=%2Fwp%2Fv2%2Fmedia&parent=16924"}],"wp:term":[{"taxonomy":"category","embeddable":true,"href":"https:\/\/noticiasveraces.com\/index.php?rest_route=%2Fwp%2Fv2%2Fcategories&post=16924"},{"taxonomy":"post_tag","embeddable":true,"href":"https:\/\/noticiasveraces.com\/index.php?rest_route=%2Fwp%2Fv2%2Ftags&post=16924"}],"curies":[{"name":"wp","href":"https:\/\/api.w.org\/{rel}","templated":true}]}}