{"id":16922,"date":"2025-03-02T13:36:25","date_gmt":"2025-03-02T17:36:25","guid":{"rendered":"https:\/\/noticiasveraces.com\/?p=16922"},"modified":"2025-03-02T13:36:25","modified_gmt":"2025-03-02T17:36:25","slug":"inicia-cumbre-de-paises-alios-de-ucrania-dw-02-03-2025","status":"publish","type":"post","link":"https:\/\/noticiasveraces.com\/?p=16922","title":{"rendered":"Inicia Cumbre de Pa\u00edses Alios de Ucrania &#8211; DW &#8211; 02\/03\/2025"},"content":{"rendered":"<p> \n<\/p>\n<div>\n<p>La Cumbre que Re\u00fane en Londres A Unos 20 Pa\u00edses Aliados de Ucrania Comenz\u00f3 Este Domingo (02.03.2025) en Presencia del Jefe de Estado de \u00e9s<\/p>\n<p>Los L\u00edderes Europeos Afrontan \u00abUn Momento \u00danico en una generaci\u00f3n para la Seguridad de Europa\u00bb, Afirm\u00f3 El Primer Ministro Brit\u00e1nnico Keir Starmer en la Aperta de la Cita.<\/p>\n<p>Encontrario una Buena Soluci\u00f3n para Ucrania es \u00abEsencial para la Seguridad de Todos los Pa\u00edses Aqu\u00ed Presenta y de Muchos Otros Tambi\u00e9n\u00bb, Agreg\u00f3.<\/p>\n<figure class=\"placeholder-image master_landscape big\"><img data-format=\"MASTER_LANDSCAPE\" data-id=\"71800333\" data-url=\"https:\/\/static.dw.com\/image\/71800333_${formatId}.jpg\" data-aspect-ratio=\"16\/9\" alt=\"De Izquierda A Derecha, El Presidente Franc\u00e9s Emmanuel Macron, El Primer Ministro Brit\u00e1nnico Keir Starmer y El Presidente Ucraniano Volodimir Zelenski en la Cumbre Sobre Ucrrania, Londres (02.03.2025)\" style=\"padding-bottom: 56.25%; height: 0; max-height: 0;\"\/><figcaption class=\"img-caption\">De Izquierda A Derecha, El Presidente Franc\u00e9s Emmanuel Macron, El Primer Ministro Brit\u00e1nnico Keir Starmer y El Presidente Ucraniano Volodimir Zelenski en la Cumbre Sobre Ucrrania, Londres (02.03.2025)<small class=\"copyright\">Imagen: Christophe Ena\/AP\/Picture Alliance<\/small><\/figcaption><\/figure>\n<h2><strong>Scholz: \u00abJuntos Como Amigos y Socios\u00bb Por una \u00abPaz Justa\u00bb para Ucrania<\/strong><\/h2>\n<p>\u00abTodos Debemos Movilizarnos\u00bb, Se\u00f1al\u00f3 Starmer, Quien no dud\u00f3 en reiterar Su apoyo a zelenski. \u00abEstamos concluy\u00f3 el TIempo que Haga Falta\u00bb, declar\u00f3, a la Vez que describe la cumbre como \u00abun momento para unirse\u00bb.<\/p>\n<p>EL PRESIDENTE UCRANIANO FUE RECIBIDO CALUROSIMO POR LOS OTROS 18 Participantes en la Reuni\u00f3n, Entre Los Que se Encuentran El Presidente Franc\u00e9s Emmanuel Macron, El Canciller Alem\u00e1n Olaf Scholz, El Secretario General de la Ootan, Mark Rutte, el Presidente del Gobierno, ESPIERMELOLOLOLOLOLOLLOLOLOLOLOLOLEL PEDRO.<\/p>\n<p>\u00abJuntos como Amigos y Socios. Por Una Paz Justa y Duradera para Ucrania y Seguridad para Europa\u00bb, Ecribi\u00f3 Scholz en la Red Social X.<\/p>\n<blockquote class=\"tweet embed\" data-id=\"1896224149468824000\"\/>\n<p>A la Reuni\u00f3n, Iniciativa del Primer Ministro Brit\u00e1nnico, Tambi\u00e9n Fueron Invitados Los Dirigentes de Italia, Turqu\u00eda, Pa\u00edses Bajos, Noruega, Polonia, Finlandia, Suecia, Rep\u00fablica Checa y Rumania.<\/p>\n<p>\u00abTODOS ESTAMOS MUY Comprometidos con un objetivo que queremos Alcanzar Domingo en Londres con Starmer. <\/p>\n<p>RR (AFP\/AP\/Reuters)<\/p>\n<\/div>\n\n","protected":false},"excerpt":{"rendered":"<p>La Cumbre que Re\u00fane en Londres A Unos 20 Pa\u00edses Aliados de Ucrania Comenz\u00f3 Este Domingo (02.03.2025) en Presencia del Jefe de Estado de \u00e9s Los L\u00edderes Europeos Afrontan \u00abUn Momento \u00danico en una generaci\u00f3n para la Seguridad de Europa\u00bb, Afirm\u00f3 El Primer Ministro Brit\u00e1nnico Keir Starmer en la Aperta de la Cita. Encontrario una &hellip;<\/p>\n","protected":false},"author":1,"featured_media":16923,"comment_status":"open","ping_status":"open","sticky":false,"template":"","format":"standard","meta":{"fifu_image_url":"https:\/\/static.dw.com\/image\/71800303_6.jpg","fifu_image_alt":"","footnotes":""},"categories":[13],"tags":[],"class_list":["post-16922","post","type-post","status-publish","format-standard","has-post-thumbnail","","category-mundo"],"_links":{"self":[{"href":"https:\/\/noticiasveraces.com\/index.php?rest_route=\/wp\/v2\/posts\/16922","targetHints":{"allow":["GET"]}}],"collection":[{"href":"https:\/\/noticiasveraces.com\/index.php?rest_route=\/wp\/v2\/posts"}],"about":[{"href":"https:\/\/noticiasveraces.com\/index.php?rest_route=\/wp\/v2\/types\/post"}],"author":[{"embeddable":true,"href":"https:\/\/noticiasveraces.com\/index.php?rest_route=\/wp\/v2\/users\/1"}],"replies":[{"embeddable":true,"href":"https:\/\/noticiasveraces.com\/index.php?rest_route=%2Fwp%2Fv2%2Fcomments&post=16922"}],"version-history":[{"count":0,"href":"https:\/\/noticiasveraces.com\/index.php?rest_route=\/wp\/v2\/posts\/16922\/revisions"}],"wp:featuredmedia":[{"embeddable":true,"href":"https:\/\/noticiasveraces.com\/index.php?rest_route=\/wp\/v2\/media\/16923"}],"wp:attachment":[{"href":"https:\/\/noticiasveraces.com\/index.php?rest_route=%2Fwp%2Fv2%2Fmedia&parent=16922"}],"wp:term":[{"taxonomy":"category","embeddable":true,"href":"https:\/\/noticiasveraces.com\/index.php?rest_route=%2Fwp%2Fv2%2Fcategories&post=16922"},{"taxonomy":"post_tag","embeddable":true,"href":"https:\/\/noticiasveraces.com\/index.php?rest_route=%2Fwp%2Fv2%2Ftags&post=16922"}],"curies":[{"name":"wp","href":"https:\/\/api.w.org\/{rel}","templated":true}]}}