{"id":16918,"date":"2025-03-02T13:14:58","date_gmt":"2025-03-02T17:14:58","guid":{"rendered":"https:\/\/noticiasveraces.com\/?p=16918"},"modified":"2025-03-02T13:14:58","modified_gmt":"2025-03-02T17:14:58","slug":"el-juez-que-paro-el-algarbico-habla-por-primera-vez-es-un-brindis-al-sol-decir-todo-el-rato-que-se-va-a-demoler-clima-y-medio-ambiente","status":"publish","type":"post","link":"https:\/\/noticiasveraces.com\/?p=16918","title":{"rendered":"El Juez Que Par\u00f3 El Algarbico Habla por Primera Vez: \u00abEs Un Brindis al Sol Decir TODO El Rato que se va a Demoler\u00bb | Clima y medio ambiente"},"content":{"rendered":"<p> \n<\/p>\n<div data-dtm-region=\"articulo_cuerpo\">\n<p class=\"\">Hay protagonistas de una Historia A Los Que cuesta D\u00e9cadas Convencer de Que Aepten una Entrevista. Jes\u00fas Rivera (Adra, Almer\u00eda, 67 A\u00f1os) Se Ha resistido Numantinam\u00e9 Hasta Ahora A Hablar P\u00fablicamete del Caso M\u00e1s C\u00e9lebre que Ha Tenido Entre SUS Manos Porque Estaba <i>Sub Judice,<\/i> Enmara\u00f1ado en una sucesi\u00f3n de sentencias y recursos en mil instancias. Pero de Todas Las Decisiones Judiciales que acumula el Caso M\u00c1S SIMB\u00d3LLico del Ladrillazo en Espa\u00f1a Solo una ha Tenido un Efecto Directo y tangible: La paralizaci\u00f3n Cautelar de las obras del hotel de la playa de el algarbico que dict\u00f3 rivra el 21 de febra de las hoteles de la playa de la playa de la playa. El titular del Juzgado de Lo Contencioso-Administrativo 2 de Almer\u00eda. \u00abYo Turnaron Ese Asunto y Me Cay\u00f3 la Mundial\u00bb, Recuerda con una sonrisa.<\/p>\n<p class=\"\">Rivera Habla Sentado en una Cafeter\u00eda de Granada Junto a la Sede del Tribunal Superior de Justicia de Andaluc\u00eda (Tsja), Donde Ahora Est\u00e1 Destinado este Magistrado Que no Pertenece a Ninguna Asoci\u00f3n Profesional, ni conservador ni processista. Las Obras del Hotel Levantado Dentro del T\u00e9rmino Municipal de Carboneras Siguen Paralizadas y LAS Sucesivas Decisiones de Los Tribunales Colegiados Han Ido Avalando lo Que Ya Entonces ESTE JUEZ DE ALMER\u00cdA: QUE LA CONDUCCI\u00d3N Pero el Edificio de 20 Plantas Sigue en Pie. Y Cada POco Renace El Caso de la Mano de Alg\u00fan Pol\u00cdtico de Uno u oTro signo que anuncia su demolici\u00f3n. Rivera Sostiene una Copia de Aquel Auto de 11 P\u00e1ginas de 2006 Que Ojea Antes de Emperzar A Conversar.<\/p>\n<p class=\"\"><b>Presunta.<\/b> \u00bfRecuerda el d\u00eda que lo dict\u00f3?<\/p>\n<p class=\"\"><b>Respuesta.<\/b> Si. La petici\u00f3n de medida cautelar me la dej\u00f3 la funcionalaria encima de la mesa a \u00daltima Hora, Como siempre hac\u00eda. &#8216;Aqu\u00ed Tiene, Don Jes\u00fas&#8217;, me dijo. Y Pens\u00e9: &#8216;Buyo, una medida cautelar m\u00e1s de las ordinarias que suelo resolver &#8230;&#8217;. Pero cuando comienzo a fin de procedimiento me doy cuenta de la magnitud de lo que me solicitaba una asociacon ecologana. El Asunto Ten\u00eda Importancia, Aunque yo no sab\u00eda que iba un tending tanta trascendencia medi\u00e1tica. La Petici\u00f3n se acompa\u00f1aba del Informe de un t\u00e9cnico que dec\u00eda que la construcci\u00f3n hab\u00eda invadido pr\u00e1cticate Toda la Servidumbre de Protecci\u00f3n Que Marcaba la Ley de Costa. La ley establec\u00eda esa servidumbre en 100 metros y el hotel estaba a 14 metros de la l\u00ednea donde rompen las days. En un Principio, Con este Auto, se dict\u00f3 la medida cautelar de paralizacia de las obras por afectar a la normativa sectorial de costas. En la sentencia posterior que dict\u00e9 el 5 de Septiembre de 2008 ya me MET\u00cd A VALORAR SI TAMBI\u00c9N VULNERABA LA NORMANTIVA DE MEDIO AMBIENTE. Y Se Vulneraba Porque El Hotel Estaba Construido en un \u00e9rea Natural Protegida, en el Parque Natural Cabo de Gata-N\u00edjar.<\/p>\n<p class=\"\"><b>PAG.<\/b> \u00bfPero Aquel D\u00eda de Febero de 2006 Ya Vio Claro que hab\u00eda que detenerlo?<\/p>\n<p class=\"\"><b>R.<\/b> Claro, Hab\u00eda un dictamen pericial. No pod\u00eda hacer o\u00eddos sordos a eSo. ERA DE UNA CLARIDAD MERIDIANA. El problema era que se estaba ya eJecutado en un 94%.<\/p>\n<p class=\"\"><b>PAG.<\/b> ESo es muy Llamatuivo, que una edificaci\u00f3 de dimensiones de construida encima de la playa, Rozando el mar, se hubiese podido pr\u00e1ctico rematar.<\/p>\n<p class=\"\"><b>R.<\/b> Y si no lllega a ser por el el auto que dict\u00e9 con la medida cautelar Hoy estar\u00eda abierto ya pleno rendimiento, lleno de clientes.<\/p>\n<p class=\"\"><b>PAG.<\/b> \u00bfEstar\u00eda Funcionando?<\/p>\n<p class=\"\"><b>R.<\/b> Creo que s\u00ed. HUBO MOYA GENTE QUE SE PUSO DE PIFLIL, AUNQUE NO QUIERO ENTRAR EN ESO. Pero Gracias A Dios El Tribunal Supremo me dio Sucesivamete la Raz\u00f3n en la Doble Normaciva que se Incumpl\u00eda. Primero, Fue la Audiencia Nacional la que diJo Que la Orden Ministerial Que Aprob\u00f3 El Deslinde de la Zona que estableciera los 100 Metros de Protecci\u00f3 de la Costa era conforme a un derecho. Y, Despu\u00e9s, en Materia Medioambiental, Una Sentencia Magn\u00edfica Firmada por Un Ponente que Est\u00e1 Ahora en el Constitucional, C\u00e9sar Tolosa, del 10 de febrero de 2016, Dijo que efectivamete se vulneraba la normativa, el plan de los recursos naturales del parque. Y dijo que estaba en suelo no urbanizable de la protecci\u00f3n especial. Con lo Cual, El Hotel Ten\u00eda una Doble Sentencia de Muerte: Por Vulnerar La Normativa de Costas Y, Por Ootro Lado, Por Infringir la Normativa Medioambiental.<\/p>\n<p class=\"\"><b>PAG.<\/b> Volvamos A Aquel 21 de Febero, Despu\u00e9s de Que la Funcionaria le Pasase el Expediente Con la Petici\u00f3ner de Medida Cautelar, \u00bfQu\u00e9 ocurre?<\/p>\n<p class=\"\"><b>R.<\/b> Yo PIENSO Que no Ten\u00eda m\u00e1s remedio que Dictar el Auto. Manuscribo unos folios y se los paso a la funcionalaria para que lo mecanografiara en el ordenador, y se le notifica a Todas las partes.<\/p>\n<p class=\"\"><b>PAG.<\/b> \u00bfY Qu\u00e9 Pas\u00f3?<\/p>\n<p class=\"\"><b>R.<\/b> Aquello Fue una explosi\u00f3n medi\u00e1tica tremenda, inclusi\u00f3n Internacional. Me Llamaron de otros Pa\u00edses DiCiito: Oye Est\u00e1s Aqu\u00ed en Los Quioscos, Dicen Algo de Un Juez Llamado <i>Jes\u00fas <\/i>Rivera, De Un Caso de Carboneras. \u00bfPor qu\u00e9? Yo Creo Que Esa Extensi\u00f3n de la Noticia se Debi\u00f3e a que Greenpeace Tiene una estructura muy grande, muy amplia en los continentes de los cinco. Y, Claro, Greenpeace se implic\u00f3 mucho en este.<\/p>\n<p class=\"\"><b>PAG.<\/b> Y el algarbico se convirti\u00f3 en un c\u00edmbolo de la especulaci\u00f3.<\/p>\n<p class=\"\"><b>R.<\/b> De Hecho, Los Ecologan Han Seguido Poniendo como paradigma de la corrupci\u00f3n urban\u00edstica esta construcci\u00f3n.<\/p>\n<figure class=\"a_m a_m-h \"><span class=\"_db a_m_w _pr lb_btn\"><img alt=\"El Magistrado Jes\u00fas Rivera. \" decoding=\"auto\" class=\"_re lazyload a_m-h\" height=\"277\" srcset=\"https:\/\/imagenes.elpais.com\/resizer\/v2\/SDNUCL5E4NHYTDVMUJVAJNEAW4.jpg?auth=7576887686bd92a7fd55b77dedab2c76fa32b3b17ab5a03b6494be23273be428&amp;width=414 414w,https:\/\/imagenes.elpais.com\/resizer\/v2\/SDNUCL5E4NHYTDVMUJVAJNEAW4.jpg?auth=7576887686bd92a7fd55b77dedab2c76fa32b3b17ab5a03b6494be23273be428&amp;width=828 640w,https:\/\/imagenes.elpais.com\/resizer\/v2\/SDNUCL5E4NHYTDVMUJVAJNEAW4.jpg?auth=7576887686bd92a7fd55b77dedab2c76fa32b3b17ab5a03b6494be23273be428&amp;width=980 1000w,https:\/\/imagenes.elpais.com\/resizer\/v2\/SDNUCL5E4NHYTDVMUJVAJNEAW4.jpg?auth=7576887686bd92a7fd55b77dedab2c76fa32b3b17ab5a03b6494be23273be428&amp;width=1960 1960w\" width=\"414\" sizes=\"auto, (min-width:1199px) 1155px,(min-width:1001px) calc(100vw - 44px),(min-width:768px) 767px, 100vw\" src=\"https:\/\/imagenes.elpais.com\/resizer\/v2\/SDNUCL5E4NHYTDVMUJVAJNEAW4.jpg?auth=7576887686bd92a7fd55b77dedab2c76fa32b3b17ab5a03b6494be23273be428&amp;width=414\" loading=\"lazy\"\/><svg class=\"icon_multimedia_ampliar | _pa a_m_i a_m_i-a _dn\" viewbox=\"0 0 40 40\"><use xlink:href=\"#svg-ampliar\"\/><\/svg><\/span><figcaption class=\"a_m_p\"><span>El Magistrado Jes\u00fas Rivera. <\/span><span class=\"a_m_m\">Ferm\u00edn Rodr\u00edguez (Fermin Rodr\u00edguez)<\/span><\/figcaption><\/figure>\n<p class=\"\"><b>PAG.<\/b> En su Momento, Comunic\u00f3 a la fiscal\u00eda que quis\u00e1s la concesi\u00f3n de la licencia al hotel, al margen del proceso contencioso, se Deb\u00eda perseguir por la v\u00eda penal.<\/p>\n<p class=\"\"><b>R.<\/b> S\u00ed, en la Sentencia del Recurso Director Acord\u00e9 Deducir testimonio a la fiscal\u00eda por la presunta comisi\u00f3n de un delito de prevaricacia administrativa y contra la ordenaci\u00f3n del territorio. Pero, Nada, la fiscal\u00eda no Hizo nada y archiv\u00f3 directamento el testimonio que le envi\u00e9. Pero Buen &#8230;<\/p>\n<p class=\"\"><b>PAG. <\/b>\u00bfPrimero dict\u00f3 la paralizacia cautelar y luego, en 2008, anul\u00f3 la licencia del hotel?<\/p>\n<p class=\"\"><b>R.<\/b> Eso es. Bueno, Orden\u00e9 Revisar La Licencia, no la anul\u00e9. La ten\u00eda que revisar el mismo ayuntamiento que la concedi\u00f3. Despu\u00e9s se Ha Vuelto a Reiterar en 2021 en una sentencia de la Sala de la Secci\u00f3n cuta del tsja diciendo que tie que revisarla. Y Creo Que al Ayuntamiento de Carboneras, Seg\u00fan He Le\u00eddo en la Prensa, se le est\u00e1 advirtido con multas coercitivas por no cumplir y no modificar las normas urban\u00edsticas.<\/p>\n<p class=\"\"><b>PAG.<\/b> Usted es de Adra. \u00bfConoc\u00eda la Playa de El Algarbico Cuando Dict\u00f3 El Auto en 2006?<\/p>\n<p class=\"\"><b>R.<\/b> Fui muchos desespu\u00e9s en coche con unos amigos. VI Aquel Mamotreto y Pens\u00e9: \u00abPero Si es que Est\u00e1 Al Lado de la Playa, Desde la H\u00e1bitacia del Hotel Uno Puede Tirarsse al Mar\u00bb. Eso Fue Ya en 2010 O 2011, Ya Hab\u00eda Transcurrido Mucho Tiempo.<\/p>\n<p class=\"\"><b>PAG. <\/b>El solo hotel es el solo la Punta de Lanza, Porque Formaba parte de un Proyecto Mucho Mayor.<\/p>\n<p class=\"\"><b>R.<\/b> S\u00ed, alcalde. Creo que Hab\u00eda Hasta Alg\u00fan Campo de Golf Previsto. No lo recuerdo bien. S\u00e9 que hab\u00eda proyectadas en las zonas adyacenes la construcci\u00f3n de muchos aparatos.<\/p>\n<p class=\"\"><b>PAG. <\/b>Cuando un juez dicta un auto de este tipo y se monta la que se Mont\u00f3 con el algarbico, \u00bfle entran dudas?<\/p>\n<p class=\"\"><b>R.<\/b> No. Sab\u00eda Que Ten\u00eda Que Dictar Este Auto M\u00e1s All\u00e1 de las consecias que Pudiera Haber. Yo no era la que el de hab\u00eda conformado la situaci\u00f3n f\u00f3rica. Ten\u00eda que resolver la medida cautelar y en la medida que esas obras hab\u00eda hab\u00edan invadido la servidumbre de protecci\u00f3n eran ilegales, al menos en parte.<\/p>\n<p class=\"\"><b>PAG.<\/b> \u00bfSe Ha Sentido presionado es Estos A\u00f1os Por Este Caso?<\/p>\n<p class=\"\"><b>R.<\/b> No, no. Indirectamento por los opini\u00f3n de Algunos Pol\u00cdticos, Pero, Bueno, A M\u00ed no Me influye Eso.<\/p>\n<p class=\"\"><b>PAG.<\/b> \u00bfY respaldado se ha sentido?<\/p>\n<p class=\"\"><b>R.<\/b> S\u00ed, Sobre TODO, Por Las Asociaciones Ecologans, Como Greenpeace o Ecologistas en Accion, por los Grupos que Sintieron preocupationes ya los que seas gust\u00f3 que alguien pusiera coto a lo de -quhe rene una una aberraci\u00f3n.<\/p>\n<p class=\"\"><b>PAG.<\/b> \u00bfSe considera una persona ecologista o sensible con el medio ambiente?<\/p>\n<p class=\"\"><b>R.<\/b> Considero que el medio ambiente Hay que protegerlo porque es un legado que forma parte de la masa hereditaria que vamos a dejar a nuestros hijos y al resta de la humanidad.<\/p>\n<p class=\"\"><b>PAG.<\/b> En muchos casos se usa el argumento de los Empleos para justificar actitudes contrarias al medio ambiente.<\/p>\n<p class=\"\"><b>R.<\/b> Pero es una Justificaci\u00f3n D\u00e9bil. Los Empleos no Pueden Justificar un Atropello al Medio Ambiente. \u00bfQu\u00e9 Problema Hab\u00eda para el el hotel se Hubiera RetRanqueado m\u00e1s Arba de la MontaNa? Lo que pasa es que se quer\u00eda tener un resort ah\u00ed y decir &#8216;Mira, Estamos en plena playa&#8217;.<\/p>\n<p class=\"\"><b>PAG.<\/b> Hay Quien Dice Que Si Se Hubiera Hecho Unos Metro Atr\u00e1s Hubiera Salido Adelante &#8230; Quiz\u00e1s, ERA El Reflejo de Una Espa\u00f1a del Ladrillo y de la impunidad &#8230;<\/p>\n<p class=\"\"><b>R.<\/b> Creo Que Eso del <i>auge <\/i>Del Ladrillo es una explicaci\u00f3n muy socorrida. Es Verdad que Ha Haido una Intervenci\u00f3n laxa en muchas ocasas de las Normas, Pero tambi\u00e9n ha Haido -gente que Ha combatido esos exesos y que es digna de encomio. Tambi\u00e9n Hay Promotores que Son Respetuosos Con la Legalidad. No podemos hacer tabla rasa con todo el Mundo.<\/p>\n<figure class=\"a_m a_m-h \"><span class=\"_db a_m_w _pr lb_btn\"><img alt=\"Vista Desde la Orilla del Mar del Hotel Levantado en la Playa de El Agarrobico, en Carboneras (Almer\u00eda). \" decoding=\"auto\" class=\"_re lazyload a_m-h\" height=\"276\" srcset=\"https:\/\/imagenes.elpais.com\/resizer\/v2\/MTXXMR7VMZE35AZ2PL2MKKIMKM.jpg?auth=058b8b9b44f4397fcf0b6efa5e128d2695c9b965f0aaae7f95b84ce4b7db0860&amp;width=414 414w,https:\/\/imagenes.elpais.com\/resizer\/v2\/MTXXMR7VMZE35AZ2PL2MKKIMKM.jpg?auth=058b8b9b44f4397fcf0b6efa5e128d2695c9b965f0aaae7f95b84ce4b7db0860&amp;width=828 640w,https:\/\/imagenes.elpais.com\/resizer\/v2\/MTXXMR7VMZE35AZ2PL2MKKIMKM.jpg?auth=058b8b9b44f4397fcf0b6efa5e128d2695c9b965f0aaae7f95b84ce4b7db0860&amp;width=980 1000w,https:\/\/imagenes.elpais.com\/resizer\/v2\/MTXXMR7VMZE35AZ2PL2MKKIMKM.jpg?auth=058b8b9b44f4397fcf0b6efa5e128d2695c9b965f0aaae7f95b84ce4b7db0860&amp;width=1960 1960w\" width=\"414\" sizes=\"auto, (min-width:1199px) 1155px,(min-width:1001px) calc(100vw - 44px),(min-width:768px) 767px, 100vw\" src=\"https:\/\/imagenes.elpais.com\/resizer\/v2\/MTXXMR7VMZE35AZ2PL2MKKIMKM.jpg?auth=058b8b9b44f4397fcf0b6efa5e128d2695c9b965f0aaae7f95b84ce4b7db0860&amp;width=414\" loading=\"lazy\"\/><svg class=\"icon_multimedia_ampliar | _pa a_m_i a_m_i-a _dn\" viewbox=\"0 0 40 40\"><use xlink:href=\"#svg-ampliar\"\/><\/svg><\/span><figcaption class=\"a_m_p\"><span>Vista Desde la Orilla del Mar del Hotel Levantado en la Playa de El Agarrobico, en Carboneras (Almer\u00eda). <\/span><span class=\"a_m_m\">Francisco Bonilla<\/span><\/figcaption><\/figure>\n<p class=\"\"><b>PAG.<\/b> \u00bfY si es Tan Clara la Ilegalidad del Hotel por?<\/p>\n<p class=\"\"><b>R.<\/b> Porque Hay Un problema T\u00e9cnico Jur\u00eddico que no s\u00e9 s\u00e9 si es que no se Alcanza un comprensor. El problema real, d\u00edgase lo que se diga, es que el hotel tiene una licencia vigente otorgada en 2003. Mientras que no se revise y se declare nula por esas vulneraciones no se demoler. Creo que es un brindis al sol decir todo el rato que se va a demoler. Usted Puede Tener Voluntead, De Buena Fe, y Decir que se va a un hotel demoler el Dichoso. Pero Debe tener la Herramienta Jur\u00eddica para Hacerlo. En Primer Lugar, SE Debe Discutir si Tambi\u00e9n Tienen Derecho a la Indemnizaci\u00f3n, Porque de Alguna Manera las Obras Estaban Basadas en una licencia Otorgada, en Principio, Legalmenta. No se pude empezar la Casa por el Tejado. Hay una licencia que est\u00e1 vigente, curiosam\u00e9, desesperados de tantos a\u00f1os. \u00bfPor qu\u00e9 no se ha revisado?<\/p>\n<p class=\"\"><b>PAG.<\/b> Quiz\u00e1s no se revisa por unito Pecuniario, porque las administraciones Temen tener que indemnizar al promotor.<\/p>\n<p class=\"\"><b>R. <\/b>Pero Hay Un problema para la promotora: La Sala de Lo Contencioso de la Audiencia Nacional le desestim\u00f3 una peti\u00f3n de 70 Millones de Euros. Porque, como yo defend\u00ed, el promotor ten\u00eda perfecto conocimiento de la ilegalidad.<\/p>\n<p class=\"\"><b>PAG.<\/b> \u00bfAquel Auto de 2006 es el m\u00e1s que es importante que se haya dictado en su Carrera?<\/p>\n<p class=\"\"><b>R.<\/b> No, no Creo. Creo que t\u00e9cnicamte es asado. Est\u00e1 Bien, Pero Creo que Dicado otros Auto M\u00e1s Complejos e IMPORTANTES.<\/p>\n<p class=\"\"><b>PAG. <\/b>\u00bfPero el de M\u00e1s Proyeci\u00f3n Medi\u00e1tica?<\/p>\n<p class=\"\"><b>R. <\/b>S\u00ed, Desde LUEGO, Por la Importia Que Ha Tenido, Sobre TODO Entre la Gente que Estaba Interesada en la Defensa del Medio Ambiente, Que Ha Visto ESTO COMO ALGO DE LUZ.<\/p>\n<p class=\"\"><b>PAG.<\/b> \u00bfY Cuando Usted Mira A SUS 33 A\u00f1os de Carrera Judicial y Recuerda Este Caso, lo hace con satisfacci\u00f3n?<\/p>\n<p class=\"\"><b>R.<\/b> MUCHO. No suelo retrotraerme en la Memoria A los Casos, pero Algunas Veces Sale Con Compa\u00f1eros y Amigos. Y Siempre Digo Lo Mismo: \u00abHice lo que ten\u00eda que Hacer, Sencillamete\u00bb. Y a lo que me obligaba la Ley.<\/p>\n<p class=\"\"><b>PAG.<\/b> \u00bfY Lo Volver\u00eda un Hacer?<\/p>\n<p class=\"\"><b>R.<\/b> Por Supuesto, Sin Ninguna Duda.<\/p>\n<p class=\"\"><b>PAG. <\/b>\u00bfCu\u00e1ndo Cree Usted que se Derribar\u00e1 El Hotel?<\/p>\n<p class=\"\"><b>R.<\/b> Creo que Eso lo va a Derribar el Salitre. Porque ahora entramos en un t\u00danel donde va a Haber una pl\u00e9yade de recursos. Es Decir, Ahora se Pide la Revisi\u00f3n de la Licencia, Luego Habr\u00e1 Recurso Contra Eso que Ir\u00e1 Al Contencioso, Despu\u00e9s al Supremo. A\u00f1os Tras A\u00f1os. \u00bfPor qu\u00e9? Porque, Entre Otras Cosas, La Justicia en Espa\u00f1a ha Sido Menesterosa. No hay la plantilla necesaria judicial. El Porcentaje de Jueces y Magistrados por habitante en Espa\u00f1a es Sensiblemento Inferior A Otros Pa\u00edses del Entono. Quiz\u00e1s, se podr\u00eda invertir un poco m\u00e1s.<\/p>\n<p class=\"\"><b>PAG.<\/b> \u00bfCree que se podr\u00eda repetir un Caso El Algarbico Hoy?<\/p>\n<p class=\"\"><b>R.<\/b> Creo Que en la actualidad, no. PIENSO QUE LA GENTE EN GENERAL HA Interiorizado la Sensibilidad de los Grupos Ecolateas, Eso Ha Calado. No se pude hacer todo a Costa de Cualquier Cosa y en contra del Medio Ambiente. Heno m\u00e1s conciencia.<\/p>\n<p class=\"\"><b>PAG.<\/b> \u00bfPor Qu\u00e9 Q\u00e9 Nunca Ha Concedido Usted Una Entrevista Para Hablar de Este Caso?<\/p>\n<p class=\"\"><b>R. <\/b>Siempre Dije Lo Mismo: Est\u00e1 <i>Sub Judice<\/i>. Estaba Pendiente de Resoluci\u00f3n del Tsja y Despu\u00e9s del Tribunal Supremo. Entonces Pod\u00eda Entenderse como una especie de injerencia inadmisible de un magistrado del magistrado que ha conocido es asunto, y no iba a ser bien visto por nieie.<\/p>\n<\/div>\n\n","protected":false},"excerpt":{"rendered":"<p>Hay protagonistas de una Historia A Los Que cuesta D\u00e9cadas Convencer de Que Aepten una Entrevista. Jes\u00fas Rivera (Adra, Almer\u00eda, 67 A\u00f1os) Se Ha resistido Numantinam\u00e9 Hasta Ahora A Hablar P\u00fablicamete del Caso M\u00e1s C\u00e9lebre que Ha Tenido Entre SUS Manos Porque Estaba Sub Judice, Enmara\u00f1ado en una sucesi\u00f3n de sentencias y recursos en mil &hellip;<\/p>\n","protected":false},"author":1,"featured_media":16919,"comment_status":"open","ping_status":"open","sticky":false,"template":"","format":"standard","meta":{"fifu_image_url":"https:\/\/imagenes.elpais.com\/resizer\/v2\/IED7CECRKBDDDFQ6ZQCNRRNSVI.jpg?auth=45d1a1554e2ae28835053e4639403b704fe7c70c0dc8b125845c22cfc648da0a&width=1200","fifu_image_alt":"","footnotes":""},"categories":[11],"tags":[],"class_list":["post-16918","post","type-post","status-publish","format-standard","has-post-thumbnail","","category-viaje"],"_links":{"self":[{"href":"https:\/\/noticiasveraces.com\/index.php?rest_route=\/wp\/v2\/posts\/16918","targetHints":{"allow":["GET"]}}],"collection":[{"href":"https:\/\/noticiasveraces.com\/index.php?rest_route=\/wp\/v2\/posts"}],"about":[{"href":"https:\/\/noticiasveraces.com\/index.php?rest_route=\/wp\/v2\/types\/post"}],"author":[{"embeddable":true,"href":"https:\/\/noticiasveraces.com\/index.php?rest_route=\/wp\/v2\/users\/1"}],"replies":[{"embeddable":true,"href":"https:\/\/noticiasveraces.com\/index.php?rest_route=%2Fwp%2Fv2%2Fcomments&post=16918"}],"version-history":[{"count":0,"href":"https:\/\/noticiasveraces.com\/index.php?rest_route=\/wp\/v2\/posts\/16918\/revisions"}],"wp:featuredmedia":[{"embeddable":true,"href":"https:\/\/noticiasveraces.com\/index.php?rest_route=\/wp\/v2\/media\/16919"}],"wp:attachment":[{"href":"https:\/\/noticiasveraces.com\/index.php?rest_route=%2Fwp%2Fv2%2Fmedia&parent=16918"}],"wp:term":[{"taxonomy":"category","embeddable":true,"href":"https:\/\/noticiasveraces.com\/index.php?rest_route=%2Fwp%2Fv2%2Fcategories&post=16918"},{"taxonomy":"post_tag","embeddable":true,"href":"https:\/\/noticiasveraces.com\/index.php?rest_route=%2Fwp%2Fv2%2Ftags&post=16918"}],"curies":[{"name":"wp","href":"https:\/\/api.w.org\/{rel}","templated":true}]}}