{"id":16894,"date":"2025-03-02T10:20:19","date_gmt":"2025-03-02T14:20:19","guid":{"rendered":"https:\/\/noticiasveraces.com\/?p=16894"},"modified":"2025-03-02T10:20:19","modified_gmt":"2025-03-02T14:20:19","slug":"israel-amenaza-con-intervenir-en-siria-en-defensa-de-drusos-dw-02-03-2025","status":"publish","type":"post","link":"https:\/\/noticiasveraces.com\/?p=16894","title":{"rendered":"Israel Amenaza Con Intervenir en Siria en Defensa de Drusos &#8211; DW &#8211; 02\/03\/2025"},"content":{"rendered":"<p> \n<\/p>\n<div>\n<p>El Ministro Israel\u00ed de Defense, Israel Katz, Amenaz\u00f3 la Noche del S\u00e1bado (01.03.2025) con una intervenci\u00f3n Militar en Siria Contra Las Fuerzas de Damasco \u00abSi el R\u00e9gimen atenta contra los Dusos\u00bb.<\/p>\n<p>\u00abNo hay permiso que el r\u00e9gimen terrorista del Islam radical en Siria Haga Da\u00f1o A Los Drusos\u00bb, Declar\u00f3 Katz, Citado en un Comunicado emitido por su ministerio. \u00abSi el R\u00e9gimen atenta contra Los Drusos, Nosotros Atentaremos Contra \u00e9l\u00bb.<\/p>\n<p>Los Drusos hijo un Grupo minoritario que Tambi\u00e9n Tiene Poblaciones en L\u00edbano, Israel y en la Zona del Gol\u00e1n, Ocupada por Israel. Este Representaci\u00f3n de Grupo Un 3% de la Poblacia de Siria.<\/p>\n<p>El Comunicado Israel\u00ed Menciona en Concreto la Localidad de Jaramana, Una Zona Densamento Poblada de Mayor\u00eda Cristiana y Drusa en Los Suburbios del Sureste de la Capital Siria, Damasco.<\/p>\n<p>All\u00ed, seg\u00fan el Observatorio Sirio para los Derechos Humanos (OSDH), una persona muri\u00f3 y nueve resultaron heridas el s\u00e1bado en enfrentamientos entre drusos armados y miembros de las fuerzas de seguridad del nuevo poder islamista radical, que derroc\u00f3 a Bashar al Asad a finales de 2024.<\/p>\n<p>El Primer Ministro Israel\u00ed, Benjamin Netanyahu, Y Katz Ordenaron al Ej\u00e9rcito que \u00abse prepara para defensor para el defensor\u00bb esta CiADad \u00abRealmental Atacada por Las Fuerzas del R\u00e9gimen Sirio\u00bb, afirm\u00f3 elxto.<\/p>\n<p>GS (AFP, AP)<\/p>\n<\/div>\n\n","protected":false},"excerpt":{"rendered":"<p>El Ministro Israel\u00ed de Defense, Israel Katz, Amenaz\u00f3 la Noche del S\u00e1bado (01.03.2025) con una intervenci\u00f3n Militar en Siria Contra Las Fuerzas de Damasco \u00abSi el R\u00e9gimen atenta contra los Dusos\u00bb. \u00abNo hay permiso que el r\u00e9gimen terrorista del Islam radical en Siria Haga Da\u00f1o A Los Drusos\u00bb, Declar\u00f3 Katz, Citado en un Comunicado emitido &hellip;<\/p>\n","protected":false},"author":1,"featured_media":16895,"comment_status":"open","ping_status":"open","sticky":false,"template":"","format":"standard","meta":{"fifu_image_url":"https:\/\/static.dw.com\/image\/71198543_6.jpg","fifu_image_alt":"","footnotes":""},"categories":[13],"tags":[],"class_list":["post-16894","post","type-post","status-publish","format-standard","has-post-thumbnail","","category-mundo"],"_links":{"self":[{"href":"https:\/\/noticiasveraces.com\/index.php?rest_route=\/wp\/v2\/posts\/16894","targetHints":{"allow":["GET"]}}],"collection":[{"href":"https:\/\/noticiasveraces.com\/index.php?rest_route=\/wp\/v2\/posts"}],"about":[{"href":"https:\/\/noticiasveraces.com\/index.php?rest_route=\/wp\/v2\/types\/post"}],"author":[{"embeddable":true,"href":"https:\/\/noticiasveraces.com\/index.php?rest_route=\/wp\/v2\/users\/1"}],"replies":[{"embeddable":true,"href":"https:\/\/noticiasveraces.com\/index.php?rest_route=%2Fwp%2Fv2%2Fcomments&post=16894"}],"version-history":[{"count":0,"href":"https:\/\/noticiasveraces.com\/index.php?rest_route=\/wp\/v2\/posts\/16894\/revisions"}],"wp:featuredmedia":[{"embeddable":true,"href":"https:\/\/noticiasveraces.com\/index.php?rest_route=\/wp\/v2\/media\/16895"}],"wp:attachment":[{"href":"https:\/\/noticiasveraces.com\/index.php?rest_route=%2Fwp%2Fv2%2Fmedia&parent=16894"}],"wp:term":[{"taxonomy":"category","embeddable":true,"href":"https:\/\/noticiasveraces.com\/index.php?rest_route=%2Fwp%2Fv2%2Fcategories&post=16894"},{"taxonomy":"post_tag","embeddable":true,"href":"https:\/\/noticiasveraces.com\/index.php?rest_route=%2Fwp%2Fv2%2Ftags&post=16894"}],"curies":[{"name":"wp","href":"https:\/\/api.w.org\/{rel}","templated":true}]}}