{"id":16892,"date":"2025-03-02T09:19:04","date_gmt":"2025-03-02T13:19:04","guid":{"rendered":"https:\/\/noticiasveraces.com\/?p=16892"},"modified":"2025-03-02T09:19:04","modified_gmt":"2025-03-02T13:19:04","slug":"israel-frena-ingeso-de-ayuda-humanitaria-a-franja-de-gaza-dw-02-03-2025","status":"publish","type":"post","link":"https:\/\/noticiasveraces.com\/?p=16892","title":{"rendered":"Israel Frena Ingeso de Ayuda Humanitaria A Franja de Gaza &#8211; DW &#8211; 02\/03\/2025"},"content":{"rendered":"<p> \n<\/p>\n<div>\n<p>Las Autoridadas de LAS Israel\u00edes Detuvieron La Entrada de Ayuda Humanitaria a la Franja de Gaza Este Domingo (02.03.2025), Tras Expirar La Primera Fase del Acuerdo de Alto al Fuego Entre Israel y Ham\u00e1s en El Enclave, Anuncina Oficina Oficina Ministro. La decisi\u00f3n fue calificada como \u00abCrimen de Guerra\u00bb por el Grupo Islamista, que exige el Cumplimento del Acuerdo Mediado por Qatar, Egipto y Estados Unidos.<\/p>\n<p>\u00abCon el Final de la Fase 1, El Primer Ministro Netanyahu Ha decidido Que, A Partir de Esta Ma\u00f1ana, Toda Entrada de Bienes y Suministros a la Franja de Gaza C\u00e9sar\u00e1\u00bb, Detalla el Comunicado. La Primera Fase del Plan de Alto al Fuego en Gaza Termin\u00f3 sin que las partes Alcanzaran un acuerdo para implement la segunda, que deber\u00eda haber entrado en vigor este domingo y contempla la entrega de los rehenes rehenes vivos en el vigor este definitivamente definitivamente definitivamente.<\/p>\n<p>Las Autoridadas de Las Israel\u00edes ACUSaron a Ham\u00e1s de \u00abNo Aceptar El Borrador de Witkoff para Continuar las conversaciones\u00bb, en referencia una propuesta de propuesta que israel atribuye al alado de la Mitad de los Rehenes Vivos y Muertos que Todav\u00eda Siguen en Gaza.<\/p>\n<p><span data-slot-id=\"Article_InContent-1\" class=\"rich-text-ad\"\/><\/p>\n<h2>\u00abINTENTO FLAGRANTE POR EVADIR EL ACUERDO\u00bb<\/h2>\n<p>\u00abIsrael no ACPETAR\u00c1 un Alto el FUEGO SIN la Liberaci\u00f3n de Nuestros Rehenes. Si Ham\u00e1s Mantiene su negaciva, Habr\u00e1 M\u00e1s consecias\u00bb, Avis\u00f3 la Oficina de Netanyahu. Las Negociaciones Entre Ambos se Rompieron El Viernes Despu\u00e9s de Que el Equipo Negociador Israel\u00ed Propusiera a Los Mediadores en El Cairo Extender la Fase real para el l\u00e1piz Intercambios Entre Rehenes por Prisisioneros Palestinos Sin implementar la SegundaDan Fase.<\/p>\n<p>La Organizaci\u00f3n Islamista Ham\u00e1s Tild\u00f3 de \u00abinaceptable\u00bb la propuesta de Israel, que considera que esza esa decisi\u00f3nica les permita esquivar la retirada de sus tropas del enclave, y no afrontars as\u00ed el fin de la guerra, como recoge el pact que rosa firmar en doha en enero. Seg\u00fan El Acuerdo, Mientras las Negociaciones para la la Segunda Fase Est\u00e9n en Marcha, Se Deber\u00eda Respetar El Alto el Fuego.<\/p>\n<p>Para Ham\u00e1s, El Plan de Alargar la Primera Fase del Alto Al FUEGO SIN PASAR A la SEgunda decisi\u00f3n israel\u00ed de suspender la ayuda humanitaria a gaza.<\/p>\n<p>DZC (EFE, AFP)<\/p>\n<\/div>\n\n","protected":false},"excerpt":{"rendered":"<p>Las Autoridadas de LAS Israel\u00edes Detuvieron La Entrada de Ayuda Humanitaria a la Franja de Gaza Este Domingo (02.03.2025), Tras Expirar La Primera Fase del Acuerdo de Alto al Fuego Entre Israel y Ham\u00e1s en El Enclave, Anuncina Oficina Oficina Ministro. La decisi\u00f3n fue calificada como \u00abCrimen de Guerra\u00bb por el Grupo Islamista, que exige &hellip;<\/p>\n","protected":false},"author":1,"featured_media":16893,"comment_status":"open","ping_status":"open","sticky":false,"template":"","format":"standard","meta":{"fifu_image_url":"https:\/\/static.dw.com\/image\/71666830_6.jpg","fifu_image_alt":"","footnotes":""},"categories":[13],"tags":[],"class_list":["post-16892","post","type-post","status-publish","format-standard","has-post-thumbnail","","category-mundo"],"_links":{"self":[{"href":"https:\/\/noticiasveraces.com\/index.php?rest_route=\/wp\/v2\/posts\/16892","targetHints":{"allow":["GET"]}}],"collection":[{"href":"https:\/\/noticiasveraces.com\/index.php?rest_route=\/wp\/v2\/posts"}],"about":[{"href":"https:\/\/noticiasveraces.com\/index.php?rest_route=\/wp\/v2\/types\/post"}],"author":[{"embeddable":true,"href":"https:\/\/noticiasveraces.com\/index.php?rest_route=\/wp\/v2\/users\/1"}],"replies":[{"embeddable":true,"href":"https:\/\/noticiasveraces.com\/index.php?rest_route=%2Fwp%2Fv2%2Fcomments&post=16892"}],"version-history":[{"count":0,"href":"https:\/\/noticiasveraces.com\/index.php?rest_route=\/wp\/v2\/posts\/16892\/revisions"}],"wp:featuredmedia":[{"embeddable":true,"href":"https:\/\/noticiasveraces.com\/index.php?rest_route=\/wp\/v2\/media\/16893"}],"wp:attachment":[{"href":"https:\/\/noticiasveraces.com\/index.php?rest_route=%2Fwp%2Fv2%2Fmedia&parent=16892"}],"wp:term":[{"taxonomy":"category","embeddable":true,"href":"https:\/\/noticiasveraces.com\/index.php?rest_route=%2Fwp%2Fv2%2Fcategories&post=16892"},{"taxonomy":"post_tag","embeddable":true,"href":"https:\/\/noticiasveraces.com\/index.php?rest_route=%2Fwp%2Fv2%2Ftags&post=16892"}],"curies":[{"name":"wp","href":"https:\/\/api.w.org\/{rel}","templated":true}]}}