{"id":16890,"date":"2025-03-02T08:17:47","date_gmt":"2025-03-02T12:17:47","guid":{"rendered":"https:\/\/noticiasveraces.com\/?p=16890"},"modified":"2025-03-02T08:17:47","modified_gmt":"2025-03-02T12:17:47","slug":"papa-pasa-noche-tranquila-y-agradece-rezos-de-los-fieles-dw-02-03-2025","status":"publish","type":"post","link":"https:\/\/noticiasveraces.com\/?p=16890","title":{"rendered":"Papa Pasa Noche Tranquila y Agradece Rezos de Los Fieles &#8211; DW &#8211; 02\/03\/2025"},"content":{"rendered":"<p> \n<\/p>\n<div>\n<p>El Papa Francisco, Hospitalizado Desde Hace 17 D\u00edas por una doble neumon\u00eda, dio este domingo (02.03.2025) las \u00abgracias\u00bb a todoss los fieles del mundo por sus oraciones de las diferencias de le hacen \u00absostenido\u00bb, en su MensAJe del anangelusus difundido. M\u00c1S TEMPRANO, EL RESPORTE M\u00c9DICO DE LA JORNADA HABIA INDADO QUE EL L\u00cdDER RELITIOSO HABIA PASADO UNA NOCHE \u00abTranquila\u00bb y que se entraba \u00abESTA\u00bb.<\/p>\n<p>\u00abQuisiera Darles Las Gracias por Las Oraciones: Siento su Afecto y Cercan\u00eda y, en este Momento particular, me siento como &#8216;llevado&#8217; y sostenido por el pueblo de Dios\u00bb Francisco, Que en su Mensaje \u00abDesde El Hospital\u00bb Destaca \u00abLa Oportunidad de Compartir en el Cuerpo y en El Espiritu la Condici\u00f3n de Tantos Enfermos y Personas Que Sufren\u00bb, Tambi\u00e9n Tiene Palabras de Agradecimiente Para los M\u00e9dicos de Quefren lo.<\/p>\n<p>\u00abC\u00d3MO SABEN ESTOY DESDE HACE VARIOS D\u00edas Acompa\u00f1ado por M\u00e9dicos y Trabajadores Sanitarios, A Quienes Doy Las Gracias Por la Atenci\u00f3n Con la que me CUIDAN\u00bb, Apunt\u00f3. En Suxto, frontisco a\u00f1adi\u00f3 -siente \u00aben el coraz\u00f3n &#8216;bendici\u00f3n de bobal\u00f3n. La Fragilidad \u201d. Este Domingo, El Papa se Ausent\u00f3 del tradicional Mensaje del \u00c1ngelus desde la Plaza de San Pedro por Tercera Semana Consecutiva.<\/p>\n<h2>Llamado a poner fin a los conflictos<\/h2>\n<p>Como suele ser habitual en sus discursos, Francisco Tambi\u00e9n Hizo un Nuevo Llamado al Fin de las conflictos Armados Existentes en el Mundo. \u00abYo Tambi\u00e9n rezo por Ustedes. Y REZO SOBRE TODO POR la \u200b\u200bPAZ. Desde Aqu\u00ed (El Hospital) La Guerra Parece A\u00fan M\u00e1s Absurda\u00bb, Destac\u00f3. \u00abRezamos por la Atormentada Ucrania, por Palestina, Israel, L\u00edbano, Myanmar, Sud\u00e1n, Kivu\u00bb, A\u00f1adi\u00f3.<\/p>\n<p>Jorge Mario Bergoglio Est\u00e1 Hospitalizado Desde el Pasado 14 de febrero por una bronquitis con infecciosa polimicrobiana a la que se sum\u00f3 una neumon\u00eda bilateral. En el \u00faltimo parte M\u00e9dico el Vaticano Se\u00f1al\u00f3 que Francisco Pas\u00f3 una noche \u00abTranquila\u00bb. \u00abEl Papa Todav\u00eda Descansa\u00bb, Sostieno El Breve ComuniCado, Que complementa a Otro Divulgado Divule la Noche del S\u00e1bado, Donde asegura de la Situaci \u00ab. Aunque el Pron\u00f3sico Sigue Sido \u00abReservado\u00bb.<\/p>\n<p>DZC (EFE, AFP)<\/p>\n<\/div>\n\n","protected":false},"excerpt":{"rendered":"<p>El Papa Francisco, Hospitalizado Desde Hace 17 D\u00edas por una doble neumon\u00eda, dio este domingo (02.03.2025) las \u00abgracias\u00bb a todoss los fieles del mundo por sus oraciones de las diferencias de le hacen \u00absostenido\u00bb, en su MensAJe del anangelusus difundido. M\u00c1S TEMPRANO, EL RESPORTE M\u00c9DICO DE LA JORNADA HABIA INDADO QUE EL L\u00cdDER RELITIOSO HABIA &hellip;<\/p>\n","protected":false},"author":1,"featured_media":16891,"comment_status":"open","ping_status":"open","sticky":false,"template":"","format":"standard","meta":{"fifu_image_url":"https:\/\/static.dw.com\/image\/71755058_6.jpg","fifu_image_alt":"","footnotes":""},"categories":[13],"tags":[],"class_list":["post-16890","post","type-post","status-publish","format-standard","has-post-thumbnail","","category-mundo"],"_links":{"self":[{"href":"https:\/\/noticiasveraces.com\/index.php?rest_route=\/wp\/v2\/posts\/16890","targetHints":{"allow":["GET"]}}],"collection":[{"href":"https:\/\/noticiasveraces.com\/index.php?rest_route=\/wp\/v2\/posts"}],"about":[{"href":"https:\/\/noticiasveraces.com\/index.php?rest_route=\/wp\/v2\/types\/post"}],"author":[{"embeddable":true,"href":"https:\/\/noticiasveraces.com\/index.php?rest_route=\/wp\/v2\/users\/1"}],"replies":[{"embeddable":true,"href":"https:\/\/noticiasveraces.com\/index.php?rest_route=%2Fwp%2Fv2%2Fcomments&post=16890"}],"version-history":[{"count":0,"href":"https:\/\/noticiasveraces.com\/index.php?rest_route=\/wp\/v2\/posts\/16890\/revisions"}],"wp:featuredmedia":[{"embeddable":true,"href":"https:\/\/noticiasveraces.com\/index.php?rest_route=\/wp\/v2\/media\/16891"}],"wp:attachment":[{"href":"https:\/\/noticiasveraces.com\/index.php?rest_route=%2Fwp%2Fv2%2Fmedia&parent=16890"}],"wp:term":[{"taxonomy":"category","embeddable":true,"href":"https:\/\/noticiasveraces.com\/index.php?rest_route=%2Fwp%2Fv2%2Fcategories&post=16890"},{"taxonomy":"post_tag","embeddable":true,"href":"https:\/\/noticiasveraces.com\/index.php?rest_route=%2Fwp%2Fv2%2Ftags&post=16890"}],"curies":[{"name":"wp","href":"https:\/\/api.w.org\/{rel}","templated":true}]}}