{"id":16883,"date":"2025-03-02T06:48:47","date_gmt":"2025-03-02T10:48:47","guid":{"rendered":"https:\/\/noticiasveraces.com\/?p=16883"},"modified":"2025-03-02T06:48:47","modified_gmt":"2025-03-02T10:48:47","slug":"marc-marquez-juega-con-todos-y-pone-la-guinda-a-un-finde-perfecto-en-tailandia-con-alex-2o-y-pecco-3o","status":"publish","type":"post","link":"https:\/\/noticiasveraces.com\/?p=16883","title":{"rendered":"Marc M\u00e1rquez \u00abJuega\u00bb Con Todos y Pone la Guinda A Un Finde Perfecto en Tailandia Con Alex 2\u00ba y Pecco 3\u00ba"},"content":{"rendered":"<p> \n<\/p>\n<div id=\"intext\">\n<p>Un pedir de boca. As\u00ed le ha salido a Marc M\u00e1rquez El Primer Fin de Semana A Lomos de la Ducati en 2025. Pole, <b>Victoria en la sprint<\/b> Y de <b>Nuevo Victoria en la Carrera del Domingo<\/b>TODO ESTO <b>Secundado de su Hermano Alex<\/b>y Con Su Compa\u00f1ero de Equipo Pecco Bagnaia en el Tercer Pueresto.<\/p>\n<h2 class=\"title-h2\">Pole, Sprint, Victoria El Domingo &#8230; y M\u00e1s L\u00edder del Mundial<\/h2>\n<p>Y L\u00f3gicamento, L\u00edder del Mundial, Mucho M\u00e1s L\u00edder Que Ayer. S\u00ed, es la Primera Carrera y No Tiene ni Sentido hablar de Clasificaci\u00f3, Pero es un aviso a Navegantes desde el Primer Minuto. Bagazo <b>Tiene Moto y Hambre<\/b> de Sobra para volver a liderar la categor\u00eda reina desde que lo hiciese por \u00faltima vez en 2019. y m\u00e1s sen un jorge mart\u00edn -Reciente Campe\u00f3n- Que no Pudo estar en la Primera Carrera del A\u00f1o Tras Serperado de de <b>Una triple fractura en la mano izquierda<\/b>.<\/p>\n<h2 class=\"title-h2\">\u00abMarc Estaba Jugando Con Nosotros\u00bb<\/h2>\n<p>ESTA VEZ, LA VICTORIA SIN FUE SIN CONTRATIEMPOS. M\u00e1rquez sali\u00f3 l\u00edder y domin\u00f3 sen sustos horta que la presi\u00f3n de su rueda delantera descendi\u00f3 y tuvo que sacrificar el ritmo y la primera posici\u00f3nica para &#8216;entreg\u00e1rsela&#8217; a su hermano Alex. Detr\u00e1s de \u00e9l estuvo 16 Vueltas Hasta que consigui\u00f3 Superarle Sin mucho Esfuerzo a Falta de Cuatro Giros. Alex Sab\u00eda que su moto no est\u00e1 para competir con la de marc y no obcec\u00f3 en la lucha. TODO ESTO CON UNO BAGNAIA QUE TUVO DE VOLVER UN CONFORMARSO CON EL UULTOMO ESCAL\u00d3N DEL PODIO Y QUE FUE TESTIGO DE LOS &#8216;JUEGOS&#8217; DELERDENSE, COMO AS\u00cd CALIFIC\u00d3<b>Creo que Marc Estaba Jugando Con Nosotros<\/b>\u00ab, Dijo el Bicampe\u00f3n, El Cual, Como\u00bb Caballero \u00abQue es -S\u00ed le Defini\u00f3 M\u00e1rquez <b>en su \u00daLTIMO PASO por El Hormiguero<\/b>&#8211; Le Salud\u00f3 Respetuosament.<\/p>\n<h2 class=\"title-h2\">Mal D\u00eda para el Resto de Espa\u00f1oles<\/h2>\n<p>La Diferencia Era enorme, al Seis Veces Campe\u00f3n de Moto G, Sin Arriesgar lo M\u00c1s M\u00ednimo en Las Vueltas Finales, le dio tiempo a Sacarle 1&#8217;7 segundos a su hermano y 2&#8217;4 a bagnaia en un mal d\u00eda del raci\u00f3n de espa\u00f1oles: abandonado Aldeguer fue 13\u00ba, Vi\u00f1ales 16\u00ba, enjuague 17\u00ba Y <b>Acosta 19\u00ba<\/b>.<\/p>\n<p>El Catal\u00e1n <u>Lidera As\u00ed Un Campeonato del Mundo 93 Carreras<\/u> Dispu\u00e9s E IGUALA TAMBI\u00c9N LOS 112 Podios de Dani Pedrosa. En dos semanas se correr\u00e1 de Nuevo en Argentina, All\u00ed Llegar\u00e1n Los M\u00e1rquez Como Primero y Segundo del Mundial. Lo Nunca Visto en La Categor\u00eda Reina.<\/p>\n<p><i>S\u00edguenos en nuestro canal de whatsapp y no te Pierdas la \u00daLtima Hora y Toda la actualidad de antena3noticias.com<\/i><\/p>\n<div class=\"recirculation-video\" data-mod=\"a3mod_recirculation_video\">\n<div class=\"recirculation-video-wrapper\">\n<div>\n<div class=\"video-wrapper\">\n  <picture class=\"video-main-picture\"><source media=\"(min-width: 481px)\" srcset=\"https:\/\/fotografias.antena3.com\/clipping\/cmsimages01\/2025\/02\/28\/93A8E168-0723-489F-9917-A7970CD2A6BE\/lucha-canaria-lucha-integradora_94.jpg?crop=640,360,x0,y0&amp;width=800&amp;height=450&amp;optimize=medium&amp;format=webply\" width=\"800\" height=\"450\"><source media=\"(min-width: 391px) and (max-width: 480px)\" srcset=\"https:\/\/fotografias.antena3.com\/clipping\/cmsimages01\/2025\/02\/28\/93A8E168-0723-489F-9917-A7970CD2A6BE\/lucha-canaria-lucha-integradora_70.jpg?crop=640,360,x0,y0&amp;width=480&amp;height=270&amp;optimize=high&amp;format=webply\" width=\"480\" height=\"270\"><source media=\"(min-width: 321px) and (max-width: 390px)\" srcset=\"https:\/\/fotografias.antena3.com\/clipping\/cmsimages01\/2025\/02\/28\/93A8E168-0723-489F-9917-A7970CD2A6BE\/lucha-canaria-lucha-integradora_92.jpg?crop=640,359,x0,y0&amp;width=390&amp;height=219&amp;optimize=high&amp;format=webply\" width=\"390\" height=\"219\"><source media=\"(max-width: 320px)\" srcset=\"https:\/\/fotografias.antena3.com\/clipping\/cmsimages01\/2025\/02\/28\/93A8E168-0723-489F-9917-A7970CD2A6BE\/lucha-canaria-lucha-integradora_52.jpg?crop=640,360,x0,y0&amp;width=320&amp;height=180&amp;optimize=high&amp;format=webply\" width=\"320\" height=\"180\"><img decoding=\"async\" title=\"Lucha canaria, Lucha Integradore\" alt=\"Lucha canaria, Lucha Integradore\" width=\"480\" height=\"270\" src=\"https:\/\/fotografias.antena3.com\/clipping\/cmsimages01\/2025\/02\/28\/93A8E168-0723-489F-9917-A7970CD2A6BE\/lucha-canaria-lucha-integradora_70.jpg?crop=640,360,x0,y0&amp;width=480&amp;height=270&amp;optimize=high&amp;format=webply\" loading=\"lazy\" class=\"lazy\"\/><br \/>\n  <\/source><\/source><\/source><\/source><\/picture>\n <\/div>\n<\/div><\/div>\n<\/p><\/div>\n<\/div>\n\n","protected":false},"excerpt":{"rendered":"<p>Un pedir de boca. As\u00ed le ha salido a Marc M\u00e1rquez El Primer Fin de Semana A Lomos de la Ducati en 2025. Pole, Victoria en la sprint Y de Nuevo Victoria en la Carrera del DomingoTODO ESTO Secundado de su Hermano Alexy Con Su Compa\u00f1ero de Equipo Pecco Bagnaia en el Tercer Pueresto. Pole, &hellip;<\/p>\n","protected":false},"author":1,"featured_media":16885,"comment_status":"open","ping_status":"open","sticky":false,"template":"","format":"standard","meta":{"fifu_image_url":"https:\/\/fotografias.antena3.com\/clipping\/cmsimages01\/2025\/03\/02\/0C0CFAAB-57E0-4AF4-ADE2-6690BFBA838A\/marc-marquez-celebra-victoria-tailandia_69.jpg?crop=3810,2143,x0,y175&width=1280&height=720&optimize=low&format=jpg","fifu_image_alt":"","footnotes":""},"categories":[6],"tags":[],"class_list":["post-16883","post","type-post","status-publish","format-standard","has-post-thumbnail","","category-deportes"],"_links":{"self":[{"href":"https:\/\/noticiasveraces.com\/index.php?rest_route=\/wp\/v2\/posts\/16883","targetHints":{"allow":["GET"]}}],"collection":[{"href":"https:\/\/noticiasveraces.com\/index.php?rest_route=\/wp\/v2\/posts"}],"about":[{"href":"https:\/\/noticiasveraces.com\/index.php?rest_route=\/wp\/v2\/types\/post"}],"author":[{"embeddable":true,"href":"https:\/\/noticiasveraces.com\/index.php?rest_route=\/wp\/v2\/users\/1"}],"replies":[{"embeddable":true,"href":"https:\/\/noticiasveraces.com\/index.php?rest_route=%2Fwp%2Fv2%2Fcomments&post=16883"}],"version-history":[{"count":0,"href":"https:\/\/noticiasveraces.com\/index.php?rest_route=\/wp\/v2\/posts\/16883\/revisions"}],"wp:featuredmedia":[{"embeddable":true,"href":"https:\/\/noticiasveraces.com\/index.php?rest_route=\/wp\/v2\/media\/16885"}],"wp:attachment":[{"href":"https:\/\/noticiasveraces.com\/index.php?rest_route=%2Fwp%2Fv2%2Fmedia&parent=16883"}],"wp:term":[{"taxonomy":"category","embeddable":true,"href":"https:\/\/noticiasveraces.com\/index.php?rest_route=%2Fwp%2Fv2%2Fcategories&post=16883"},{"taxonomy":"post_tag","embeddable":true,"href":"https:\/\/noticiasveraces.com\/index.php?rest_route=%2Fwp%2Fv2%2Ftags&post=16883"}],"curies":[{"name":"wp","href":"https:\/\/api.w.org\/{rel}","templated":true}]}}