{"id":16835,"date":"2025-03-01T22:55:19","date_gmt":"2025-03-02T02:55:19","guid":{"rendered":"https:\/\/noticiasveraces.com\/?p=16835"},"modified":"2025-03-01T22:55:19","modified_gmt":"2025-03-02T02:55:19","slug":"israel-acepta-la-propuesta-de-alto-el-fuego-temporal-de-ee-uu","status":"publish","type":"post","link":"https:\/\/noticiasveraces.com\/?p=16835","title":{"rendered":"Israel acepta la propuesta de alto el fuego temporal de EE. UU."},"content":{"rendered":"<p> \n<\/p>\n<div>\n<p class=\"speakable\">Israel ha acordado una propuesta temporal de extensi\u00f3n de alto el fuego del presidente del presidente del presidente Donald Trump al Medio Oriente, Steve Witkoff, durante el per\u00edodo alrededor del Ramad\u00e1n musulm\u00e1n y la Pascua jud\u00eda, dijo el s\u00e1bado por la noche el primer ministro israel\u00ed Benjamin Netanyahu. <\/p>\n<p class=\"speakable\">La noticia se produjo cuando el primer acuerdo de alto el fuego temporal expir\u00f3 a la hora local de la medianoche. <\/p>\n<p>La oficina de Netanyahu dijo que la extensi\u00f3n temporal de alto el fuego fue acordada despu\u00e9s de que se dieron cuenta de que se necesitaba m\u00e1s tiempo para calcular una soluci\u00f3n permanente de alto el fuego. <\/p>\n<p>Seg\u00fan la propuesta de extensi\u00f3n, la mitad de los rehenes y los restos de rehenes muertos a\u00fan en Gaza se lanzar\u00e1n, y se liberar\u00e1 el restante una vez que se establece un alto el fuego permanente. <\/p>\n<p><strong>Hamas libera a m\u00e1s rehenes a cambio de m\u00e1s de 600 prisioneros palestinos como parte del acuerdo de alto el fuego<\/strong><\/p>\n<div class=\"image-ct inline\">\n<div class=\"m\"><picture><source media=\"(max-width: 767px)\" srcset=\"https:\/\/a57.foxnews.com\/static.foxnews.com\/foxnews.com\/content\/uploads\/2025\/03\/343\/192\/netanyahu-with-witkoff.jpg?ve=1&amp;tl=1, https:\/\/a57.foxnews.com\/static.foxnews.com\/foxnews.com\/content\/uploads\/2025\/03\/686\/384\/netanyahu-with-witkoff.jpg?ve=1&amp;tl=1 2x\" height=\"192\" width=\"343\"><source media=\"(min-width: 768px) and (max-width: 1023px)\" srcset=\"https:\/\/a57.foxnews.com\/static.foxnews.com\/foxnews.com\/content\/uploads\/2025\/03\/672\/378\/netanyahu-with-witkoff.jpg?ve=1&amp;tl=1, https:\/\/a57.foxnews.com\/static.foxnews.com\/foxnews.com\/content\/uploads\/2025\/03\/1344\/756\/netanyahu-with-witkoff.jpg?ve=1&amp;tl=1 2x\" height=\"378\" width=\"672\"><source media=\"(min-width: 1024px) and (max-width: 1279px)\" srcset=\"https:\/\/a57.foxnews.com\/static.foxnews.com\/foxnews.com\/content\/uploads\/2025\/03\/931\/523\/netanyahu-with-witkoff.jpg?ve=1&amp;tl=1, https:\/\/a57.foxnews.com\/static.foxnews.com\/foxnews.com\/content\/uploads\/2025\/03\/1862\/1046\/netanyahu-with-witkoff.jpg?ve=1&amp;tl=1 2x\" height=\"523\" width=\"931\"><source media=\"(min-width: 1280px)\" srcset=\"https:\/\/a57.foxnews.com\/static.foxnews.com\/foxnews.com\/content\/uploads\/2025\/03\/720\/405\/netanyahu-with-witkoff.jpg?ve=1&amp;tl=1, https:\/\/a57.foxnews.com\/static.foxnews.com\/foxnews.com\/content\/uploads\/2025\/03\/1440\/810\/netanyahu-with-witkoff.jpg?ve=1&amp;tl=1 2x\" height=\"405\" width=\"720\"><img loading=\"lazy\" decoding=\"async\" src=\"https:\/\/a57.foxnews.com\/static.foxnews.com\/foxnews.com\/content\/uploads\/2025\/03\/1200\/675\/netanyahu-with-witkoff.jpg?ve=1&amp;tl=1\" alt=\"Netanyahu hablando con Witkoff\" width=\"1200\" height=\"675\"\/><\/source><\/source><\/source><\/source><\/picture><\/div>\n<div class=\"info\">\n<div class=\"caption\">\n<p><span>El primer ministro israel\u00ed, Benjamin Netanyahu, a la derecha, se re\u00fane con el enviado estadounidense al Medio Oriente, Steve Witkoff, en Jerusal\u00e9n. <\/span> <span>(Ma&#8217;ayan Toaf, GPO)<\/span><\/p>\n<\/div>\n<\/div>\n<\/div>\n<p>\u00abSeg\u00fan el acuerdo, Israel puede regresar a la lucha despu\u00e9s del d\u00eda 42 si siente que las negociaciones son ineficaces\u00bb, se\u00f1al\u00f3 la oficina de Netanyahu sobre la primera fase temporal de alto el fuego. <\/p>\n<p>Hamas \u00abhasta ahora se ha mantenido firme en su rechazo de este marco\u00bb necesario para un alto el fuego permanente, dijo Israel, seg\u00fan el Jerusal\u00e9n Post. Hamas ha hecho acusaciones similares contra Israel. <\/p>\n<div class=\"image-ct inline\">\n<div class=\"m\"><picture><source media=\"(max-width: 767px)\" srcset=\"https:\/\/a57.foxnews.com\/static.foxnews.com\/foxnews.com\/content\/uploads\/2025\/02\/343\/192\/hamas-hostages.jpg?ve=1&amp;tl=1, https:\/\/a57.foxnews.com\/static.foxnews.com\/foxnews.com\/content\/uploads\/2025\/02\/686\/384\/hamas-hostages.jpg?ve=1&amp;tl=1 2x\" height=\"192\" width=\"343\"><source media=\"(min-width: 768px) and (max-width: 1023px)\" srcset=\"https:\/\/a57.foxnews.com\/static.foxnews.com\/foxnews.com\/content\/uploads\/2025\/02\/672\/378\/hamas-hostages.jpg?ve=1&amp;tl=1, https:\/\/a57.foxnews.com\/static.foxnews.com\/foxnews.com\/content\/uploads\/2025\/02\/1344\/756\/hamas-hostages.jpg?ve=1&amp;tl=1 2x\" height=\"378\" width=\"672\"><source media=\"(min-width: 1024px) and (max-width: 1279px)\" srcset=\"https:\/\/a57.foxnews.com\/static.foxnews.com\/foxnews.com\/content\/uploads\/2025\/02\/931\/523\/hamas-hostages.jpg?ve=1&amp;tl=1, https:\/\/a57.foxnews.com\/static.foxnews.com\/foxnews.com\/content\/uploads\/2025\/02\/1862\/1046\/hamas-hostages.jpg?ve=1&amp;tl=1 2x\" height=\"523\" width=\"931\"><source media=\"(min-width: 1280px)\" srcset=\"https:\/\/a57.foxnews.com\/static.foxnews.com\/foxnews.com\/content\/uploads\/2025\/02\/720\/405\/hamas-hostages.jpg?ve=1&amp;tl=1, https:\/\/a57.foxnews.com\/static.foxnews.com\/foxnews.com\/content\/uploads\/2025\/02\/1440\/810\/hamas-hostages.jpg?ve=1&amp;tl=1 2x\" height=\"405\" width=\"720\"><img loading=\"lazy\" decoding=\"async\" src=\"https:\/\/a57.foxnews.com\/static.foxnews.com\/foxnews.com\/content\/uploads\/2025\/02\/1200\/675\/hamas-hostages.jpg?ve=1&amp;tl=1\" alt=\"Hamas libera rehenes israel\u00edes\" width=\"1200\" height=\"675\"\/><\/source><\/source><\/source><\/source><\/picture><\/div>\n<div class=\"info\">\n<div class=\"caption\">\n<p><span>Los rehenes israel\u00edes demacrados Ohad Ben Ami, a la izquierda, Eli Sharabi y \/ o Levy, que fueron retenidos por Hamas en Gaza desde el 7 de octubre de 2023, son llevados por terroristas a un escenario antes de ser entregados a la Cruz Roja en Deir al-Balah en la Franja Central de Gaza, 8 de febrero de 2025. <\/span> <span>(AP\/Abdel Kareem Hana)<\/span><\/p>\n<\/div>\n<\/div>\n<\/div>\n<p><strong>7 Takeaways clave del informe del ej\u00e9rcito israel\u00ed sobre lo que sucedi\u00f3 en octubre. 7<\/strong><\/p>\n<p>\u00abIsrael ingresar\u00e1 inmediatamente a las negociaciones sobre todos los detalles del marco de Witkoff\u00bb, si Hamas est\u00e1 de acuerdo, dijo el gobierno israel\u00ed.<\/p>\n<p>Si no se acuerda un nuevo acuerdo de alto el fuego, la lucha se reanudar\u00e1 el domingo. <\/p>\n<p>La propuesta de Witkoff dijo: \u00abNo hay posibilidad de cerrar las brechas entre las posiciones de las partes para poner fin a la guerra y que se necesita tiempo adicional para negociaciones en un alto el fuego permanente\u00bb, inform\u00f3 el Post. <\/p>\n<div class=\"image-ct inline\">\n<div class=\"m\"><picture><source media=\"(max-width: 767px)\" srcset=\"https:\/\/a57.foxnews.com\/static.foxnews.com\/foxnews.com\/content\/uploads\/2025\/02\/343\/192\/4cfa9348-hamas.png?ve=1&amp;tl=1, https:\/\/a57.foxnews.com\/static.foxnews.com\/foxnews.com\/content\/uploads\/2025\/02\/686\/384\/4cfa9348-hamas.png?ve=1&amp;tl=1 2x\" height=\"192\" width=\"343\"><source media=\"(min-width: 768px) and (max-width: 1023px)\" srcset=\"https:\/\/a57.foxnews.com\/static.foxnews.com\/foxnews.com\/content\/uploads\/2025\/02\/672\/378\/4cfa9348-hamas.png?ve=1&amp;tl=1, https:\/\/a57.foxnews.com\/static.foxnews.com\/foxnews.com\/content\/uploads\/2025\/02\/1344\/756\/4cfa9348-hamas.png?ve=1&amp;tl=1 2x\" height=\"378\" width=\"672\"><source media=\"(min-width: 1024px) and (max-width: 1279px)\" srcset=\"https:\/\/a57.foxnews.com\/static.foxnews.com\/foxnews.com\/content\/uploads\/2025\/02\/931\/523\/4cfa9348-hamas.png?ve=1&amp;tl=1, https:\/\/a57.foxnews.com\/static.foxnews.com\/foxnews.com\/content\/uploads\/2025\/02\/1862\/1046\/4cfa9348-hamas.png?ve=1&amp;tl=1 2x\" height=\"523\" width=\"931\"><source media=\"(min-width: 1280px)\" srcset=\"https:\/\/a57.foxnews.com\/static.foxnews.com\/foxnews.com\/content\/uploads\/2025\/02\/720\/405\/4cfa9348-hamas.png?ve=1&amp;tl=1, https:\/\/a57.foxnews.com\/static.foxnews.com\/foxnews.com\/content\/uploads\/2025\/02\/1440\/810\/4cfa9348-hamas.png?ve=1&amp;tl=1 2x\" height=\"405\" width=\"720\"><img loading=\"lazy\" decoding=\"async\" src=\"https:\/\/a57.foxnews.com\/static.foxnews.com\/foxnews.com\/content\/uploads\/2025\/02\/1200\/675\/4cfa9348-hamas.png?ve=1&amp;tl=1\" alt=\"Combatientes de Hamas en Gaza\" width=\"1200\" height=\"675\"\/><\/source><\/source><\/source><\/source><\/picture><\/div>\n<div class=\"info\">\n<div class=\"caption\">\n<p><span>Los terroristas de Hamas se re\u00fanen para ver la entrega de tres rehenes israel\u00edes de un equipo de la Cruz Roja en Deir El-Balah, Central Gaza, 8 de febrero de 2025.<\/span> <span>(Majdi Fathi\/Nurphoto a trav\u00e9s de Getty Images)<\/span><\/p>\n<\/div>\n<\/div>\n<\/div>\n<p>Un total de 38 rehenes fueron liberados durante la fase uno en alto el fuego de 42 d\u00edas que comenz\u00f3 a mediados de enero a cambio de alrededor de 2,000 prisioneros palestinos. <\/p>\n<p><strong>Haga clic aqu\u00ed para obtener la aplicaci\u00f3n Fox News<\/strong><\/p>\n<p>Reuters inform\u00f3 que Hamas public\u00f3 un video el s\u00e1bado que dec\u00eda que los rehenes que permanecen en Gaza solo se liberar\u00e1n a trav\u00e9s de otro intercambio para los prisioneros palestinos, que era parte del marco original del acuerdo de alto el fuego. <\/p>\n<p>Las conversaciones de alto el fuego permanente en curso que se llevan a cabo principalmente en El Cairo se han estancado. <\/p>\n<p><i>Reuters contribuy\u00f3 a este informe. <\/i><\/p>\n<p> <!----> <\/div>\n\n","protected":false},"excerpt":{"rendered":"<p>Israel ha acordado una propuesta temporal de extensi\u00f3n de alto el fuego del presidente del presidente del presidente Donald Trump al Medio Oriente, Steve Witkoff, durante el per\u00edodo alrededor del Ramad\u00e1n musulm\u00e1n y la Pascua jud\u00eda, dijo el s\u00e1bado por la noche el primer ministro israel\u00ed Benjamin Netanyahu. La noticia se produjo cuando el primer &hellip;<\/p>\n","protected":false},"author":1,"featured_media":16837,"comment_status":"open","ping_status":"open","sticky":false,"template":"","format":"standard","meta":{"fifu_image_url":"https:\/\/static.foxnews.com\/foxnews.com\/content\/uploads\/2025\/03\/netanyahu-with-witkoff.jpg","fifu_image_alt":"","footnotes":""},"categories":[13],"tags":[],"class_list":["post-16835","post","type-post","status-publish","format-standard","has-post-thumbnail","","category-mundo"],"_links":{"self":[{"href":"https:\/\/noticiasveraces.com\/index.php?rest_route=\/wp\/v2\/posts\/16835","targetHints":{"allow":["GET"]}}],"collection":[{"href":"https:\/\/noticiasveraces.com\/index.php?rest_route=\/wp\/v2\/posts"}],"about":[{"href":"https:\/\/noticiasveraces.com\/index.php?rest_route=\/wp\/v2\/types\/post"}],"author":[{"embeddable":true,"href":"https:\/\/noticiasveraces.com\/index.php?rest_route=\/wp\/v2\/users\/1"}],"replies":[{"embeddable":true,"href":"https:\/\/noticiasveraces.com\/index.php?rest_route=%2Fwp%2Fv2%2Fcomments&post=16835"}],"version-history":[{"count":0,"href":"https:\/\/noticiasveraces.com\/index.php?rest_route=\/wp\/v2\/posts\/16835\/revisions"}],"wp:featuredmedia":[{"embeddable":true,"href":"https:\/\/noticiasveraces.com\/index.php?rest_route=\/wp\/v2\/media\/16837"}],"wp:attachment":[{"href":"https:\/\/noticiasveraces.com\/index.php?rest_route=%2Fwp%2Fv2%2Fmedia&parent=16835"}],"wp:term":[{"taxonomy":"category","embeddable":true,"href":"https:\/\/noticiasveraces.com\/index.php?rest_route=%2Fwp%2Fv2%2Fcategories&post=16835"},{"taxonomy":"post_tag","embeddable":true,"href":"https:\/\/noticiasveraces.com\/index.php?rest_route=%2Fwp%2Fv2%2Ftags&post=16835"}],"curies":[{"name":"wp","href":"https:\/\/api.w.org\/{rel}","templated":true}]}}