{"id":16799,"date":"2025-03-01T15:35:15","date_gmt":"2025-03-01T19:35:15","guid":{"rendered":"https:\/\/noticiasveraces.com\/?p=16799"},"modified":"2025-03-01T15:35:15","modified_gmt":"2025-03-01T19:35:15","slug":"escuche-en-direto-el-partido-frankfurt-vs-leverkusen-dw-01-03-2025","status":"publish","type":"post","link":"https:\/\/noticiasveraces.com\/?p=16799","title":{"rendered":"Escuche en Direto el Partido Frankfurt vs. Leverkusen &#8211; DW &#8211; 01\/03\/2025"},"content":{"rendered":"<p> \n<\/p>\n<div>\n<header class=\"sgeegmk\"><span class=\"time-area s1i8qhb9 icns9en t14k9lqz r1wgtjne wgx1hx2 b1ho1h07\"><span class=\"publication icns9en t14k9lqz r1wgtjne wgx1hx2 b1ho1h07\"><time aria-hidden=\"true\">01\/03\/2025<\/time><span class=\"sr-only s28j2rd\">1 de Marzo de 2025<\/span><\/span><\/span><\/p>\n<p class=\"teaser-text s1811lbz t1qen3t4 m1km9ap7 wgx1hx2 b1ho1h07\">Siga en Direto el Partido Estelar de la Jornada 24 de Bundesliga Entre El Eintracht Frankfurt y El Bayer Leverkusen. Con la narraci\u00f3na de enrique l\u00f3pez y el an\u00e1lisis de Erick Elola.<\/p>\n<\/header>\n<section data-tracking-name=\"sharing-icons-inline\" class=\"s75t7t0 hh5424a in-line closed\">\n<p><span class=\"svdcmki\">https:\/\/p.dw.com\/p\/4rf31<\/span><\/p>\n<\/section>\n<figure class=\"s4bcs45\"><picture class=\"s9gezr6\"><source type=\"image\/webp\" srcset=\"https:\/\/static.dw.com\/image\/71758285_800.webp 50w, https:\/\/static.dw.com\/image\/71758285_801.webp 129w, https:\/\/static.dw.com\/image\/71758285_802.webp 352w, https:\/\/static.dw.com\/image\/71758285_803.webp 575w\" media=\"(min-width: 0px) and (max-width: 575px)\" height=\"100\" width=\"100\"\/><source type=\"image\/webp\" srcset=\"https:\/\/static.dw.com\/image\/71758285_600.webp 78w, https:\/\/static.dw.com\/image\/71758285_601.webp 201w, https:\/\/static.dw.com\/image\/71758285_602.webp 379w, https:\/\/static.dw.com\/image\/71758285_603.webp 545w, https:\/\/static.dw.com\/image\/71758285_604.webp 767w, https:\/\/static.dw.com\/image\/71758285_605.webp 1199w\" media=\"(min-width: 576px) and (max-width: 991px)\" height=\"56.25\" width=\"100\"\/><source type=\"image\/webp\" srcset=\"https:\/\/static.dw.com\/image\/71758285_1000.webp 80w, https:\/\/static.dw.com\/image\/71758285_1001.webp 576w, https:\/\/static.dw.com\/image\/71758285_1002.webp 768w, https:\/\/static.dw.com\/image\/71758285_1003.webp 992w, https:\/\/static.dw.com\/image\/71758285_1004.webp 1200w\" media=\"(min-width: 992px) \" height=\"43.75\" width=\"100\"\/><source type=\"image\/jpeg\" srcset=\"https:\/\/static.dw.com\/image\/71758285_800.jpg 50w, https:\/\/static.dw.com\/image\/71758285_801.jpg 129w, https:\/\/static.dw.com\/image\/71758285_802.jpg 352w, https:\/\/static.dw.com\/image\/71758285_803.jpg 575w\" media=\"(min-width: 0px) and (max-width: 575px)\" height=\"100\" width=\"100\"\/><source type=\"image\/jpeg\" srcset=\"https:\/\/static.dw.com\/image\/71758285_600.jpg 78w, https:\/\/static.dw.com\/image\/71758285_601.jpg 201w, https:\/\/static.dw.com\/image\/71758285_602.jpg 379w, https:\/\/static.dw.com\/image\/71758285_603.jpg 545w, https:\/\/static.dw.com\/image\/71758285_604.jpg 767w, https:\/\/static.dw.com\/image\/71758285_605.jpg 1199w\" media=\"(min-width: 576px) and (max-width: 991px)\" height=\"56.25\" width=\"100\"\/><source type=\"image\/jpeg\" srcset=\"https:\/\/static.dw.com\/image\/71758285_1000.jpg 80w, https:\/\/static.dw.com\/image\/71758285_1001.jpg 576w, https:\/\/static.dw.com\/image\/71758285_1002.jpg 768w, https:\/\/static.dw.com\/image\/71758285_1003.jpg 992w, https:\/\/static.dw.com\/image\/71758285_1004.jpg 1200w\" media=\"(min-width: 992px) \" height=\"43.75\" width=\"100\"\/><img decoding=\"async\" fetchpriority=\"high\" src=\"\" srcset=\"https:\/\/static.dw.com\/image\/71758285_600.jpg 78w, https:\/\/static.dw.com\/image\/71758285_601.jpg 201w, https:\/\/static.dw.com\/image\/71758285_602.jpg 379w, https:\/\/static.dw.com\/image\/71758285_603.jpg 545w, https:\/\/static.dw.com\/image\/71758285_604.jpg 767w, https:\/\/static.dw.com\/image\/71758285_605.jpg 1199w\" width=\"100\" height=\"56.25\" title=\"Hugo Ekitik\u00e9 del Eintracht Frankfurt y Florian Wirtz del Bayer Leverkusen.\" alt=\"Hugo Ekitik\u00e9 del Eintracht Frankfurt y Florian Wirtz del Bayer Leverkusen.\"\/><\/picture><figcaption class=\"c1oedowi t1b9cajp r1wgtjne wgx1hx2 b1ho1h07\">Hugo Ekitik\u00e9 del Eintracht Frankfurt y Florian Wirtz del Bayer Leverkusen.<small class=\"copyright c19ed66t ihwmx5 iz19q57 icns9en t14k9lqz r1wgtjne wgx1hx2 b1ho1h07\">Imagen: DW<\/small><\/figcaption><\/figure>\n<p><span\/><\/p>\n<div class=\"cc0m0op s1ebneao rich-text t1it8i9i r1wgtjne wgx1hx2 b1ho1h07\">\n<p>Escuche en directo<svg xmlns=\"http:\/\/www.w3.org\/2000\/svg\" width=\"20\" height=\"20\" viewbox=\"0 0 20 20\"><path d=\"M11.5 3.5 11.5 4.233C14.342 4.233 15.167 4.245 15.167 4.258L8.984 10.467 10.033 11.516C14.826 6.725 16.228 5.333 16.242 5.333L16.267 9 17.733 9 17.733 2.767 11.5 2.767 11.5 3.5M2.267 11 2.267 17.233 16.733 17.233 16.733 12 15.267 12 15.25 15.75 9.5 15.75 3.75 15.75 3.75 6.25 9.5 6.233 9.5 4.767 2.267 4.767 2.267 11 \"\/><\/svg>  La Transmisi\u00f3n del Partido Eintracht Frankfurt vs. Bayer Leverkusen.<\/p>\n<\/div>\n<footer class=\"s1jc41xr\">\n<div class=\"feedback\">\n<div class=\"sp605kw center\">\n<div role=\"button\" tabindex=\"0\" id=\"feedback-button\" data-focusdelay=\"600\" class=\"hh5424a s1uzn49a s1y9040i m7i2pic e3w9kkf t1ax1i04 sx4rgdt ih9bob8 seipclg wgx1hx2 b1ho1h07\">Consultas y observaciones<svg xmlns=\"http:\/\/www.w3.org\/2000\/svg\" viewbox=\"0 0 20 20\" class=\"sv13z7j\"><g fill-rule=\"evenodd\"><path d=\"M4.25 5.25v12.5h14.5V5.25zm1.5 1.5h11.5v9.5H5.75z\"\/><path d=\"M1.25 2.25V13.5h1.5V3.75H15.5v-1.5z\"\/><\/g><\/svg><\/div>\n<\/div>\n<\/div>\n<\/footer>\n<\/div>\n\n","protected":false},"excerpt":{"rendered":"<p>01\/03\/20251 de Marzo de 2025 Siga en Direto el Partido Estelar de la Jornada 24 de Bundesliga Entre El Eintracht Frankfurt y El Bayer Leverkusen. Con la narraci\u00f3na de enrique l\u00f3pez y el an\u00e1lisis de Erick Elola. https:\/\/p.dw.com\/p\/4rf31 Hugo Ekitik\u00e9 del Eintracht Frankfurt y Florian Wirtz del Bayer Leverkusen.Imagen: DW Escuche en directo La Transmisi\u00f3n &hellip;<\/p>\n","protected":false},"author":1,"featured_media":16800,"comment_status":"open","ping_status":"open","sticky":false,"template":"","format":"standard","meta":{"fifu_image_url":"https:\/\/static.dw.com\/image\/71758285_6.jpg","fifu_image_alt":"","footnotes":""},"categories":[13],"tags":[],"class_list":["post-16799","post","type-post","status-publish","format-standard","has-post-thumbnail","","category-mundo"],"_links":{"self":[{"href":"https:\/\/noticiasveraces.com\/index.php?rest_route=\/wp\/v2\/posts\/16799","targetHints":{"allow":["GET"]}}],"collection":[{"href":"https:\/\/noticiasveraces.com\/index.php?rest_route=\/wp\/v2\/posts"}],"about":[{"href":"https:\/\/noticiasveraces.com\/index.php?rest_route=\/wp\/v2\/types\/post"}],"author":[{"embeddable":true,"href":"https:\/\/noticiasveraces.com\/index.php?rest_route=\/wp\/v2\/users\/1"}],"replies":[{"embeddable":true,"href":"https:\/\/noticiasveraces.com\/index.php?rest_route=%2Fwp%2Fv2%2Fcomments&post=16799"}],"version-history":[{"count":0,"href":"https:\/\/noticiasveraces.com\/index.php?rest_route=\/wp\/v2\/posts\/16799\/revisions"}],"wp:featuredmedia":[{"embeddable":true,"href":"https:\/\/noticiasveraces.com\/index.php?rest_route=\/wp\/v2\/media\/16800"}],"wp:attachment":[{"href":"https:\/\/noticiasveraces.com\/index.php?rest_route=%2Fwp%2Fv2%2Fmedia&parent=16799"}],"wp:term":[{"taxonomy":"category","embeddable":true,"href":"https:\/\/noticiasveraces.com\/index.php?rest_route=%2Fwp%2Fv2%2Fcategories&post=16799"},{"taxonomy":"post_tag","embeddable":true,"href":"https:\/\/noticiasveraces.com\/index.php?rest_route=%2Fwp%2Fv2%2Ftags&post=16799"}],"curies":[{"name":"wp","href":"https:\/\/api.w.org\/{rel}","templated":true}]}}