{"id":16796,"date":"2025-03-01T14:34:50","date_gmt":"2025-03-01T18:34:50","guid":{"rendered":"https:\/\/noticiasveraces.com\/?p=16796"},"modified":"2025-03-01T14:34:50","modified_gmt":"2025-03-01T18:34:50","slug":"el-vaticano-ofrece-una-actualizacion-de-salud-cuando-pope-ingresa-a-la-tercera-semana-en-el-hospital","status":"publish","type":"post","link":"https:\/\/noticiasveraces.com\/?p=16796","title":{"rendered":"El Vaticano ofrece una actualizaci\u00f3n de salud cuando Pope ingresa a la tercera semana en el hospital"},"content":{"rendered":"<p> \n<br \/><img decoding=\"async\" src=\"https:\/\/a57.foxnews.com\/static.foxnews.com\/foxnews.com\/content\/uploads\/2025\/02\/1200\/675\/untitled-design-30.png?ve=1&amp;tl=1\" \/><\/p>\n<p>La condici\u00f3n del Papa Francisco sigue siendo estable, y \u00e9l est\u00e1 alternando entre la ventilaci\u00f3n mec\u00e1nica y la ox\u00edgeno de alto flujo, dijo el Vaticano el s\u00e1bado. El pont\u00edfice de 88 a\u00f1os aparentemente no tiene fiebre y no ha experimentado otro broncoespasmo.<\/p>\n<p>Esta es la tercera semana del Papa en el Hospital Gemelli de Roma.<\/p>\n<p><i>Esta es una historia en desarrollo, por favor consulte las actualizaciones.<\/i><\/p>\n\n","protected":false},"excerpt":{"rendered":"<p>La condici\u00f3n del Papa Francisco sigue siendo estable, y \u00e9l est\u00e1 alternando entre la ventilaci\u00f3n mec\u00e1nica y la ox\u00edgeno de alto flujo, dijo el Vaticano el s\u00e1bado. El pont\u00edfice de 88 a\u00f1os aparentemente no tiene fiebre y no ha experimentado otro broncoespasmo. Esta es la tercera semana del Papa en el Hospital Gemelli de Roma. &hellip;<\/p>\n","protected":false},"author":1,"featured_media":16798,"comment_status":"open","ping_status":"open","sticky":false,"template":"","format":"standard","meta":{"fifu_image_url":"https:\/\/a57.foxnews.com\/static.foxnews.com\/foxnews.com\/content\/uploads\/2025\/02\/1200\/675\/untitled-design-30.png?ve=1&tl=1","fifu_image_alt":"","footnotes":""},"categories":[13],"tags":[],"class_list":["post-16796","post","type-post","status-publish","format-standard","has-post-thumbnail","","category-mundo"],"_links":{"self":[{"href":"https:\/\/noticiasveraces.com\/index.php?rest_route=\/wp\/v2\/posts\/16796","targetHints":{"allow":["GET"]}}],"collection":[{"href":"https:\/\/noticiasveraces.com\/index.php?rest_route=\/wp\/v2\/posts"}],"about":[{"href":"https:\/\/noticiasveraces.com\/index.php?rest_route=\/wp\/v2\/types\/post"}],"author":[{"embeddable":true,"href":"https:\/\/noticiasveraces.com\/index.php?rest_route=\/wp\/v2\/users\/1"}],"replies":[{"embeddable":true,"href":"https:\/\/noticiasveraces.com\/index.php?rest_route=%2Fwp%2Fv2%2Fcomments&post=16796"}],"version-history":[{"count":0,"href":"https:\/\/noticiasveraces.com\/index.php?rest_route=\/wp\/v2\/posts\/16796\/revisions"}],"wp:featuredmedia":[{"embeddable":true,"href":"https:\/\/noticiasveraces.com\/index.php?rest_route=\/wp\/v2\/media\/16798"}],"wp:attachment":[{"href":"https:\/\/noticiasveraces.com\/index.php?rest_route=%2Fwp%2Fv2%2Fmedia&parent=16796"}],"wp:term":[{"taxonomy":"category","embeddable":true,"href":"https:\/\/noticiasveraces.com\/index.php?rest_route=%2Fwp%2Fv2%2Fcategories&post=16796"},{"taxonomy":"post_tag","embeddable":true,"href":"https:\/\/noticiasveraces.com\/index.php?rest_route=%2Fwp%2Fv2%2Ftags&post=16796"}],"curies":[{"name":"wp","href":"https:\/\/api.w.org\/{rel}","templated":true}]}}